{"id":34701,"date":"2025-02-03T14:55:00","date_gmt":"2025-02-03T13:55:00","guid":{"rendered":"https:\/\/ramonramon.org\/blog\/?p=34701"},"modified":"2025-02-02T12:26:11","modified_gmt":"2025-02-02T11:26:11","slug":"como-superar-una-crisis-de-reputacion-en-el-ambito-politico-5-consejos-practicos","status":"publish","type":"post","link":"https:\/\/ramonramon.org\/blog\/2025\/02\/03\/como-superar-una-crisis-de-reputacion-en-el-ambito-politico-5-consejos-practicos\/","title":{"rendered":"C\u00f3mo superar una crisis de reputaci\u00f3n en el \u00e1mbito pol\u00edtico: 5 Consejos pr\u00e1cticos"},"content":{"rendered":"\n<h2 class=\"wp-block-heading\">Estrategias para gestionar Crisis de Imagen <\/h2>\n\n\n<div class=\"wp-block-image\">\n<figure class=\"alignright size-full is-resized\"><img loading=\"lazy\" decoding=\"async\" width=\"1042\" height=\"669\" src=\"https:\/\/ramonramon.org\/blog\/wp-content\/uploads\/2025\/01\/Crisis-reputacion_1.jpg\" alt=\"5 claves para afrontar una crisis de reputaci\u00f3n\n\" class=\"wp-image-34709\" style=\"width:310px;height:auto\" srcset=\"https:\/\/ramonramon.org\/blog\/wp-content\/uploads\/2025\/01\/Crisis-reputacion_1.jpg 1042w, https:\/\/ramonramon.org\/blog\/wp-content\/uploads\/2025\/01\/Crisis-reputacion_1-220x141.jpg 220w\" sizes=\"auto, (max-width: 1042px) 100vw, 1042px\" \/><\/figure>\n<\/div>\n\n\n<p>La reputaci\u00f3n se ha convertido en uno de los activos m\u00e1s importantes en el escenario pol\u00edtico. Sobre todo, desde que otros \u00e1mbitos como los partidos e instituciones han perdido capacidad representativa. Por lo tanto, es com\u00fan que los ciudadanos busquen identificarse m\u00e1s con l\u00edderes que encarnen sus valores y aspiraciones, que con ideas abstractas como el Estado; o con grupos y\/o movimientos pol\u00edticos.<br>En un contexto altamente competitivo y medi\u00e1tico como el actual, <a href=\"https:\/\/ramonramon.org\/blog\/2024\/11\/15\/consultor-politico-la-clave-para-una-imagen-publica-ganadora\/\" title=\"la reputaci\u00f3n de la imagen p\u00fablica experimenta un alto y constante grado de vulnerabilidad ante la opini\u00f3n p\u00fablica\">la reputaci\u00f3n de la imagen p\u00fablica experimenta un alto y constante grado de vulnerabilidad ante la opini\u00f3n p\u00fablica<\/a>. Una interpretaci\u00f3n, una declaraci\u00f3n desafortunada o un esc\u00e1ndalo pueden desencadenar una crisis de reputaci\u00f3n que ponga fin a una carrera pol\u00edtica en cuesti\u00f3n de horas.<br>En este art\u00edculo, exploraremos los factores que desencadenan estas crisis y las estrategias m\u00e1s efectivas para gestionarlas.<\/p>\n\n\n\n<h3 class=\"wp-block-heading\"><br>C\u00f3mo identificar una crisis de reputaci\u00f3n<\/h3>\n\n\n\n<p><br>En un entorno plagado por canales de difusi\u00f3n e informaci\u00f3n de alto impacto, o de una cobertura medi\u00e1tica intensa, no siempre amistosa. <a href=\"https:\/\/ramonramon.org\/blog\/2024\/08\/22\/la-importancia-de-la-imagen-del-candidato-en-la-era-digital\/\" title=\"La imagen pol\u00edtica de cualquier figura \">La imagen pol\u00edtica de cualquier figura <\/a>p\u00fablica se enfrenta a una cantidad importante de desaf\u00edos.<br>Desde una mala interpretaci\u00f3n sobre el contenido de una publicaci\u00f3n en redes sociales. Pasando por una cobertura medi\u00e1tica negativa por parte de grandes medios no afines a su proyecto pol\u00edtico; o una pol\u00edtica p\u00fablica inc\u00f3moda para sectores de poder. Hasta esc\u00e1ndalos personales y controversias en torno a determinadas crisis o coyunturas.<br>En cualquiera de esos casos, <a href=\"https:\/\/ramonramon.org\/blog\/2024\/08\/22\/la-importancia-de-la-imagen-del-candidato-en-la-era-digital\/\" title=\"la imagen y marca personal de un pol\u00edtico(a)\">la imagen y marca personal de un pol\u00edtico(a)<\/a> se enfrenta a situaciones en las que su credibilidad, confianza y reputaci\u00f3n se ven socavados. Afectando gravemente su nivel de popularidad, y propiciando el aumento de una percepci\u00f3n negativa por parte de la ciudadan\u00eda.<\/p>\n\n\n\n<h3 class=\"wp-block-heading\"><br>\u00bfCu\u00e1ndo hablamos de una crisis de reputaci\u00f3n o imagen?<\/h3>\n\n\n\n<p><br>Una crisis de reputaci\u00f3n se hace evidente cuando aspectos como la aprobaci\u00f3n de la ciudadan\u00eda disminuye, y las cr\u00edticas negativas en medios de comunicaci\u00f3n y otros canales de difusi\u00f3n se expanden.<br>En estas circunstancias, y de no actuarse congruentemente para detener un proceso que perfectamente puede tener el efecto \u201cbola de nieve\u201d. Una figura pol\u00edtica podr\u00eda enfrentarse a costos tan altos para su carrera o campa\u00f1a, como la p\u00e9rdida de confianza y afinidad ciudadana, falta de influencia en su entorno pol\u00edtico, o p\u00e9simos resultados electorales.<br>Afortunadamente, una crisis de reputaci\u00f3n puede prevenirse y gestionarse antes de tener que enfrentar este tipo de consecuencias. Veamos qu\u00e9 estrategias o herramientas puede desarrollar un equipo de campa\u00f1a o asesor\u00eda pol\u00edtica, para evitar un nefasto desenlace.<\/p>\n\n\n\n<h2 class=\"wp-block-heading\">5 Estrategias para afrontar una crisis de reputaci\u00f3n pol\u00edtica<\/h2>\n\n\n\n<p><br>La gesti\u00f3n de una crisis de reputaci\u00f3n exige un <strong>enfoque estrat\u00e9gico y multidisciplinar<\/strong>. Esto implica coordinar y combinar cuidadosamente, la comunicaci\u00f3n proactiva, directa y transparente, con el an\u00e1lisis de la opini\u00f3n p\u00fablica. Y, por \u00faltimo, con un refuerzo activo de la imagen y marca personal.<br>Para ello, es preciso contar con un equipo de trabajo que pueda actuar en diferentes frentes de forma paralela y responder ante eventuales situaciones de forma coordinada y coherente. Igualmente, ser\u00e1 importante tener la capacidad de analizar el contexto, los rivales, y aprender de experiencias pasadas, tanto propias como ajenas.<br>Veamos qu\u00e9 hacer en cada uno de estos aspectos y c\u00f3mo evitar al m\u00e1ximo un impacto negativo de las crisis.<\/p>\n\n\n\n<figure class=\"wp-block-image size-large\"><img loading=\"lazy\" decoding=\"async\" width=\"1200\" height=\"675\" src=\"https:\/\/ramonramon.org\/blog\/wp-content\/uploads\/2025\/01\/Crisis-reputacion_2-1200x675.jpg\" alt=\"afrontar una crisis de reputaci\u00f3n\n\" class=\"wp-image-34708\" srcset=\"https:\/\/ramonramon.org\/blog\/wp-content\/uploads\/2025\/01\/Crisis-reputacion_2-1200x675.jpg 1200w, https:\/\/ramonramon.org\/blog\/wp-content\/uploads\/2025\/01\/Crisis-reputacion_2-850x478.jpg 850w\" sizes=\"auto, (max-width: 1200px) 100vw, 1200px\" \/><\/figure>\n\n\n\n<h3 class=\"wp-block-heading\"><br>1. Comunicaci\u00f3n activa y transparente<\/h3>\n\n\n\n<p>En la sociedad digital y de la informaci\u00f3n, una crisis de reputaci\u00f3n es, fundamentalmente, una crisis medi\u00e1tica. Por lo tanto, uno de los grandes focos de su gesti\u00f3n debe centrarse en los mensajes y la comunicaci\u00f3n eficaz con la ciudadan\u00eda.<br>Al respecto, es vital que, ante las cr\u00edticas, esc\u00e1ndalos, se\u00f1alamientos u otros ataques medi\u00e1ticos, la comunicaci\u00f3n e interacci\u00f3n con la audiencia y los medios se mantenga activa. Procurando demostrar apertura al debate p\u00fablico desde la honestidad, transparencia y coherencia.<br>Asumir esta postura, ayudar\u00e1 a reforzar una imagen de confianza y profesionalismo. En paralelo, es fundamental que los mensajes, o lo que se dice, sea congruente con la imagen construida del candidato o personaje p\u00fablico. Es decir, los mensajes y el estilo en que se aborde en el debate, deben reflejar de forma aut\u00e9ntica los valores y creencias del individuo. La coherencia, siempre, debe ser lo primero.<br>Por \u00faltimo, para que los esfuerzos sean efectivos, m\u00e1s all\u00e1 de lo que se dice, se deber\u00e1 cuidar el c\u00f3mo se dice. Esto es, la comunicaci\u00f3n no verbal, el tono y los s\u00edmbolos o im\u00e1genes empleadas para dinamizar los mensajes<\/p>\n\n\n\n<figure class=\"wp-block-image size-large\"><img loading=\"lazy\" decoding=\"async\" width=\"1200\" height=\"675\" src=\"https:\/\/ramonramon.org\/blog\/wp-content\/uploads\/2025\/01\/Crisis-reputacion_3-1200x675.jpg\" alt=\"afrontar una crisis de reputaci\u00f3n\n\" class=\"wp-image-34707\" srcset=\"https:\/\/ramonramon.org\/blog\/wp-content\/uploads\/2025\/01\/Crisis-reputacion_3-1200x675.jpg 1200w, https:\/\/ramonramon.org\/blog\/wp-content\/uploads\/2025\/01\/Crisis-reputacion_3-850x478.jpg 850w\" sizes=\"auto, (max-width: 1200px) 100vw, 1200px\" \/><\/figure>\n\n\n\n<h3 class=\"wp-block-heading\">2. Respuesta eficaz a las cr\u00edticas<\/h3>\n\n\n\n<div class=\"wp-block-group is-nowrap is-layout-flex wp-container-core-group-is-layout-ad2f72ca wp-block-group-is-layout-flex\">\n<h3 class=\"wp-block-heading\"><br><\/h3>\n\n\n\n<p><br><\/p>\n\n\n\n<p>Como figura p\u00fablica, un pol\u00edtico(a), dif\u00edcilmente podr\u00e1 ser inmune a las cr\u00edticas. Mucho menos en contextos de tensi\u00f3n, crisis generalizadas o esc\u00e1ndalos. Por lo tanto, la forma en c\u00f3mo se responde a los ataques, definitivamente marcar\u00e1 la diferencia.<br>Desde una perspectiva democr\u00e1tica, la manera m\u00e1s profesional de moderar el peso de los ataques es respondiendo a ellos de forma tranquila y elocuente. Partiendo de su reconocimiento y del valor del interlocutor(es); pero, sin justificarlos o enmarcarse en ellos. Esto impulsar\u00e1 la percepci\u00f3n de que el pol\u00edtico(a) est\u00e1 por encima de las cr\u00edticas y no al contrario.<br>Luego de asumir un rol interactivo y abierto, hay que enfocarse en explotar los puntos que le sean favorables dentro del debate. Y rebatir aquellos contrarios, mediante datos, informaci\u00f3n de respaldo, o una lectura asertiva del contexto y emociones pol\u00edticas.<\/p>\n<\/div>\n\n\n\n<p><\/p>\n\n\n\n<figure class=\"wp-block-image size-large\"><img loading=\"lazy\" decoding=\"async\" width=\"1200\" height=\"675\" src=\"https:\/\/ramonramon.org\/blog\/wp-content\/uploads\/2025\/01\/Crisis-reputacion_4-1200x675.jpg\" alt=\"afrontar una crisis de reputaci\u00f3n\n\" class=\"wp-image-34706\" srcset=\"https:\/\/ramonramon.org\/blog\/wp-content\/uploads\/2025\/01\/Crisis-reputacion_4-1200x675.jpg 1200w, https:\/\/ramonramon.org\/blog\/wp-content\/uploads\/2025\/01\/Crisis-reputacion_4-850x478.jpg 850w\" sizes=\"auto, (max-width: 1200px) 100vw, 1200px\" \/><\/figure>\n\n\n\n<h3 class=\"wp-block-heading\"><br>3. Aprovechamiento de los canales de comunicaci\u00f3n<\/h3>\n\n\n\n<p><br>Los medios de comunicaci\u00f3n y plataformas digitales son fundamentales dentro de una crisis de reputaci\u00f3n. Al ser estos los principales canales donde se inicia y expande la crisis, la estrategia de gesti\u00f3n para enfrentarla, tambi\u00e9n debe enfocarse en ellos.<br>Ya sea para difundir las estrategias comunicativas que apunten a revertir el problema y reconectar con la ciudadan\u00eda. O bien, para captar la atenci\u00f3n de otras audiencias afines o desinformadas. Estos canales son centrales en el manejo de la crisis.<br>Por ejemplo, en una crisis, las redes sociales se convierten en un arma de doble sentido. Ya que, si bien pueden contribuir a agudizarla, tambi\u00e9n son una excelente herramienta para ayudar a revertirla. La raz\u00f3n es la agilidad en la comunicaci\u00f3n, y la posibilidad para difundir mensajes directos y segmentados que conecten de forma m\u00e1s efectiva con diferentes capas de la ciudadan\u00eda.<br>Por otra parte, los medios de comunicaci\u00f3n, por lo general, encargados de posicionar la agenda medi\u00e1tica y de influir directamente en la opini\u00f3n p\u00fablica, son igualmente decisivos. En efecto, es fundamental, incluso a modo preventivo, sostener una relaci\u00f3n cordial y activa con ellos. Priorizando, preferiblemente, el contacto con l\u00edderes de opini\u00f3n y otras figuras que tengan poder de resonancia en las audiencias.<\/p>\n\n\n\n<figure class=\"wp-block-image size-large\"><img loading=\"lazy\" decoding=\"async\" width=\"1200\" height=\"675\" src=\"https:\/\/ramonramon.org\/blog\/wp-content\/uploads\/2025\/01\/Crisis-reputacion_5-1200x675.jpg\" alt=\"afrontar una crisis de reputaci\u00f3n\n\" class=\"wp-image-34705\" srcset=\"https:\/\/ramonramon.org\/blog\/wp-content\/uploads\/2025\/01\/Crisis-reputacion_5-1200x675.jpg 1200w, https:\/\/ramonramon.org\/blog\/wp-content\/uploads\/2025\/01\/Crisis-reputacion_5-850x478.jpg 850w\" sizes=\"auto, (max-width: 1200px) 100vw, 1200px\" \/><\/figure>\n\n\n\n<h3 class=\"wp-block-heading\"><br>4. Monitoreo continuo de la opini\u00f3n p\u00fablica<\/h3>\n\n\n\n<p><br>La opini\u00f3n p\u00fablica juega un papel central en la formaci\u00f3n de la percepci\u00f3n sobre una figura p\u00fablica. En consecuencia, es b\u00e1sicamente el term\u00f3metro que define la profundidad de la crisis, y quien otorga o deniega su confianza en un contexto de controversia determinado.<br>Es por esto que, incluso antes de que surja una posible crisis de imagen, la opini\u00f3n p\u00fablica debe ser objeto de seguimiento y an\u00e1lisis constante. Dicho an\u00e1lisis debe enfocarse en los principales debates de cada momento, la percepci\u00f3n sobre hechos y problemas, la imagen de otros contrincantes. E incluso, el espectro de emociones y tendencias predominantes.<br>Considerar todos estos elementos en conjunto, y ajustar la estrategia comunicativa al dinamismo de este actor, puede contribuir a prevenir crisis de reputaci\u00f3n. As\u00ed como a manejar de una forma m\u00e1s efectiva y exitosa una crisis ya desatada.<br>Para ello, suelen emplearse herramientas como software de seguimiento de medios, donde se revisa, en tiempo real, la informaci\u00f3n proveniente de diferentes medios de comunicaci\u00f3n. Partiendo de esto, se analizan sentimientos y percepciones preponderantes, as\u00ed como temas clave o c\u00f3mo es el desempe\u00f1o de rivales.<\/p>\n\n\n\n<figure class=\"wp-block-image size-large\"><img loading=\"lazy\" decoding=\"async\" width=\"1200\" height=\"675\" src=\"https:\/\/ramonramon.org\/blog\/wp-content\/uploads\/2025\/01\/Crisis-reputacion_6-1200x675.jpg\" alt=\"afrontar una crisis de reputaci\u00f3n\n\" class=\"wp-image-34704\" srcset=\"https:\/\/ramonramon.org\/blog\/wp-content\/uploads\/2025\/01\/Crisis-reputacion_6-1200x675.jpg 1200w, https:\/\/ramonramon.org\/blog\/wp-content\/uploads\/2025\/01\/Crisis-reputacion_6-850x478.jpg 850w\" sizes=\"auto, (max-width: 1200px) 100vw, 1200px\" \/><\/figure>\n\n\n\n<h3 class=\"wp-block-heading\"><br>5. Imagen y marca personal<\/h3>\n\n\n\n<p><br>En el \u00e1mbito p\u00fablico, estos son dos aspectos que jam\u00e1s deben descuidarse o dejar de nutrirse. Bien sea a lo largo de una campa\u00f1a pol\u00edtica, posterior a ella, o incluso cuando el pol\u00edtico(a) ha sido elegido, el refuerzo de la imagen p\u00fablica es primordial.<br>Esto pasa, primero, por mantener una comunicaci\u00f3n activa con el electorado o la ciudadan\u00eda en general, desde un enfoque en el que prevalezca la confianza, cercan\u00eda y empat\u00eda. Y segundo, por una gesti\u00f3n de la reputaci\u00f3n activa, que responda de forma r\u00e1pida y estrat\u00e9gica a factores como: una cobertura medi\u00e1tica adversa, un clima pol\u00edtico tenso o rivales en constante ataque.<br>Pese a los obst\u00e1culos, las figuras pol\u00edticas pueden trabajar en una imagen s\u00f3lida, manteniendo una comunicaci\u00f3n proactiva, pero tambi\u00e9n, tomando el control de su propia narrativa y mensaje. Y, en definitiva, manteniendo una postura abierta, transparente y receptiva de las necesidades e inquietudes ciudadanas.<br><\/p>\n\n\n\n<p><br>En definitiva, la era digital ha impuesto una din\u00e1mica en la que la gesti\u00f3n de la reputaci\u00f3n se ha convertido en un desaf\u00edo constante para los pol\u00edticos y sus equipos. Sin lugar a dudas, las crisis pueden surgir de manera inesperada y amplificarse r\u00e1pidamente en las redes sociales y otros medios.<br>Por lo tanto, para navegar en este entorno complejo, los pol\u00edticos deben priorizar un enfoque estrat\u00e9gico, y estar preparados para adaptarse a las nuevas tecnolog\u00edas y tendencias cambiantes. La capacidad de construir y proteger una marca personal s\u00f3lida, ser\u00e1 un factor determinante para el \u00e9xito en la pol\u00edtica. M\u00e1s que nunca, este proceso debe estar basado en una comunicaci\u00f3n e imagen coherente, transparente y proactiva.<\/p>\n","protected":false},"excerpt":{"rendered":"<p>En pol\u00edtica, la reputaci\u00f3n es clave y puede verse amenazada por crisis inesperadas. Una mala declaraci\u00f3n o un esc\u00e1ndalo pueden da\u00f1ar la imagen p\u00fablica en horas. Este art\u00edculo analiza c\u00f3mo identificar y gestionar crisis de reputaci\u00f3n mediante comunicaci\u00f3n transparente, monitoreo de la opini\u00f3n p\u00fablica y estrategias para fortalecer la marca personal y recuperar la confianza ciudadana.<\/p>\n","protected":false},"author":2070,"featured_media":34709,"comment_status":"open","ping_status":"open","sticky":false,"template":"","format":"standard","meta":{"neve_meta_sidebar":"","neve_meta_container":"","neve_meta_enable_content_width":"","neve_meta_content_width":0,"neve_meta_title_alignment":"","neve_meta_author_avatar":"","neve_post_elements_order":"","neve_meta_disable_header":"","neve_meta_disable_footer":"","neve_meta_disable_title":"","footnotes":""},"categories":[2008],"tags":[4826,4828,3978,4425,3036,4143,2001],"class_list":["post-34701","post","type-post","status-publish","format-standard","has-post-thumbnail","hentry","category-comunicacion","tag-crisis-de-reputacion-es","tag-estrategia-mediatica-es","tag-gestion-de-crisis","tag-imagen-politica","tag-marca-personal","tag-opinion-publica","tag-redes-sociales"],"aioseo_notices":[],"_links":{"self":[{"href":"https:\/\/ramonramon.org\/blog\/wp-json\/wp\/v2\/posts\/34701","targetHints":{"allow":["GET"]}}],"collection":[{"href":"https:\/\/ramonramon.org\/blog\/wp-json\/wp\/v2\/posts"}],"about":[{"href":"https:\/\/ramonramon.org\/blog\/wp-json\/wp\/v2\/types\/post"}],"author":[{"embeddable":true,"href":"https:\/\/ramonramon.org\/blog\/wp-json\/wp\/v2\/users\/2070"}],"replies":[{"embeddable":true,"href":"https:\/\/ramonramon.org\/blog\/wp-json\/wp\/v2\/comments?post=34701"}],"version-history":[{"count":0,"href":"https:\/\/ramonramon.org\/blog\/wp-json\/wp\/v2\/posts\/34701\/revisions"}],"wp:featuredmedia":[{"embeddable":true,"href":"https:\/\/ramonramon.org\/blog\/wp-json\/wp\/v2\/media\/34709"}],"wp:attachment":[{"href":"https:\/\/ramonramon.org\/blog\/wp-json\/wp\/v2\/media?parent=34701"}],"wp:term":[{"taxonomy":"category","embeddable":true,"href":"https:\/\/ramonramon.org\/blog\/wp-json\/wp\/v2\/categories?post=34701"},{"taxonomy":"post_tag","embeddable":true,"href":"https:\/\/ramonramon.org\/blog\/wp-json\/wp\/v2\/tags?post=34701"}],"curies":[{"name":"wp","href":"https:\/\/api.w.org\/{rel}","templated":true}]}}