{"id":343,"date":"2007-07-19T12:16:00","date_gmt":"2007-07-19T10:16:00","guid":{"rendered":"https:\/\/www.ramonramon.org\/blog\/2007\/07\/19\/e-veranoorg-compartir-y-convivir\/"},"modified":"2020-03-22T13:28:37","modified_gmt":"2020-03-22T12:28:37","slug":"e-veranoorg-compartir-y-convivir","status":"publish","type":"post","link":"https:\/\/ramonramon.org\/blog\/2007\/07\/19\/e-veranoorg-compartir-y-convivir\/","title":{"rendered":"e-verano.org: compartir y convivir"},"content":{"rendered":"<p>Si desde el principio tuvimos algo claro en la organizaci\u00f3n del e-verano.org, eso es ser un <span style=\"font-weight: bold;\">punto de encuentro<\/span>.  Tras cuatro d\u00edas de e-verano, tener la suerte de compartir mesa, caf\u00e9, tertulia, charla o simplemente paseo, es algo que no se puede describir con palabras, sino vivi\u00e9ndolo.  Este ideal de e-verano, es algo que desde el primer d\u00eda muchos amigos que participan de una manera decidida en e-verano asumen y potencian, pero si hay un exponente claro de ese concepto, esa persona es Juantom\u00e1s Garc\u00eda, que una vez m\u00e1s y en otro nuevo post, describe lo que es este esp\u00edritu.<br \/>Hoy he tenido tambi\u00e9n la suerte de acompa\u00f1ar a <a href=\"http:\/\/rinconmarginado.blogspot.com\/2007\/07\/ponente-internacional-de-lujo-para-e.html\">Pascal Chevrel<\/a> a una peque\u00f1a visita al Rector de la UPO, y es increible ver como las personas, cara a cara, pueden hablar de tantos temas que nos afectan a todos y todas las ideas y proyectos que pueden surgir, aunque s\u00f3lo sean 15 intensos minutos.<\/p>\n","protected":false},"excerpt":{"rendered":"<p>Si desde el principio tuvimos algo claro en la organizaci\u00f3n del e-verano.org, eso es ser un punto de encuentro. Tras cuatro d\u00edas de e-verano, tener la suerte de compartir mesa, caf\u00e9, tertulia, charla o simplemente paseo, es algo que no se puede describir con palabras, sino vivi\u00e9ndolo. Este ideal de e-verano, es algo que desde&hellip;&nbsp;<a href=\"https:\/\/ramonramon.org\/blog\/2007\/07\/19\/e-veranoorg-compartir-y-convivir\/\" rel=\"bookmark\">Leer m\u00e1s &raquo;<span class=\"screen-reader-text\">e-verano.org: compartir y convivir<\/span><\/a><\/p>\n","protected":false},"author":2070,"featured_media":0,"comment_status":"open","ping_status":"open","sticky":false,"template":"","format":"standard","meta":{"neve_meta_sidebar":"","neve_meta_container":"","neve_meta_enable_content_width":"","neve_meta_content_width":0,"neve_meta_title_alignment":"","neve_meta_author_avatar":"","neve_post_elements_order":"","neve_meta_disable_header":"","neve_meta_disable_footer":"","neve_meta_disable_title":"","footnotes":""},"categories":[23],"tags":[],"class_list":["post-343","post","type-post","status-publish","format-standard","hentry","category-personal"],"aioseo_notices":[],"_links":{"self":[{"href":"https:\/\/ramonramon.org\/blog\/wp-json\/wp\/v2\/posts\/343","targetHints":{"allow":["GET"]}}],"collection":[{"href":"https:\/\/ramonramon.org\/blog\/wp-json\/wp\/v2\/posts"}],"about":[{"href":"https:\/\/ramonramon.org\/blog\/wp-json\/wp\/v2\/types\/post"}],"author":[{"embeddable":true,"href":"https:\/\/ramonramon.org\/blog\/wp-json\/wp\/v2\/users\/2070"}],"replies":[{"embeddable":true,"href":"https:\/\/ramonramon.org\/blog\/wp-json\/wp\/v2\/comments?post=343"}],"version-history":[{"count":0,"href":"https:\/\/ramonramon.org\/blog\/wp-json\/wp\/v2\/posts\/343\/revisions"}],"wp:attachment":[{"href":"https:\/\/ramonramon.org\/blog\/wp-json\/wp\/v2\/media?parent=343"}],"wp:term":[{"taxonomy":"category","embeddable":true,"href":"https:\/\/ramonramon.org\/blog\/wp-json\/wp\/v2\/categories?post=343"},{"taxonomy":"post_tag","embeddable":true,"href":"https:\/\/ramonramon.org\/blog\/wp-json\/wp\/v2\/tags?post=343"}],"curies":[{"name":"wp","href":"https:\/\/api.w.org\/{rel}","templated":true}]}}