{"id":3322,"date":"2009-12-21T08:20:24","date_gmt":"2009-12-21T07:20:24","guid":{"rendered":"https:\/\/www.ramonramon.org\/blog\/?p=3322"},"modified":"2015-06-10T20:17:49","modified_gmt":"2015-06-10T18:17:49","slug":"mi-voto-de-confianza-a-cenatic","status":"publish","type":"post","link":"https:\/\/ramonramon.org\/blog\/2009\/12\/21\/mi-voto-de-confianza-a-cenatic\/","title":{"rendered":"Mi voto de confianza a CENATIC"},"content":{"rendered":"<p>Cuando se cre\u00f3 CENATIC, en noviembre de 2006, fueron muchas las esperanzas e ilusiones que se depositaron en esa reci\u00e9n creada instituci\u00f3n.  Iba a ser una Fundaci\u00f3n que luchara por los intereses del Software Libre, iba a representar los intereses de la Comunidad, a divulgar todas la bondades del software libre, a asesorar para que las administraciones p\u00fablicas de una vez por todas lucharan por el bien com\u00fan, por el bien de la ciudadan\u00eda, por evitar el derroche del dinero p\u00fablico, capacitaci\u00f3n en software libre&#8230; y la enorme cantidad de objetivos y fines que se recogen en su web.<br \/>\nA\u00f1o tras a\u00f1o, y ya van para tres, fueron perdiendo el respaldo de la Comunidad, de la patronal del software libre, de los usuarios, de los colectivos, &#8230; en fin de todos y todas, mientras que se segu\u00edan sumando administraciones regionales y la cosa iba a mayor.  En ocasiones ya no s\u00f3lo nos sent\u00edamos abandonados sino encontrados y poco a poco CENATIC se distanci\u00f3 de cualquier entidad, colectivo o defensor del software libre.<br \/>\nEn dos ocasiones tuve la oportunidad de reunirme con la anterior direcci\u00f3n y en las dos, siendo muy cr\u00edtico y estando muy descontento apost\u00e9 por darles mi voto de confianza, que no sirvi\u00f3 para mucho.  CENATIC se hab\u00eda convertido en una gran instituci\u00f3n, con un importante edificio, con algunos concursos adjudicados a grandes consultoras, y en la que iba a ser nuestra gran esperanza, pero al final era nuestro sue\u00f1o roto.<br \/>\nHace unos meses se cambi\u00f3 la direcci\u00f3n del Centro y parece que la cosa poco a poco a comenzado a cambiar.  El aire que se respira dentro no es el mismo que el que se respiraba hace pocos meses. Gracias al incansable <a href=\"http:\/\/sebasmuriel.es\/\">Sebas Muriel<\/a> -que nos convoc\u00f3 y propici\u00f3 el encuentro en la sede- de <a href=\"http:\/\/red.es\">Red.es<\/a>,\u00a0 su director de lo primero que hizo fue reunirse con diferentes personas de la Comunidad y de las empresas y manifestarnos su predisposici\u00f3n, adem\u00e1s de su escucha activa, los trabajadores son ahora mucho m\u00e1s cercanos, <a href=\"https:\/\/www.ramonramon.org\/blog\/2009\/10\/08\/software-libre-estandares-abiertos-y-licencias-en-la-uned\/\">participan en m\u00e1s eventos y conferencias<\/a>, se escuchan nuevas ideas, nuevos proyectos, &#8230;. vamos un soplo de aire fresco por el que creo debemos de nuevo apostar.<\/p>\n<p>Es evidente que a\u00fan queda mucho por hacer,<a href=\"https:\/\/www.ramonramon.org\/blog\/2009\/11\/20\/software-libre-sin-mas-nomenclaturas-ni-nombres-extranos\/\"> lo primero<\/a> es, como casi todo el mundo reivindica, el cambiarles de una vez por todas el nombre de <a href=\"https:\/\/www.ramonramon.org\/blog\/2009\/11\/17\/software-libre-vs-fuentes-abiertas\/\">Fuentas Abiertas por el verdadero de Software Libre<\/a>, y as\u00ed se lo manifest\u00e9 a la direcci\u00f3n en la primera reuni\u00f3n que tuvimos.\u00a0 Lo segundo es un <a href=\"https:\/\/www.ramonramon.org\/blog\/2008\/11\/09\/satisfaccion-de-iniciativa-focus-y-cenatic-por-la-accion-conjunta-realizada-en-alicante\/\">mayor acercamiento a la Comunidad<\/a>, a las<a href=\"https:\/\/www.ramonramon.org\/blog\/2008\/10\/07\/2%C2%AA-emplealibre-la-feria-del-empleo-y-del-software-libre\/\"> empresas del software libre<\/a>, a los usuarios, a los colectivos, a los profesores,&#8230;y como no,<a href=\"http:\/\/www.adelat.org\/index.php?title=microsoft-se-equivoca&amp;more=1&amp;c=1&amp;tb=1&amp;pb=1#c5125\"> <\/a>predicar con el ejemplo.\u00a0 Por eso&#8230;\u00a0 aunque siguen teniendo muchos <a href=\"http:\/\/www.adelat.org\/index.php?title=microsoft-se-equivoca&amp;more=1&amp;c=1&amp;tb=1&amp;pb=1#c5125\">detractores<\/a>, y ayer mismo uno de los grandes de la educaci\u00f3n y el software libre la materialiaba en forma de post:<a href=\"http:\/\/www.adelat.org\/index.php?title=microsoft-se-equivoca&amp;more=1&amp;c=1&amp;tb=1&amp;pb=1\">Microsoft se equivoca con la educaci\u00f3n<\/a> mi voto no puede ser otro que el de confianza, apoyo y m\u00e1s sincera cr\u00edtica construtiva que no destructiva para este nuevo proyecto en su tercer aniversario.<\/p>\n<p>En ese sentido, como habr\u00e9is visto en mi blog, <a href=\"https:\/\/www.ramonramon.org\/blog\/2009\/12\/13\/educacion-software-libre-vs-software-esclavo\/\">me alegra enormemente que CENATIC<\/a> salga por fin en los medios por defender el software libre, en esta ocasi\u00f3n con un dec\u00e1logo de defensa del software libre y con la valent\u00eda de hacerlo frente a la todopoderosa M$, algo impensable hace unos meses, y <a href=\"http:\/\/www.adelat.org\/index.php?title=microsoft-se-equivoca&amp;more=1&amp;c=1&amp;tb=1&amp;pb=1#c5121\">as\u00ed lo he materializado en el blog del amigo An\u00edbal<\/a>.\u00a0 Y por eso, estoy muy esperanzado con este nuevo CENATIC, que por supuesto no es el que yo quiero, al que yo aspiro, pero&#8230; si que comienza -t\u00edmidamente eso si- a ganarse nuestra confianza, mi apoyo m\u00e1s sincero y, \u00bfpor qu\u00e9 no?, mi cari\u00f1o.<\/p>\n","protected":false},"excerpt":{"rendered":"<p>Cuando se cre\u00f3 CENATIC, en noviembre de 2006, fueron muchas las esperanzas e ilusiones que se depositaron en esa reci\u00e9n creada instituci\u00f3n. Iba a ser una Fundaci\u00f3n que luchara por los intereses del Software Libre, iba a representar los intereses de la Comunidad, a divulgar todas la bondades del software libre, a asesorar para que&hellip;&nbsp;<a href=\"https:\/\/ramonramon.org\/blog\/2009\/12\/21\/mi-voto-de-confianza-a-cenatic\/\" rel=\"bookmark\">Leer m\u00e1s &raquo;<span class=\"screen-reader-text\">Mi voto de confianza a CENATIC<\/span><\/a><\/p>\n","protected":false},"author":2070,"featured_media":0,"comment_status":"open","ping_status":"open","sticky":false,"template":"","format":"standard","meta":{"neve_meta_sidebar":"","neve_meta_container":"","neve_meta_enable_content_width":"","neve_meta_content_width":0,"neve_meta_title_alignment":"","neve_meta_author_avatar":"","neve_post_elements_order":"","neve_meta_disable_header":"","neve_meta_disable_footer":"","neve_meta_disable_title":"","footnotes":""},"categories":[3,27],"tags":[171,2003],"class_list":["post-3322","post","type-post","status-publish","format-standard","hentry","category-administraciones-publicas","category-software-libre","tag-cenatic","tag-software-libre"],"aioseo_notices":[],"_links":{"self":[{"href":"https:\/\/ramonramon.org\/blog\/wp-json\/wp\/v2\/posts\/3322","targetHints":{"allow":["GET"]}}],"collection":[{"href":"https:\/\/ramonramon.org\/blog\/wp-json\/wp\/v2\/posts"}],"about":[{"href":"https:\/\/ramonramon.org\/blog\/wp-json\/wp\/v2\/types\/post"}],"author":[{"embeddable":true,"href":"https:\/\/ramonramon.org\/blog\/wp-json\/wp\/v2\/users\/2070"}],"replies":[{"embeddable":true,"href":"https:\/\/ramonramon.org\/blog\/wp-json\/wp\/v2\/comments?post=3322"}],"version-history":[{"count":0,"href":"https:\/\/ramonramon.org\/blog\/wp-json\/wp\/v2\/posts\/3322\/revisions"}],"wp:attachment":[{"href":"https:\/\/ramonramon.org\/blog\/wp-json\/wp\/v2\/media?parent=3322"}],"wp:term":[{"taxonomy":"category","embeddable":true,"href":"https:\/\/ramonramon.org\/blog\/wp-json\/wp\/v2\/categories?post=3322"},{"taxonomy":"post_tag","embeddable":true,"href":"https:\/\/ramonramon.org\/blog\/wp-json\/wp\/v2\/tags?post=3322"}],"curies":[{"name":"wp","href":"https:\/\/api.w.org\/{rel}","templated":true}]}}