{"id":33196,"date":"2023-09-25T22:12:13","date_gmt":"2023-09-25T20:12:13","guid":{"rendered":"https:\/\/ramonramon.org\/blog\/?p=33196"},"modified":"2023-10-23T09:02:20","modified_gmt":"2023-10-23T07:02:20","slug":"5-claves-para-gestionar-la-huella-digital-y-generar-una-buena-reputacion-digital","status":"publish","type":"post","link":"https:\/\/ramonramon.org\/blog\/2023\/09\/25\/5-claves-para-gestionar-la-huella-digital-y-generar-una-buena-reputacion-digital\/","title":{"rendered":"5 claves para gestionar la huella digital y generar una buena reputaci\u00f3n digital"},"content":{"rendered":"\n<h2 class=\"wp-block-heading\">Huella digital y marca personal<\/h2>\n\n\n\n<p>En varias entradas nos hemos referido al <a href=\"https:\/\/ramonramon.org\/blog\/?s=impacto+de+la+era+digital+en+la+comunicaci%C3%B3n+pol%C3%ADtica\" title=\"impacto de la era digital en la comunicaci\u00f3n pol\u00edtica\">impacto de la era digital en la comunicaci\u00f3n pol\u00edtica<\/a>. Ilustrando c\u00f3mo <strong>los nuevos canales<\/strong>, plataformas y formatos de informaci\u00f3n, difusi\u00f3n, comunicaci\u00f3n e interacci\u00f3n <strong>han transformado de manera radical la forma de hacer pol\u00edtica y de liderar<\/strong>. <\/p>\n\n\n<div class=\"wp-block-image\">\n<figure class=\"alignright size-full is-resized\"><img loading=\"lazy\" decoding=\"async\" width=\"2560\" height=\"1338\" src=\"https:\/\/ramonramon.org\/blog\/wp-content\/uploads\/2023\/09\/huella_digital-scaled.jpg\" alt=\"5 claves para gestionar la huella digital y generar una buena reputaci\u00f3n digital\" class=\"wp-image-33226\" style=\"width:517px;height:270px\" srcset=\"https:\/\/ramonramon.org\/blog\/wp-content\/uploads\/2023\/09\/huella_digital-scaled.jpg 2560w, https:\/\/ramonramon.org\/blog\/wp-content\/uploads\/2023\/09\/huella_digital-250x131.jpg 250w, https:\/\/ramonramon.org\/blog\/wp-content\/uploads\/2023\/09\/huella_digital-1536x803.jpg 1536w, https:\/\/ramonramon.org\/blog\/wp-content\/uploads\/2023\/09\/huella_digital-2048x1070.jpg 2048w\" sizes=\"auto, (max-width: 2560px) 100vw, 2560px\" \/><\/figure>\n<\/div>\n\n\n<p>Al mismo tiempo, hemos se\u00f1alado c\u00f3mo en este marco, la construcci\u00f3n de una <a href=\"https:\/\/ramonramon.org\/blog\/2023\/04\/25\/branding-politico-y-marca-personal-nuevos-formatos-y-estrategias-de-hacer-politica-en-la-era-digital\/\" title=\"imagen-marca personal es uno de los elementos centrales\">imagen-marca personal es uno de los elementos centrales<\/a> a la hora de posicionar una propuesta o liderazgo pol\u00edtico. Sin ella, como es obvio, no s\u00f3lo es imposible ser reconocido como una opci\u00f3n. Sino que tambi\u00e9n resulta complejo lograr ser atractivo para las audiencias, diferenciarse de los dem\u00e1s y persuadir para ganar.  Es raro proyecto en el que entremos a participar que no hagamos una auditor\u00eda de la sombra digital, un an\u00e1lisis de la identidad digital y a partir de los mismos propongamos una marca que represente al proyecto y sus objetivos de comunicaci\u00f3n.<\/p>\n\n\n\n<p><strong>Uno de los elementos claves a la hora de construir una imagen o marca personal exitosa en la era digital, tiene que ver con una adecuada gesti\u00f3n de la huella digital<\/strong>. Esto implica no s\u00f3lo actuar de forma coherente, abierta y transparente en los canales y \u00e1mbitos online. Sino tambi\u00e9n, de una cuidadosa curaci\u00f3n de todo lo que digitalmente hemos generado o compartido previamente en otros contextos. Exploraremos este concepto reconociendo su potencial e impacto en la construcci\u00f3n de una adecuada reputaci\u00f3n tanto digital como real para un l\u00edder o candidato.<\/p>\n\n\n\n<h2 class=\"wp-block-heading\">Qu\u00e9 es la huella digital y por qu\u00e9 se debe gestionar<\/h2>\n\n\n\n<p>La expansi\u00f3n y efecto que ha tenido internet en nuestras vidas es, a d\u00eda de hoy, contundente. Y tal es el nivel de esto que, as\u00ed como los seres humanos, generamos con nuestra actividad una huella de carbono para el planeta. Algo parecido sucede con nuestras acciones, reacciones e interacciones en la web. Esto es un hecho para cualquier persona usuaria de redes sociales u otras plataformas online. Y puede llegar a afectar desde relaciones laborales, hasta sentimentales y familiares.<\/p>\n\n\n\n<p>A este punto valdr\u00eda preguntarnos algo, si esto puede llegar a afectar de tal modo la vida de cualquier ciudadano, \u00bfqu\u00e9 nivel de impacto puede tener en la vida de un personaje p\u00fablico, o concretamente, de un l\u00edder o pol\u00edtico? Pues s\u00ed, justo lo que est\u00e1s pensando. <a href=\"https:\/\/ramonramon.org\/blog\/2017\/12\/28\/comunicacion-politica-y-posicionamiento-digital\/\" title=\"Hoy en d\u00eda el peso de la huella digital en la carrera de cualquier l\u00edder o pol\u00edtico puede ser determinante\">Hoy en d\u00eda el peso de la huella digital en la carrera de cualquier l\u00edder o pol\u00edtico puede ser determinante<\/a>. Teniendo incluso el poder de acabar con ella si es usada como arma pol\u00edtica por sus contendores. E incluso, adem\u00e1s del individuo, podr\u00eda tener la capacidad de afectar su entorno pol\u00edtico, por ejemplo, partido, gabinete de gobierno, l\u00edderes afines, entre otros.<\/p>\n\n\n\n<h2 class=\"wp-block-heading\">Huella e identidad digital y reputaci\u00f3n online<\/h2>\n\n\n\n<p>Para hablar de huella digital es preciso hablar primero de identidad digital como todo aquello que nos define en internet o est\u00e1 relacionado con nosotros. Dicha identidad, como sucede en el mundo real, se va forjando a medida que interactuamos con el medio digital. Y va dejando tras de s\u00ed una huella o rastro que conduce a nosotros, algo as\u00ed como que \u201ctodo queda registrado\u201d o anclado en la web. Esta huella no s\u00f3lo se construye a partir de nuestras interacciones o contenido, sino que tambi\u00e9n puede resultar del contenido con el cual aparecemos relacionados, por ejemplo, amigos, familia u otras personas.<\/p>\n\n\n\n<p>Ambas, es decir, identidad y huella digital generan a su vez, determinada reputaci\u00f3n online. Que no es m\u00e1s que el conjunto de opiniones y valoraciones que se hacen en la red sobre una persona. Es justamente esto, en lo que se centra una adecuada estrategia de comunicaci\u00f3n que busque <strong>crear una marca personal exitosa<\/strong>. Es decir, en lograr que dicha reputaci\u00f3n sea lo m\u00e1s positiva posible y se corresponda con los valores e ideas que un l\u00edder o pol\u00edtico representa.<\/p>\n\n\n<div class=\"wp-block-image\">\n<figure class=\"alignleft size-full is-resized\"><img loading=\"lazy\" decoding=\"async\" width=\"2560\" height=\"1338\" src=\"https:\/\/ramonramon.org\/blog\/wp-content\/uploads\/2023\/09\/eres-lo-que-dice-de-ti-google-scaled.jpg\" alt=\"eres lo que google dice de t\u00ed\" class=\"wp-image-33231\" style=\"width:405px;height:212px\" srcset=\"https:\/\/ramonramon.org\/blog\/wp-content\/uploads\/2023\/09\/eres-lo-que-dice-de-ti-google-scaled.jpg 2560w, https:\/\/ramonramon.org\/blog\/wp-content\/uploads\/2023\/09\/eres-lo-que-dice-de-ti-google-250x131.jpg 250w, https:\/\/ramonramon.org\/blog\/wp-content\/uploads\/2023\/09\/eres-lo-que-dice-de-ti-google-1536x803.jpg 1536w, https:\/\/ramonramon.org\/blog\/wp-content\/uploads\/2023\/09\/eres-lo-que-dice-de-ti-google-2048x1070.jpg 2048w\" sizes=\"auto, (max-width: 2560px) 100vw, 2560px\" \/><\/figure>\n<\/div>\n\n\n<p>El problema surge cuando en la construcci\u00f3n de dicha reputaci\u00f3n no se ha tenido el suficiente cuidado en una adecuada gesti\u00f3n de la huella digital. Apareciendo as\u00ed datos o fragmentos digitales que pueden poner en riesgo nuestra reputaci\u00f3n. El car\u00e1cter p\u00fablico de nuestra imagen, datos e interacciones, propios de los entornos digitales, hacen que cualquier hecho, frase, fotograf\u00eda o evento pueda ser usado por otros en contra de una carrera y derrumbarla pr\u00e1cticamente en un parpadeo.<\/p>\n\n\n\n<h2 class=\"wp-block-heading\">Reputaci\u00f3n online y huella digital, un arma pol\u00edtico-electoral<\/h2>\n\n\n\n<p>Esto fue justo lo que le sucedi\u00f3 a Guillermo Zapata, quien en el a\u00f1o 2011 s\u00f3lo era un ciudadano com\u00fan y corriente que hac\u00eda \u201cchistes\u201d fuera de tono en Twitter. Por ejemplo, hablando de forma cruel sobre el holocausto y otros temas insultantes para algunos grupos sociales. En uno de los tweets Zapata dijo \u201c\u00bfC\u00f3mo meter\u00edas a cinco millones de jud\u00edos en un 600? En el cenicero\u201d. Cuatro a\u00f1os despu\u00e9s, cuando Zapata hab\u00eda decidido incursionar en pol\u00edtica, su humor desfasado le cost\u00f3 su puesto como concejal de cultura del Ayuntamiento de Madrid sin ni siquiera haber asumido el cargo.<\/p>\n\n\n\n<p>Durante su primera jornada de trabajo <a href=\"https:\/\/elpais.com\/politica\/2015\/06\/15\/actualidad\/1434357125_343199.html\" title=\"tuvo que dimitir tras la presi\u00f3n de los medios por sus comentarios desafortunados\">tuvo que dimitir tras la presi\u00f3n de los medios por sus comentarios desafortunados<\/a> que, para nada, encajaban con el cargo que iba a presidir. Y este es s\u00f3lo un ejemplo en cientos, de lo que puede llegar a significar en un presente-futuro cualquier mensaje infortunado, fotograf\u00eda en \u201ccuestionable compa\u00f1\u00eda\u201d o cualquier otro dato digital que est\u00e9 presente en la web. En pocas palabras, la era digital ha impuesto una especie de vulnerabilidad tal a nuestras vidas que, un instante de inconsciencia tiene el poder de echar al traste cualquier carrera.<\/p>\n\n\n\n<p>\u00bfC\u00f3mo gestionar entonces dicha vulnerabilidad y administrar de forma eficaz nuestra huella digital para potenciar nuestra reputaci\u00f3n online?, a continuaci\u00f3n, algunas ideas y datos.<\/p>\n\n\n\n<h2 class=\"wp-block-heading\">Claves para construir y gestionar la huella digital<\/h2>\n\n\n<div class=\"wp-block-image\">\n<figure class=\"alignright size-full is-resized\"><img loading=\"lazy\" decoding=\"async\" width=\"2560\" height=\"1338\" src=\"https:\/\/ramonramon.org\/blog\/wp-content\/uploads\/2023\/09\/identidad-digital-scaled.jpg\" alt=\"Reputaci\u00f3n online y huella digital, un arma pol\u00edtico-electoral\" class=\"wp-image-33227\" style=\"width:580px;height:303px\" srcset=\"https:\/\/ramonramon.org\/blog\/wp-content\/uploads\/2023\/09\/identidad-digital-scaled.jpg 2560w, https:\/\/ramonramon.org\/blog\/wp-content\/uploads\/2023\/09\/identidad-digital-250x131.jpg 250w, https:\/\/ramonramon.org\/blog\/wp-content\/uploads\/2023\/09\/identidad-digital-1536x803.jpg 1536w, https:\/\/ramonramon.org\/blog\/wp-content\/uploads\/2023\/09\/identidad-digital-2048x1070.jpg 2048w\" sizes=\"auto, (max-width: 2560px) 100vw, 2560px\" \/><\/figure>\n<\/div>\n\n\n<p>Aunque no tenemos precisamente una f\u00f3rmula m\u00e1gica, y en t\u00e9rminos de <a href=\"https:\/\/ramonramon.org\/blog\/?s=comunicaci%C3%B3n+pol%C3%ADtica\" title=\"comunicaci\u00f3n pol\u00edtica\">comunicaci\u00f3n pol\u00edtica<\/a> deben existir muchas estrategias m\u00e1s. A continuaci\u00f3n, compartimos algunas claves para tener en cuenta siempre que se trabaje en la construcci\u00f3n de una marca personal. Aspecto que hoy en d\u00eda <strong>no puede estar desligado de la reputaci\u00f3n online, la huella y la imagen digital<\/strong>.<\/p>\n\n\n\n<ol class=\"wp-block-list\">\n<li><strong>Internet es un entorno p\u00fablico y abierto<\/strong>: partir de esta realidad lo es todo. Entender que cualquier dato, comentario, declaraci\u00f3n, audio, fotograf\u00eda o cualquier otro rastro susceptible de compartirse por este medio tiene la capacidad siempre de ser conocido por todos y salir a la luz, es vital. No importa si fue hace diez, veinte a\u00f1os o un mes, es fundamental comprender que quien asume un liderazgo o carrera pol\u00edtica lo hace de cara al p\u00fablico y su privacidad ser\u00e1 cada vez menos. En consecuencia, sus actos tambi\u00e9n, siendo susceptible de ser cuestionado y vigilado por ello en cualquier momento y escenario.<\/li>\n\n\n\n<li><strong>Auditor\u00eda y an\u00e1lisis de redes<\/strong>: si eres un personaje o l\u00edder pol\u00edtico o est\u00e1s pensando en serlo, lo primero que deber\u00edas hacer antes de cualquier cosa es revisar qu\u00e9 has dicho o compartido en redes sociales u otras plataformas. Ninguna persona que aspire a ocupar un cargo p\u00fablico deber\u00eda correr el riesgo de hacerlo sin antes haber auditado y le\u00eddo todo el contenido publicado. O lo que es lo mismo, sin haber hecho un seguimiento detallado de su huella digital.<\/li>\n\n\n\n<li><strong>Gesti\u00f3n de la huella digital<\/strong>: si tras el anterior paso hay contenidos o informaci\u00f3n que pueda ser susceptible de generar pol\u00e9micas o cuestionamientos sobre la imagen digital de un candidato o l\u00edder. O bien, afectar su reputaci\u00f3n online, estos datos deben ser eliminados.<\/li>\n\n\n\n<li><strong>Coherencia y consistencia<\/strong>: es claro que una de las caracter\u00edsticas que son m\u00e1s demandas y evaluadas actualmente en un candidato o l\u00edder es su capacidad de coherencia. Tanto en actos, como en decisiones y declaraciones. Los ojos est\u00e1n puestos hoy m\u00e1s que nunca sobre las figuras p\u00fablicas y aquellas se\u00f1ales que no concuerden con estos valores se convierten en una oportunidad de ataque y desprestigio que, la mayor\u00eda de las veces suele salir mal.<\/li>\n\n\n\n<li><strong>Vida p\u00fablica y privada<\/strong>: si eres o deseas ser una figura p\u00fablica en pol\u00edtica, es posible que uno de tus mayores sacrificios sea el de no poder gozar de una \u201cvida privada\u201d. Este \u00e1mbito, y no s\u00f3lo para personajes p\u00fablicos, se ve cada vez m\u00e1s reducido. En consecuencia, si deseas compartir algo de tu vida privada o si haces uso de canales digitales en esta esfera. Es muy importante que est\u00e9s siempre atento al contenido que generas y has generado. Recuerda que sea compatible con los valores y causas que representas. De c\u00f3mo lo hagas depender\u00e1 en gran medida el \u00e9xito de tu reputaci\u00f3n y el mantenimiento a largo plazo de tu carrera.<\/li>\n<\/ol>\n\n\n\n<h2 class=\"wp-block-heading\">La importancia de la reputaci\u00f3n digital en marketing pol\u00edtico<\/h2>\n\n\n\n<p>La era digital y los entornos digitales han creado una nueva y poderosa tendencia en pol\u00edtica. Nos referimos a la capacidad y la potencia de desprestigio que se puede lograr a trav\u00e9s de la huella digital. Sobre todo, claro est\u00e1, cuando es usada como una especie de arma pol\u00edtica por parte de contrincantes o adversarios. <a href=\"https:\/\/ramonramon.org\/blog\/2023\/09\/07\/desafios-y-soluciones-en-la-era-de-la-desinformacion-la-lucha-contra-las-fake-news\/\" title=\"Todos sabemos el poder de difusi\u00f3n que alcanza cualquier tipo de informaci\u00f3n a trav\u00e9s de los canales digitales\">Todos sabemos el poder de difusi\u00f3n que alcanza cualquier tipo de informaci\u00f3n a trav\u00e9s de los canales digitales<\/a>. Con lo cual basta filtrar cualquier mensaje, Tweet, fotograf\u00eda u otro de manera descontextualizada para causar revuelo y cuestionamientos. O en el peor de los casos la dimisi\u00f3n o aniquilaci\u00f3n de la vida p\u00fablica.<\/p>\n\n\n\n<p>Conscientes de ello el llamado es, por un lado, a no menospreciar nunca el poder del contenido digital que se genera, asumiendo err\u00f3neamente que el entorno digital no afecta al real. Porque de hecho hoy en d\u00eda, lo virtual empieza a prefigurar en muchos escenarios de la realidad. Por el otro, a trabajar en estrategias de comunicaci\u00f3n m\u00e1s robustas y potentes, capaces de blindar a los l\u00edderes y candidatos ante esta vulnerabilidad digital. Eso s\u00ed, sin desconocer que, en esencia, el llamado primordial es de hecho a la \u00e9tica y la coherencia.<\/p>\n\n\n\n<p>\u00bfTienes dudas? \u00bfQuieres tener una completa auditor\u00eda de tu huella, sombra, reputaci\u00f3n digital?  Cont\u00e1cnos y te ayudamos.<\/p>\n","protected":false},"excerpt":{"rendered":"<p>La era digital ha transformado la forma de hacer pol\u00edtica y liderar. La construcci\u00f3n de una imagen-marca personal es clave para posicionar una propuesta o liderazgo pol\u00edtico. La gesti\u00f3n de la huella digital es fundamental para una imagen o marca personal exitosa. Implica actuar de forma coherente, abierta y transparente en los canales y \u00e1mbitos online, y curar cuidadosamente lo que hemos compartido previamente en otros contextos<\/p>\n","protected":false},"author":2070,"featured_media":33225,"comment_status":"open","ping_status":"open","sticky":false,"template":"","format":"standard","meta":{"neve_meta_sidebar":"","neve_meta_container":"","neve_meta_enable_content_width":"","neve_meta_content_width":0,"neve_meta_title_alignment":"","neve_meta_author_avatar":"","neve_post_elements_order":"","neve_meta_disable_header":"","neve_meta_disable_footer":"","neve_meta_disable_title":"","footnotes":""},"categories":[2008,24],"tags":[3034,3033,3036,3035],"class_list":["post-33196","post","type-post","status-publish","format-standard","has-post-thumbnail","hentry","category-comunicacion","category-redes-sociales","tag-huella-digital","tag-identidad-digital","tag-marca-personal","tag-reputacion-digital"],"aioseo_notices":[],"_links":{"self":[{"href":"https:\/\/ramonramon.org\/blog\/wp-json\/wp\/v2\/posts\/33196","targetHints":{"allow":["GET"]}}],"collection":[{"href":"https:\/\/ramonramon.org\/blog\/wp-json\/wp\/v2\/posts"}],"about":[{"href":"https:\/\/ramonramon.org\/blog\/wp-json\/wp\/v2\/types\/post"}],"author":[{"embeddable":true,"href":"https:\/\/ramonramon.org\/blog\/wp-json\/wp\/v2\/users\/2070"}],"replies":[{"embeddable":true,"href":"https:\/\/ramonramon.org\/blog\/wp-json\/wp\/v2\/comments?post=33196"}],"version-history":[{"count":0,"href":"https:\/\/ramonramon.org\/blog\/wp-json\/wp\/v2\/posts\/33196\/revisions"}],"wp:featuredmedia":[{"embeddable":true,"href":"https:\/\/ramonramon.org\/blog\/wp-json\/wp\/v2\/media\/33225"}],"wp:attachment":[{"href":"https:\/\/ramonramon.org\/blog\/wp-json\/wp\/v2\/media?parent=33196"}],"wp:term":[{"taxonomy":"category","embeddable":true,"href":"https:\/\/ramonramon.org\/blog\/wp-json\/wp\/v2\/categories?post=33196"},{"taxonomy":"post_tag","embeddable":true,"href":"https:\/\/ramonramon.org\/blog\/wp-json\/wp\/v2\/tags?post=33196"}],"curies":[{"name":"wp","href":"https:\/\/api.w.org\/{rel}","templated":true}]}}