{"id":3281,"date":"2009-12-17T19:45:57","date_gmt":"2009-12-17T18:45:57","guid":{"rendered":"https:\/\/www.ramonramon.org\/blog\/?p=3281"},"modified":"2022-06-20T13:04:34","modified_gmt":"2022-06-20T11:04:34","slug":"nuevo-programa-sobre-los-mal-llamados-derechos-de-autor","status":"publish","type":"post","link":"https:\/\/ramonramon.org\/blog\/2009\/12\/17\/nuevo-programa-sobre-los-mal-llamados-derechos-de-autor\/","title":{"rendered":"Nuevo programa sobre los mal llamados derechos de autor"},"content":{"rendered":"<p>Gracias a a Gulipardos he descubierto el video del programa de 59&#8242; de anoche.\u00a0 Yo quer\u00eda haberlo seguido en directo, pero cuando comenz\u00f3 el programa, que ten\u00eda variopintos present\u00f3 \u00e9ste, el m\u00e1s interesante para m\u00ed, como el \u00faltimo.<\/p>\n<blockquote><p>Los protagonistas: el director de cine y presidente de la asociaci\u00f3n de gesti\u00f3n de derechos DAMA, <strong>Enrique Urbizu<\/strong>, Jos\u00e9 Miguel Fern\u00e1ndez Sastr\u00f3n, consejero de la <strong>SGAE<\/strong>, y el escritor Lorenzo Silva. Por el otro lado estaban <strong>David Bravo<\/strong>, abogado especialista en Internet, e <a href=\"http:\/\/www.escolar.net\/\" target=\"_blank\" rel=\"noopener noreferrer\"><strong>Ignacio Escolar<\/strong><\/a>, blogger y periodista.<\/p>\n<p><strong> <\/strong><\/p><\/blockquote>\n<p style=\"font:bold 23px\/24px arial, sans-serif;letter-spacing:-0.5px;color:#333333;margin:4px 0 0;\"><a style=\"padding-bottom:8px;\" href=\"http:\/\/www.rtve.es\/mediateca\/videos\/20091217\/derechos-autor-a-debate-59-segundos\/651363.shtml\">Los derechos de autor, a debate en 59 segundos<\/a><\/p>\n<p><center><object id=\"RTVEPlayer\" classid=\"clsid:d27cdb6e-ae6d-11cf-96b8-444553540000\" width=\"425\" height=\"300\" codebase=\"http:\/\/download.macromedia.com\/pub\/shockwave\/cabs\/flash\/swflash.cab#version=6,0,40,0\"><param name=\"allowScriptAccess\" value=\"always\" \/><param name=\"allowFullScreen\" value=\"true\" \/><param name=\"src\" value=\"http:\/\/www.rtve.es\/swf\/v2\/RTVEPlayer.swf?assetID=651363_es_videos&amp;location=embed\" \/><param name=\"name\" value=\"RTVEPlayer\" \/><param name=\"allowfullscreen\" value=\"true\" \/><embed id=\"RTVEPlayer\" type=\"application\/x-shockwave-flash\" width=\"425\" height=\"300\" src=\"http:\/\/www.rtve.es\/swf\/v2\/RTVEPlayer.swf?assetID=651363_es_videos&amp;location=embed\" name=\"RTVEPlayer\" allowfullscreen=\"true\" allowscriptaccess=\"always\"><\/embed><\/object><\/center><\/p>\n","protected":false},"excerpt":{"rendered":"<p>Gracias a a Gulipardos he descubierto el video del programa de 59&#8242; de anoche.\u00a0 Yo quer\u00eda haberlo seguido en directo, pero cuando comenz\u00f3 el programa, que ten\u00eda variopintos present\u00f3 \u00e9ste, el m\u00e1s interesante para m\u00ed, como el \u00faltimo. Los protagonistas: el director de cine y presidente de la asociaci\u00f3n de gesti\u00f3n de derechos DAMA, Enrique&hellip;&nbsp;<a href=\"https:\/\/ramonramon.org\/blog\/2009\/12\/17\/nuevo-programa-sobre-los-mal-llamados-derechos-de-autor\/\" rel=\"bookmark\">Leer m\u00e1s &raquo;<span class=\"screen-reader-text\">Nuevo programa sobre los mal llamados derechos de autor<\/span><\/a><\/p>\n","protected":false},"author":2070,"featured_media":0,"comment_status":"open","ping_status":"open","sticky":false,"template":"","format":"standard","meta":{"neve_meta_sidebar":"","neve_meta_container":"","neve_meta_enable_content_width":"","neve_meta_content_width":0,"neve_meta_title_alignment":"","neve_meta_author_avatar":"","neve_post_elements_order":"","neve_meta_disable_header":"","neve_meta_disable_footer":"","neve_meta_disable_title":"","footnotes":""},"categories":[18,31],"tags":[150,253,264,768,805],"class_list":["post-3281","post","type-post","status-publish","format-standard","hentry","category-libertad-tecnologica","category-videos","tag-canon","tag-debate","tag-derechos-de-autor","tag-television","tag-video"],"aioseo_notices":[],"_links":{"self":[{"href":"https:\/\/ramonramon.org\/blog\/wp-json\/wp\/v2\/posts\/3281","targetHints":{"allow":["GET"]}}],"collection":[{"href":"https:\/\/ramonramon.org\/blog\/wp-json\/wp\/v2\/posts"}],"about":[{"href":"https:\/\/ramonramon.org\/blog\/wp-json\/wp\/v2\/types\/post"}],"author":[{"embeddable":true,"href":"https:\/\/ramonramon.org\/blog\/wp-json\/wp\/v2\/users\/2070"}],"replies":[{"embeddable":true,"href":"https:\/\/ramonramon.org\/blog\/wp-json\/wp\/v2\/comments?post=3281"}],"version-history":[{"count":0,"href":"https:\/\/ramonramon.org\/blog\/wp-json\/wp\/v2\/posts\/3281\/revisions"}],"wp:attachment":[{"href":"https:\/\/ramonramon.org\/blog\/wp-json\/wp\/v2\/media?parent=3281"}],"wp:term":[{"taxonomy":"category","embeddable":true,"href":"https:\/\/ramonramon.org\/blog\/wp-json\/wp\/v2\/categories?post=3281"},{"taxonomy":"post_tag","embeddable":true,"href":"https:\/\/ramonramon.org\/blog\/wp-json\/wp\/v2\/tags?post=3281"}],"curies":[{"name":"wp","href":"https:\/\/api.w.org\/{rel}","templated":true}]}}