{"id":3198,"date":"2009-12-10T10:57:22","date_gmt":"2009-12-10T09:57:22","guid":{"rendered":"https:\/\/www.ramonramon.org\/blog\/?p=3198"},"modified":"2020-03-22T13:07:44","modified_gmt":"2020-03-22T12:07:44","slug":"ea-ea-ea-microsoft-se-cabrea","status":"publish","type":"post","link":"https:\/\/ramonramon.org\/blog\/2009\/12\/10\/ea-ea-ea-microsoft-se-cabrea\/","title":{"rendered":"\u00a1\u00a1 Ea, ea, ea, Microsoft se cabrea !!"},"content":{"rendered":"<p>As\u00ed debiera comenzar la rueda de prensa que hoy, a las 12:00 horas tendr\u00e1 lugar en el Ministerio de Educaci\u00f3n y por eso, invito a los periodistas asistentes, o a aquellos que practiquen la escucha activa a plantearle a la se\u00f1ora presidenta de Microsoft qu\u00e9 sentido tiene esa convocatoria de prensa.\u00a0 Y es que, aunque quieran enmascararlo de cualquier otra manera, en realidad es una rueda de prensa sin contenido, de una noticia ya pasada y que solo pretende reactivar la imagen de Microsoft ante las comunidades aut\u00f3nomas.<\/p>\n<p>Como recoge C\u00e9sar Calder\u00f3n en su blog, a Microsoft no le sali\u00f3 la jugada de poner Windows en todos los port\u00e1tiles de nuestros escolares. No s\u00f3lo eso, sino que <strong>en todas las comunidades<\/strong>, repito en todas, al menos habr\u00e1 arranque dual, y <a href=\"https:\/\/www.ramonramon.org\/blog\/2009\/09\/18\/escuela-tic-2-0-en-andalucia\/\">en las m\u00e1s comprometidas con sus futuras generaciones, exclusivamente Software Libre<\/a>, algo que ya declararon abiertamente Leire Paj\u00edn y Mar\u00eda Gonzalez Veracruz. <a href=\"https:\/\/www.ramonramon.org\/blog\/2009\/04\/22\/el-gobierno-planea-dar-portatiles-en-primaria-%C2%BFavance-o-retroceso\/\">La jugada que comenzaron antes de verano<\/a> y que esperaban materializar <a href=\"https:\/\/www.ramonramon.org\/blog\/2009\/09\/23\/la-escuela-2-0-en-euskadi\/\">en Euskadi <\/a>no les sali\u00f3, y ahora, solo pueden meter ruido, vender motos,&#8230;<\/p>\n<p>La pregunta que se mueve en twitter, es :<\/p>\n<blockquote><p><em><span><span>\u00abRT: @<a href=\"http:\/\/twitter.com\/anibaldelatorre\">anibaldelatorre<\/a>: <a title=\"#sosEdu\" href=\"http:\/\/twitter.com\/search?q=%23sosEdu\">#sosEdu<\/a> \u00bfUna Secretaria de Estado puede firmar un acuerdo con UNA SOLA empresa?\u00bfHan tenido la misma oportunidad otras?\u00bb<\/span><\/span><\/em><\/p><\/blockquote>\n<p>Inclusive m\u00e1s, <strong>\u00bfpuede una secretaria de estado, que parece <a href=\"http:\/\/www.soitu.es\/soitu\/2008\/01\/21\/info\/1200920690_874009.html\">sigue viviendo de los dos minutos de gloria que le proporcion\u00f3 Bill Gates<\/a>, hipotecar el futuro de nuestros escolares? \u00bfqu\u00e9 coste tendr\u00e1 para los espa\u00f1oles las fotos de esta se\u00f1ora?<br \/>\n<\/strong><\/p>\n","protected":false},"excerpt":{"rendered":"<p>As\u00ed debiera comenzar la rueda de prensa que hoy, a las 12:00 horas tendr\u00e1 lugar en el Ministerio de Educaci\u00f3n y por eso, invito a los periodistas asistentes, o a aquellos que practiquen la escucha activa a plantearle a la se\u00f1ora presidenta de Microsoft qu\u00e9 sentido tiene esa convocatoria de prensa.\u00a0 Y es que, aunque&hellip;&nbsp;<a href=\"https:\/\/ramonramon.org\/blog\/2009\/12\/10\/ea-ea-ea-microsoft-se-cabrea\/\" rel=\"bookmark\">Leer m\u00e1s &raquo;<span class=\"screen-reader-text\">\u00a1\u00a1 Ea, ea, ea, Microsoft se cabrea !!<\/span><\/a><\/p>\n","protected":false},"author":2070,"featured_media":0,"comment_status":"open","ping_status":"open","sticky":false,"template":"","format":"standard","meta":{"neve_meta_sidebar":"","neve_meta_container":"","neve_meta_enable_content_width":"","neve_meta_content_width":0,"neve_meta_title_alignment":"","neve_meta_author_avatar":"","neve_post_elements_order":"","neve_meta_disable_header":"","neve_meta_disable_footer":"","neve_meta_disable_title":"","footnotes":""},"categories":[3,27],"tags":[313,345,561,668],"class_list":["post-3198","post","type-post","status-publish","format-standard","hentry","category-administraciones-publicas","category-software-libre","tag-educacion","tag-escuela-2-0","tag-microsoft","tag-portatiles-en-la-educacion"],"aioseo_notices":[],"_links":{"self":[{"href":"https:\/\/ramonramon.org\/blog\/wp-json\/wp\/v2\/posts\/3198","targetHints":{"allow":["GET"]}}],"collection":[{"href":"https:\/\/ramonramon.org\/blog\/wp-json\/wp\/v2\/posts"}],"about":[{"href":"https:\/\/ramonramon.org\/blog\/wp-json\/wp\/v2\/types\/post"}],"author":[{"embeddable":true,"href":"https:\/\/ramonramon.org\/blog\/wp-json\/wp\/v2\/users\/2070"}],"replies":[{"embeddable":true,"href":"https:\/\/ramonramon.org\/blog\/wp-json\/wp\/v2\/comments?post=3198"}],"version-history":[{"count":0,"href":"https:\/\/ramonramon.org\/blog\/wp-json\/wp\/v2\/posts\/3198\/revisions"}],"wp:attachment":[{"href":"https:\/\/ramonramon.org\/blog\/wp-json\/wp\/v2\/media?parent=3198"}],"wp:term":[{"taxonomy":"category","embeddable":true,"href":"https:\/\/ramonramon.org\/blog\/wp-json\/wp\/v2\/categories?post=3198"},{"taxonomy":"post_tag","embeddable":true,"href":"https:\/\/ramonramon.org\/blog\/wp-json\/wp\/v2\/tags?post=3198"}],"curies":[{"name":"wp","href":"https:\/\/api.w.org\/{rel}","templated":true}]}}