{"id":3127,"date":"2009-12-01T12:48:55","date_gmt":"2009-12-01T11:48:55","guid":{"rendered":"https:\/\/www.ramonramon.org\/blog\/?p=3127"},"modified":"2020-03-22T13:01:58","modified_gmt":"2020-03-22T12:01:58","slug":"ya-en-caceres-ya-en-cisl2009","status":"publish","type":"post","link":"https:\/\/ramonramon.org\/blog\/2009\/12\/01\/ya-en-caceres-ya-en-cisl2009\/","title":{"rendered":"Ya en C\u00e1ceres, ya en CISL2009"},"content":{"rendered":"<p>Aunque tengo el compromiso con Yellowmind y tambi\u00e9n con mi propio blog de poder ir contando y reportando cosas sobre la V Conferencia Internacional de Software Libre, lo cierto es que la ma\u00f1ana est\u00e1 siendo intensa con respecto a saludos, reencuentros con amigos, charlas de pasillo con gente conocida, &#8230; pero poco productiva a la hora de encontrar el momento que contar y, al final, \u00bflo importante no es vivir los encuentros in-situ?<br \/>\nPor otro lado, escuchando la conferencia inaugural Rahaf Harfoush. Equipo marketing 2.0 Obama\u201908: \u201cYes, we did\u201d<\/p>\n<p>Y esta tarde, en la Sala Malinche, a las 17:45 tendr\u00e9 la suerte de hablar del proyecto de migraci\u00f3n de la Axarqu\u00eda y a continuaci\u00f3n los amigos de Iniciativa Focus nos contar\u00e1n sus experiencias en el <a href=\"https:\/\/www.ramonramon.org\/blog\/?s=sahara\">S\u00e1hara<\/a>.<\/p>\n","protected":false},"excerpt":{"rendered":"<p>Aunque tengo el compromiso con Yellowmind y tambi\u00e9n con mi propio blog de poder ir contando y reportando cosas sobre la V Conferencia Internacional de Software Libre, lo cierto es que la ma\u00f1ana est\u00e1 siendo intensa con respecto a saludos, reencuentros con amigos, charlas de pasillo con gente conocida, &#8230; pero poco productiva a la&hellip;&nbsp;<a href=\"https:\/\/ramonramon.org\/blog\/2009\/12\/01\/ya-en-caceres-ya-en-cisl2009\/\" rel=\"bookmark\">Leer m\u00e1s &raquo;<span class=\"screen-reader-text\">Ya en C\u00e1ceres, ya en CISL2009<\/span><\/a><\/p>\n","protected":false},"author":2070,"featured_media":0,"comment_status":"open","ping_status":"open","sticky":false,"template":"","format":"standard","meta":{"neve_meta_sidebar":"","neve_meta_container":"","neve_meta_enable_content_width":"","neve_meta_content_width":0,"neve_meta_title_alignment":"","neve_meta_author_avatar":"","neve_post_elements_order":"","neve_meta_disable_header":"","neve_meta_disable_footer":"","neve_meta_disable_title":"","footnotes":""},"categories":[23],"tags":[184,32],"class_list":["post-3127","post","type-post","status-publish","format-standard","hentry","category-personal","tag-cisl","tag-conferencia-internacional-de-software-libre"],"aioseo_notices":[],"_links":{"self":[{"href":"https:\/\/ramonramon.org\/blog\/wp-json\/wp\/v2\/posts\/3127","targetHints":{"allow":["GET"]}}],"collection":[{"href":"https:\/\/ramonramon.org\/blog\/wp-json\/wp\/v2\/posts"}],"about":[{"href":"https:\/\/ramonramon.org\/blog\/wp-json\/wp\/v2\/types\/post"}],"author":[{"embeddable":true,"href":"https:\/\/ramonramon.org\/blog\/wp-json\/wp\/v2\/users\/2070"}],"replies":[{"embeddable":true,"href":"https:\/\/ramonramon.org\/blog\/wp-json\/wp\/v2\/comments?post=3127"}],"version-history":[{"count":0,"href":"https:\/\/ramonramon.org\/blog\/wp-json\/wp\/v2\/posts\/3127\/revisions"}],"wp:attachment":[{"href":"https:\/\/ramonramon.org\/blog\/wp-json\/wp\/v2\/media?parent=3127"}],"wp:term":[{"taxonomy":"category","embeddable":true,"href":"https:\/\/ramonramon.org\/blog\/wp-json\/wp\/v2\/categories?post=3127"},{"taxonomy":"post_tag","embeddable":true,"href":"https:\/\/ramonramon.org\/blog\/wp-json\/wp\/v2\/tags?post=3127"}],"curies":[{"name":"wp","href":"https:\/\/api.w.org\/{rel}","templated":true}]}}