{"id":3083,"date":"2009-11-23T10:03:29","date_gmt":"2009-11-23T09:03:29","guid":{"rendered":"https:\/\/www.ramonramon.org\/blog\/?p=3083"},"modified":"2011-12-02T09:40:33","modified_gmt":"2011-12-02T08:40:33","slug":"una-semana-para-la-gran-cita","status":"publish","type":"post","link":"https:\/\/ramonramon.org\/blog\/2009\/11\/23\/una-semana-para-la-gran-cita\/","title":{"rendered":"Una semana para la gran cita"},"content":{"rendered":"<p>Justo en una semana se celebrar\u00e1 en C\u00e1ceres la V Conferencia Internacional de Software Libre. En un tiempo record, y con una incre\u00edble capacidad de trabajo y esfuerzo la Conferencia parece que est\u00e1 casi a punto.\u00a0 Se han ido introducciendo interesantes mejoras, como se pueden ir comprobando en el blog de la Conferencia, destacando para m\u00ed la siguiente entrada: Precisamente ahora, Software Libre<\/p>\n<p>Con muchos <a href=\"https:\/\/www.ramonramon.org\/blog\/?s=cisl\">miedos, expectativas, confusi\u00f3n<\/a>,&#8230;. pero al final, los d\u00edas <strong>1, 2 y 3 de diciembre estaremos en C\u00e1ceres<\/strong>, en el evento que re\u00fane a todos los responsables y amigos de la Comunidad del Software Libre. El programa en esta ocasi\u00f3n est\u00e1 mucho m\u00e1s orientado a las TIC en general, pero&#8230; \u00bfy la oportunidad de encontrarnos, hacer networking, compartir ideas, proyectos,&#8230; ?\u00bfTe lo vas a perder?<\/p>\n","protected":false},"excerpt":{"rendered":"<p>Justo en una semana se celebrar\u00e1 en C\u00e1ceres la V Conferencia Internacional de Software Libre. En un tiempo record, y con una incre\u00edble capacidad de trabajo y esfuerzo la Conferencia parece que est\u00e1 casi a punto.\u00a0 Se han ido introducciendo interesantes mejoras, como se pueden ir comprobando en el blog de la Conferencia, destacando para&hellip;&nbsp;<a href=\"https:\/\/ramonramon.org\/blog\/2009\/11\/23\/una-semana-para-la-gran-cita\/\" rel=\"bookmark\">Leer m\u00e1s &raquo;<span class=\"screen-reader-text\">Una semana para la gran cita<\/span><\/a><\/p>\n","protected":false},"author":2070,"featured_media":0,"comment_status":"open","ping_status":"open","sticky":false,"template":"","format":"standard","meta":{"neve_meta_sidebar":"","neve_meta_container":"","neve_meta_enable_content_width":"","neve_meta_content_width":0,"neve_meta_title_alignment":"","neve_meta_author_avatar":"","neve_post_elements_order":"","neve_meta_disable_header":"","neve_meta_disable_footer":"","neve_meta_disable_title":"","footnotes":""},"categories":[23],"tags":[163,184,32,629],"class_list":["post-3083","post","type-post","status-publish","format-standard","hentry","category-personal","tag-caceres","tag-cisl","tag-conferencia-internacional-de-software-libre","tag-oswc"],"aioseo_notices":[],"_links":{"self":[{"href":"https:\/\/ramonramon.org\/blog\/wp-json\/wp\/v2\/posts\/3083","targetHints":{"allow":["GET"]}}],"collection":[{"href":"https:\/\/ramonramon.org\/blog\/wp-json\/wp\/v2\/posts"}],"about":[{"href":"https:\/\/ramonramon.org\/blog\/wp-json\/wp\/v2\/types\/post"}],"author":[{"embeddable":true,"href":"https:\/\/ramonramon.org\/blog\/wp-json\/wp\/v2\/users\/2070"}],"replies":[{"embeddable":true,"href":"https:\/\/ramonramon.org\/blog\/wp-json\/wp\/v2\/comments?post=3083"}],"version-history":[{"count":0,"href":"https:\/\/ramonramon.org\/blog\/wp-json\/wp\/v2\/posts\/3083\/revisions"}],"wp:attachment":[{"href":"https:\/\/ramonramon.org\/blog\/wp-json\/wp\/v2\/media?parent=3083"}],"wp:term":[{"taxonomy":"category","embeddable":true,"href":"https:\/\/ramonramon.org\/blog\/wp-json\/wp\/v2\/categories?post=3083"},{"taxonomy":"post_tag","embeddable":true,"href":"https:\/\/ramonramon.org\/blog\/wp-json\/wp\/v2\/tags?post=3083"}],"curies":[{"name":"wp","href":"https:\/\/api.w.org\/{rel}","templated":true}]}}