{"id":30370,"date":"2022-02-01T21:04:00","date_gmt":"2022-02-01T20:04:00","guid":{"rendered":"https:\/\/ramonramon.org\/blog\/?p=30370"},"modified":"2022-02-01T19:14:02","modified_gmt":"2022-02-01T18:14:02","slug":"nueve-aspectos-de-la-politica-mundial-que-deben-observarse-en-2022","status":"publish","type":"post","link":"https:\/\/ramonramon.org\/blog\/2022\/02\/01\/nueve-aspectos-de-la-politica-mundial-que-deben-observarse-en-2022\/","title":{"rendered":"Nueve aspectos de la pol\u00edtica mundial que deben observarse en 2022"},"content":{"rendered":"\n<p>Seg\u00fan algunos expertos, hay nueve puntos estrat\u00e9gicos o <strong>aspectos de la pol\u00edtica mundial<\/strong> <strong>que deben observarse en 2022<\/strong>. En lo econ\u00f3mico y m\u00e1s a\u00fan en lo social, los pol\u00edticos tienen como reto establecer nuevas bases y modelos de liderazgo.<\/p>\n\n\n\n<p>Los <strong>desaf\u00edos de la pol\u00edtica mundial<\/strong> vienen con la misi\u00f3n de cambiar el paradigma de la globalizaci\u00f3n por un modelo de interdependencia. Aceptar las ventajas de algunos y la ayuda que pueda prestarse a otros.<\/p>\n\n\n\n<p>Ante una <a href=\"https:\/\/ramonramon.org\/blog\/2020\/08\/17\/las-variables-politicas-de-la-pandemia-primera-parte\/\">situaci\u00f3n de pandemia prolongada<\/a>, los planes de hace un par de a\u00f1os parecen ilusorios. Impulsando las acciones desde una perspectiva m\u00e1s audaz, inmediata y con un interesante componente de solidaridad.<\/p>\n\n\n\n<h2 class=\"wp-block-heading\" id=\"1-recuperacion-economica\">1.&nbsp;&nbsp;&nbsp;&nbsp; Recuperaci\u00f3n econ\u00f3mica<\/h2>\n\n\n\n<p>El impacto del COVID 19 en todas sus cepas ha significado p\u00e9rdidas millonarias a nivel mundial. Incluso los pa\u00edses mejor posicionados sufrieron ca\u00eddas sin precedentes de su PIB. Mientras que los habitualmente desfavorecidos vieron como se agudizaba su ya precaria situaci\u00f3n.<\/p>\n\n\n\n<div class=\"wp-block-image\"><figure class=\"aligncenter size-full is-resized\"><img loading=\"lazy\" decoding=\"async\" src=\"https:\/\/ramonramon.org\/blog\/wp-content\/uploads\/2022\/01\/Recuperacion-economica.png\" alt=\"\" class=\"wp-image-30372\" width=\"861\" height=\"327\" srcset=\"https:\/\/ramonramon.org\/blog\/wp-content\/uploads\/2022\/01\/Recuperacion-economica.png 832w, https:\/\/ramonramon.org\/blog\/wp-content\/uploads\/2022\/01\/Recuperacion-economica-250x95.png 250w\" sizes=\"auto, (max-width: 861px) 100vw, 861px\" \/><\/figure><\/div>\n\n\n\n<p>Sin embargo, la obtenci\u00f3n de vacunas y los nuevo mercados postpandemia han generado un sensible <strong>aumento en la producci\u00f3n mundial<\/strong>. Aunque China sigue manteni\u00e9ndose a la cabeza, se destaca el repunte econ\u00f3mico de Am\u00e9rica Latina y el Caribe.<\/p>\n\n\n\n<p>Entre los <strong>aspectos de la pol\u00edtica mundial<\/strong> <strong>que debe observar en 2022<\/strong>, est\u00e1 sin duda la creciente desigualdad econ\u00f3mica. Pues, as\u00ed como algunos logran recuperar posiciones a otros se les har\u00e1 realmente dif\u00edcil salir de la profunda depresi\u00f3n.  De igual manera, vivir en un mundo globalizado provoca situaciones como las vividas hace una semana, cuando la FED  estadounidense anunciaba 4 o 5 subidas de tipos de inter\u00e9s que impactaba de forma inmediata y directa en las bolsas de todos los continentes.<\/p>\n\n\n\n<h2 class=\"wp-block-heading\" id=\"2-elecciones-presidenciales\">2.&nbsp;&nbsp;&nbsp;&nbsp; Elecciones presidenciales<\/h2>\n\n\n\n<p>La expectativa crece con las pr\u00f3ximas votaciones para elegir un <strong>nuevo presidente<\/strong> en pa\u00edses como Brasil y Francia. Con posturas muy extremas por parte de sus respectivos adversarios y un marcado descenso en la popularidad de los actuales mandatarios, <strong>es posible pensar en cambios radicales<\/strong>.<\/p>\n\n\n\n<div class=\"wp-block-image is-style-default\"><figure class=\"alignright size-full is-resized\"><img loading=\"lazy\" decoding=\"async\" src=\"https:\/\/ramonramon.org\/blog\/wp-content\/uploads\/2022\/01\/POLITICA_MUNDIAL2-scaled.jpg\" alt=\"\" class=\"wp-image-30439\" width=\"469\" height=\"245\" srcset=\"https:\/\/ramonramon.org\/blog\/wp-content\/uploads\/2022\/01\/POLITICA_MUNDIAL2-scaled.jpg 2560w, https:\/\/ramonramon.org\/blog\/wp-content\/uploads\/2022\/01\/POLITICA_MUNDIAL2-250x131.jpg 250w, https:\/\/ramonramon.org\/blog\/wp-content\/uploads\/2022\/01\/POLITICA_MUNDIAL2-1536x803.jpg 1536w, https:\/\/ramonramon.org\/blog\/wp-content\/uploads\/2022\/01\/POLITICA_MUNDIAL2-2048x1070.jpg 2048w\" sizes=\"auto, (max-width: 469px) 100vw, 469px\" \/><\/figure><\/div>\n\n\n\n<p>En los casos de Hungr\u00eda y Australia, el panorama parece ser m\u00e1s tranquilo. Orban busca fortalecer su <strong>plan democr\u00e1tico antiliberal<\/strong>. Mientras que Morrison espera mantener el control sobre el territorio oce\u00e1nico y demostrar que lo riguroso de sus acciones ha sido el camino correcto.<\/p>\n\n\n\n<h2 class=\"wp-block-heading\" id=\"3-conflictos-geopoliticos\">3.&nbsp;&nbsp;&nbsp;&nbsp; Conflictos geopol\u00edticos<\/h2>\n\n\n\n<p>La <strong>lucha entre EEUU y China <\/strong>se perfila como interminable, en un pulso constante por el control econ\u00f3mico mundial. El gigante asi\u00e1tico ha ganado terreno considerable y sumado alianzas gracias a la producci\u00f3n y distribuci\u00f3n diplom\u00e1tica de vacunas.<\/p>\n\n\n\n<p>Por otro lado, <strong>Rusia mantiene la tensi\u00f3n sobre Ucrania<\/strong> con miles de tropas que esperan la orden de invasi\u00f3n. Los conflictos entre Argelia y Marruecos est\u00e1n marcados por la capacidad de importaci\u00f3n de armas de ambos. Mientras en la <strong>UE y la OTAN buscan canales de mediaci\u00f3n y acuerdos de paz<\/strong>.<\/p>\n\n\n\n<h2 class=\"wp-block-heading\" id=\"4-referendum-en-eeuu\">4.&nbsp;&nbsp;&nbsp;&nbsp; Referendum en EEUU<\/h2>\n\n\n\n<p>Joe Biden encara en noviembre las elecciones de mitad de mandato, lo que pone&nbsp; la mira en su maltratada popularidad. Hist\u00f3ricamente en estas <strong>votaciones para el Senado<\/strong> el presidente en turno suele perder varios esca\u00f1os, lo cual podr\u00eda complicar m\u00e1s las cosas para el dem\u00f3crata.<\/p>\n\n\n\n<p>Donald Trump est\u00e1 a la espera, y si los pron\u00f3sticos se cumplen, Biden perder\u00eda su ligera ventaja en el Congreso, ya bastante limitado por la paridad en el Senado. As\u00ed que <strong>el rumbo pol\u00edtico de EEUU para 2022<\/strong> parece incierto y esto podr\u00eda afectar a todo el continente.<\/p>\n\n\n\n<h2 class=\"wp-block-heading\" id=\"5-xi-jinpin-y-el-ascenso-de-china\">5.&nbsp;&nbsp;&nbsp;&nbsp; Xi Jinpin y el ascenso de China<\/h2>\n\n\n\n<div class=\"wp-block-image\"><figure class=\"alignleft size-large is-resized\"><img loading=\"lazy\" decoding=\"async\" src=\"https:\/\/ramonramon.org\/blog\/wp-content\/uploads\/2022\/01\/Xi-Jinping-1200x675.jpg\" alt=\"\" class=\"wp-image-30374\" width=\"355\" height=\"199\" srcset=\"https:\/\/ramonramon.org\/blog\/wp-content\/uploads\/2022\/01\/Xi-Jinping-1200x675.jpg 1200w, https:\/\/ramonramon.org\/blog\/wp-content\/uploads\/2022\/01\/Xi-Jinping-850x478.jpg 850w\" sizes=\"auto, (max-width: 355px) 100vw, 355px\" \/><\/figure><\/div>\n\n\n\n<p>Mientras Biden parece tambalear, <strong>Xi Jinping<\/strong> se muestra decidido a obtener su tercer mandato en la reuni\u00f3n del <strong>liderazgo chino de 2022<\/strong>. Sus medidas econ\u00f3micas y pol\u00edticas se perciben como exitosas bajo la bandera de \u201cprosperidad com\u00fan\u201d.<\/p>\n\n\n\n<p>La <strong>pol\u00edtica mundial en 2022<\/strong> puede esperar que Xi contin\u00fae con el control de la econom\u00eda asi\u00e1tica, limitando la acci\u00f3n de grandes empresas en el pa\u00eds. Pero al mismo tiempo, se complican los pron\u00f3sticos para Taiw\u00e1n y se tensar\u00e1n a\u00fan m\u00e1s las relaciones con EEUU.<\/p>\n\n\n\n<h2 class=\"wp-block-heading\" id=\"6-fin-de-la-era-merkel-en-alemania\">6.&nbsp;&nbsp;&nbsp;&nbsp; Fin de la era Merkel en Alemania<\/h2>\n\n\n\n<p>M\u00e1s que significar un <strong>cambio en la canciller\u00eda de Alemania<\/strong>, los expertos indican que el gobierno de <strong>Olaf Scholz<\/strong> pretende continuar con la pol\u00edtica de Merkel y garantizar la <strong>estabilidad en la UE<\/strong>. Lo cual es sin duda parte del legado de la ex canciller durante sus 16 a\u00f1os de gesti\u00f3n.<\/p>\n\n\n\n<div class=\"wp-block-image is-style-default\"><figure class=\"alignright size-full is-resized\"><img loading=\"lazy\" decoding=\"async\" src=\"https:\/\/ramonramon.org\/blog\/wp-content\/uploads\/2022\/01\/POLITICA_MUNDIAL3-scaled.jpg\" alt=\"era Merkel\" class=\"wp-image-30434\" width=\"353\" height=\"184\" srcset=\"https:\/\/ramonramon.org\/blog\/wp-content\/uploads\/2022\/01\/POLITICA_MUNDIAL3-scaled.jpg 2560w, https:\/\/ramonramon.org\/blog\/wp-content\/uploads\/2022\/01\/POLITICA_MUNDIAL3-250x131.jpg 250w, https:\/\/ramonramon.org\/blog\/wp-content\/uploads\/2022\/01\/POLITICA_MUNDIAL3-1536x803.jpg 1536w, https:\/\/ramonramon.org\/blog\/wp-content\/uploads\/2022\/01\/POLITICA_MUNDIAL3-2048x1070.jpg 2048w\" sizes=\"auto, (max-width: 353px) 100vw, 353px\" \/><\/figure><\/div>\n\n\n\n<p>Al parecer, Merkel era el punto de inflexi\u00f3n en relaci\u00f3n con muchas de las <strong>decisiones pol\u00edticas, econ\u00f3micas y diplom\u00e1ticas en Europa<\/strong>. Dejando en cierto modo, una posibilidad para tomar en consideraci\u00f3n las propuestas de Macron o de Ursula von de Leyen.<\/p>\n\n\n\n<h2 class=\"wp-block-heading\" id=\"7-acceso-a-las-vacunas\">7.&nbsp;&nbsp;&nbsp;&nbsp; Acceso a las vacunas<\/h2>\n\n\n\n<p>La pol\u00edtica mundial en cuanto a las vacunas se ha convertido en asunto de estado. Bien sea por las implicaciones econ\u00f3micas de obtenerlas, como las normas de restricci\u00f3n o <strong>vacunaci\u00f3n obligatoria<\/strong> que han planteado algunas naciones.<\/p>\n\n\n\n<p>Ser\u00e1 interesante observar en 2022 las nuevas <strong>propuestas para aliviar las restricciones ciudadanas<\/strong>. Adem\u00e1s de los acuerdos internacionales que tendr\u00e1n lugar para el fortalecimiento del sector salud, el suministro de dosis y los planes de inmunizaci\u00f3n que ampare a los m\u00e1s desfavorecidos.<\/p>\n\n\n\n<h2 class=\"wp-block-heading\" id=\"8-menos-ayudas-y-mas-impuestos\">8.&nbsp;&nbsp;&nbsp;&nbsp; Menos ayudas y m\u00e1s impuestos<\/h2>\n\n\n\n<p>Algunas naciones severamente afectadas por el COVID 19 que han gestionado <strong>ayudas econ\u00f3micas<\/strong>, prev\u00e9n el fin de este sistema. Como respuesta natural al aumento del PIB, consideran que es necesario detener el endeudamiento antes de que sea una hipoteca imposible de pagar.<\/p>\n\n\n\n<p>El <strong>alza en los impuestos<\/strong> se presenta como una soluci\u00f3n viable para los optimistas. Los cuales perciben en las regulaciones de consumo energ\u00e9tico un punto donde apalancar los tributos. As\u00ed, pretenden atender ambas situaciones en forma simult\u00e1nea, corriendo el riesgo de que resulten en un verdadero desastre.<\/p>\n\n\n\n<h2 class=\"wp-block-heading\" id=\"9-retorno-de-la-movilidad\">9.&nbsp;&nbsp;&nbsp;&nbsp; Retorno de la movilidad<\/h2>\n\n\n\n<p>Un reto planteado desde 2021, pero que ser\u00e1 evaluado entre los <strong>aspectos de la pol\u00edtica mundial<\/strong> <strong>que debe observar en 2022<\/strong>. La raz\u00f3n principal, es que no hay un criterio \u00fanico para la movilidad internacional.<\/p>\n\n\n\n<p>Fronteras cerradas, cuarentena obligatoria, requisitos sanitarios, pasaporte verde, tecnolog\u00eda de detecci\u00f3n y otros factores que var\u00edan de un pa\u00eds a otro. Dejando claro que hace falta mucho m\u00e1s que un medio de transporte para el retorno de la movilidad, se requiere llegar a un consenso.<\/p>\n\n\n\n<h2 class=\"wp-block-heading\" id=\"bonus-economia-y-criptomonedas\">Bonus: Econom\u00eda y criptomonedas<\/h2>\n\n\n\n<div class=\"wp-block-image\"><figure class=\"alignleft size-full is-resized\"><img loading=\"lazy\" decoding=\"async\" src=\"https:\/\/ramonramon.org\/blog\/wp-content\/uploads\/2022\/01\/criptoactivo-o-criptomoneda.png\" alt=\"\" class=\"wp-image-30380\" width=\"313\" height=\"207\" srcset=\"https:\/\/ramonramon.org\/blog\/wp-content\/uploads\/2022\/01\/criptoactivo-o-criptomoneda.png 1373w, https:\/\/ramonramon.org\/blog\/wp-content\/uploads\/2022\/01\/criptoactivo-o-criptomoneda-214x141.png 214w\" sizes=\"auto, (max-width: 313px) 100vw, 313px\" \/><\/figure><\/div>\n\n\n\n<p>Ya no se trata de una tendencia de moda, <a href=\"https:\/\/ramonramon.org\/blog\/?s=bitcoin\">las <strong>criptomonedas y las transacciones digitales<\/strong> se han convertido en una alternativa masiva<\/a>. Lo que debe observar en 2022 <strong>la pol\u00edtica mundial<\/strong>, son los mecanismos de regulaci\u00f3n que permitan proteger los activos y evitar el lavado de dinero.<\/p>\n\n\n\n<p>Algunos gobiernos, grandes empresas y entidades internacionales reconocen sus ventajas al sumarse al <strong>mercado de tokens<\/strong>. Los m\u00e1s radicales optaron por prohibir su uso, otros en cambio han convertido el <strong>bitcoin en moneda de uso estatal<\/strong>, no hay que olvidar que <a href=\"https:\/\/www.infobae.com\/america\/america-latina\/2022\/01\/29\/la-aventura-bitcoin-de-nayib-bukele-puede-dejar-a-el-salvador-al-borde-del-default\/\">el FMI hace unos d\u00edas recomendaba a El Salvador dejar esta pol\u00edtica econ\u00f3mica<\/a>. Aunque se espera que sea una decisi\u00f3n temporal mientras se logran los mecanismos de legitimaci\u00f3n.<\/p>\n","protected":false},"excerpt":{"rendered":"<p>Seg\u00fan algunos expertos, hay nueve puntos estrat\u00e9gicos o aspectos de la pol\u00edtica mundial que deben observarse en 2022. En lo econ\u00f3mico y m\u00e1s a\u00fan en lo social, los pol\u00edticos tienen como reto establecer nuevas bases y modelos de liderazgo. Los desaf\u00edos de la pol\u00edtica mundial vienen con la misi\u00f3n de cambiar el paradigma de la&hellip;&nbsp;<a href=\"https:\/\/ramonramon.org\/blog\/2022\/02\/01\/nueve-aspectos-de-la-politica-mundial-que-deben-observarse-en-2022\/\" rel=\"bookmark\">Leer m\u00e1s &raquo;<span class=\"screen-reader-text\">Nueve aspectos de la pol\u00edtica mundial que deben observarse en 2022<\/span><\/a><\/p>\n","protected":false},"author":2070,"featured_media":30436,"comment_status":"open","ping_status":"open","sticky":false,"template":"","format":"standard","meta":{"neve_meta_sidebar":"","neve_meta_container":"","neve_meta_enable_content_width":"","neve_meta_content_width":0,"neve_meta_title_alignment":"","neve_meta_author_avatar":"","neve_post_elements_order":"","neve_meta_disable_header":"","neve_meta_disable_footer":"","neve_meta_disable_title":"","footnotes":""},"categories":[3,8],"tags":[2890],"class_list":["post-30370","post","type-post","status-publish","format-standard","has-post-thumbnail","hentry","category-administraciones-publicas","category-elecciones","tag-politica-mundial"],"aioseo_notices":[],"_links":{"self":[{"href":"https:\/\/ramonramon.org\/blog\/wp-json\/wp\/v2\/posts\/30370","targetHints":{"allow":["GET"]}}],"collection":[{"href":"https:\/\/ramonramon.org\/blog\/wp-json\/wp\/v2\/posts"}],"about":[{"href":"https:\/\/ramonramon.org\/blog\/wp-json\/wp\/v2\/types\/post"}],"author":[{"embeddable":true,"href":"https:\/\/ramonramon.org\/blog\/wp-json\/wp\/v2\/users\/2070"}],"replies":[{"embeddable":true,"href":"https:\/\/ramonramon.org\/blog\/wp-json\/wp\/v2\/comments?post=30370"}],"version-history":[{"count":0,"href":"https:\/\/ramonramon.org\/blog\/wp-json\/wp\/v2\/posts\/30370\/revisions"}],"wp:featuredmedia":[{"embeddable":true,"href":"https:\/\/ramonramon.org\/blog\/wp-json\/wp\/v2\/media\/30436"}],"wp:attachment":[{"href":"https:\/\/ramonramon.org\/blog\/wp-json\/wp\/v2\/media?parent=30370"}],"wp:term":[{"taxonomy":"category","embeddable":true,"href":"https:\/\/ramonramon.org\/blog\/wp-json\/wp\/v2\/categories?post=30370"},{"taxonomy":"post_tag","embeddable":true,"href":"https:\/\/ramonramon.org\/blog\/wp-json\/wp\/v2\/tags?post=30370"}],"curies":[{"name":"wp","href":"https:\/\/api.w.org\/{rel}","templated":true}]}}