{"id":3014,"date":"2009-11-10T21:40:20","date_gmt":"2009-11-10T20:40:20","guid":{"rendered":"https:\/\/www.ramonramon.org\/blog\/?p=3014"},"modified":"2020-03-22T13:01:56","modified_gmt":"2020-03-22T12:01:56","slug":"asistire-a-la-conferencia-internacional-de-software-libre-2009","status":"publish","type":"post","link":"https:\/\/ramonramon.org\/blog\/2009\/11\/10\/asistire-a-la-conferencia-internacional-de-software-libre-2009\/","title":{"rendered":"Asistir\u00e9 a la Conferencia Internacional de Software Libre 2009"},"content":{"rendered":"<p>Un a\u00f1o m\u00e1s tengo el honor de participar en la Conferencia, y aunque en esta edici\u00f3n no lo har\u00e9 directamente en la organizaci\u00f3n, si que lo har\u00e9 formando parte del Comit\u00e9 Internacional de Expertos y tambi\u00e9n impartiendo una conferencia; m\u00e1s concretamente \u00abMigraci\u00f3n a Software Libre en las Administraciones P\u00fablicas Locales\u00bb, que ser\u00e1 el primer d\u00eda (1 de diciembre) a las 17:45 en la Sala Malinche.<\/p>\n<p>como ya avisaba hace unos d\u00edas <a href=\"https:\/\/www.ramonramon.org\/blog\/2009\/11\/06\/queda-menos-de-un-mes-para-la-cisl-2009\/\">queda menos de un mes para que se celebre<\/a> y a\u00fan est\u00e1s a tiempo de inscribirte, no dejes de hacerlo, seguro que al final lo pasamos genial.<\/p>\n<p>Iniciativa Focus tambi\u00e9n participar\u00e1 con una ponencia sobre uno de los proyectos m\u00e1s ambiciosos que se han realizado a nivel de cooperaci\u00f3n y software libre, el denominado \u00abSoftware Libre para el S\u00e1hara Libre\u00bb, donde algunos de sus participantes nos contar\u00e1n todas sus experiencias, tanto previas como en el terreno.<\/p>\n<p>El programa poco a poco va cogiendo color, y las diferencias del publicado hoy son bastante notables con respecto al inicial.\u00a0 Si quieres estar informado al minuto de todo lo que vaya aconteciendo tienes tambi\u00e9n el <a href=\"http:\/\/twitter.com\/cisl09\">twitter de la Conferencia<\/a>.<\/p>\n","protected":false},"excerpt":{"rendered":"<p>Un a\u00f1o m\u00e1s tengo el honor de participar en la Conferencia, y aunque en esta edici\u00f3n no lo har\u00e9 directamente en la organizaci\u00f3n, si que lo har\u00e9 formando parte del Comit\u00e9 Internacional de Expertos y tambi\u00e9n impartiendo una conferencia; m\u00e1s concretamente \u00abMigraci\u00f3n a Software Libre en las Administraciones P\u00fablicas Locales\u00bb, que ser\u00e1 el primer d\u00eda&hellip;&nbsp;<a href=\"https:\/\/ramonramon.org\/blog\/2009\/11\/10\/asistire-a-la-conferencia-internacional-de-software-libre-2009\/\" rel=\"bookmark\">Leer m\u00e1s &raquo;<span class=\"screen-reader-text\">Asistir\u00e9 a la Conferencia Internacional de Software Libre 2009<\/span><\/a><\/p>\n","protected":false},"author":2070,"featured_media":0,"comment_status":"open","ping_status":"open","sticky":false,"template":"","format":"standard","meta":{"neve_meta_sidebar":"","neve_meta_container":"","neve_meta_enable_content_width":"","neve_meta_content_width":0,"neve_meta_title_alignment":"","neve_meta_author_avatar":"","neve_post_elements_order":"","neve_meta_disable_header":"","neve_meta_disable_footer":"","neve_meta_disable_title":"","footnotes":""},"categories":[14,27,30],"tags":[163,184,206,32,11,629],"class_list":["post-3014","post","type-post","status-publish","format-standard","hentry","category-iniciativafocus","category-software-libre","category-viajes","tag-caceres","tag-cisl","tag-conferencia-internacional","tag-conferencia-internacional-de-software-libre","tag-extremadura","tag-oswc"],"aioseo_notices":[],"_links":{"self":[{"href":"https:\/\/ramonramon.org\/blog\/wp-json\/wp\/v2\/posts\/3014","targetHints":{"allow":["GET"]}}],"collection":[{"href":"https:\/\/ramonramon.org\/blog\/wp-json\/wp\/v2\/posts"}],"about":[{"href":"https:\/\/ramonramon.org\/blog\/wp-json\/wp\/v2\/types\/post"}],"author":[{"embeddable":true,"href":"https:\/\/ramonramon.org\/blog\/wp-json\/wp\/v2\/users\/2070"}],"replies":[{"embeddable":true,"href":"https:\/\/ramonramon.org\/blog\/wp-json\/wp\/v2\/comments?post=3014"}],"version-history":[{"count":0,"href":"https:\/\/ramonramon.org\/blog\/wp-json\/wp\/v2\/posts\/3014\/revisions"}],"wp:attachment":[{"href":"https:\/\/ramonramon.org\/blog\/wp-json\/wp\/v2\/media?parent=3014"}],"wp:term":[{"taxonomy":"category","embeddable":true,"href":"https:\/\/ramonramon.org\/blog\/wp-json\/wp\/v2\/categories?post=3014"},{"taxonomy":"post_tag","embeddable":true,"href":"https:\/\/ramonramon.org\/blog\/wp-json\/wp\/v2\/tags?post=3014"}],"curies":[{"name":"wp","href":"https:\/\/api.w.org\/{rel}","templated":true}]}}