{"id":30,"date":"2006-03-09T18:08:00","date_gmt":"2006-03-09T16:08:00","guid":{"rendered":"https:\/\/www.ramonramon.org\/blog\/2006\/03\/09\/comienza-la-escuela-de-verano\/"},"modified":"2012-09-05T09:56:45","modified_gmt":"2012-09-05T07:56:45","slug":"comienza-la-escuela-de-verano","status":"publish","type":"post","link":"https:\/\/ramonramon.org\/blog\/2006\/03\/09\/comienza-la-escuela-de-verano\/","title":{"rendered":"Comienza la escuela de verano"},"content":{"rendered":"<style type=\"text\/css\">.flickr-photo { }.flickr-frame { float: right; text-align: center; margin-left: 15px; margin-bottom: 15px; }.flickr-caption { font-size: 0.8em; margin-top: 0px; }<\/style>\n<div class=\"flickr-frame\"> <a href=\"http:\/\/www.flickr.com\/photos\/ramonramon\/110058759\/\" title=\"photo sharing\"><img decoding=\"async\" src=\"http:\/\/static.flickr.com\/48\/110058759_952a5d754f_t.jpg\" class=\"flickr-photo\" alt=\"llegada participantes\" \/><\/a><br \/> <span class=\"flickr-caption\">  <a href=\"http:\/\/www.flickr.com\/photos\/ramonramon\/110058759\/\">llegada participantes<\/a>,<br \/>originally uploaded by <a href=\"http:\/\/www.flickr.com\/people\/ramonramon\/\">RAMONRAMON<\/a>. <\/span><\/div>\n<p>Cuando a\u00fan quedan algunos meses para el <a href=\"http:\/\/www.flickr.com\/photos\/ramonramon\/110061424\/\">veranito<\/a> y por lo tanto para la deseada Escuela de Verano, ya comenzamos a calentar motores.  Este a\u00f1o, la VII edici\u00f3n, vendr\u00e1 cargadas de novedades.  La primera ser\u00e1 la nueva fecha:<br \/>Del 21 de agosto al 3 de septiembre, justo despu\u00e9s de la feria de M\u00e1laga, (se est\u00e1 estudiando organizar algo un par de d\u00edas antes para que los alumnos que vienen de afuera puedan visitar y vivirla) y se espera contar en esta edici\u00f3n con m\u00e1s de 500 personas.  En este sentido, se est\u00e1 barajando un nuevo formato y un importante n\u00famero de cambios, que sin duda recoger\u00e1n algunas de las sugerencias de estas \u00faltimas ediciones.  Siempre con las maravillosas instalaciones que posee el Ceulaj, como <a href=\"http:\/\/www.flickr.com\/photos\/ramonramon\/110058491\/\">sala de juegos<\/a>, <a href=\"http:\/\/www.flickr.com\/photos\/ramonramon\/110058499\/\">pabell\u00f3n cubierto<\/a>, <a href=\"http:\/\/www.flickr.com\/photos\/ramonramon\/110061408\/\">piscina<\/a>, <a href=\"http:\/\/www.flickr.com\/photos\/ramonramon\/110058750\/\">salones de actos<\/a>, &#8230; o incluso las <a href=\"http:\/\/www.flickr.com\/photos\/ramonramon\/110058647\/\">actividades nocturnas<\/a>.<br \/>Espero nos volvamos a ver todos, y que cada d\u00eda <a href=\"http:\/\/www.flickr.com\/photos\/ramonramon\/110058682\/\">nuestra gran familia<\/a>, crezca un poquito m\u00e1s.<\/p>\n","protected":false},"excerpt":{"rendered":"<p>llegada participantes,originally uploaded by RAMONRAMON. Cuando a\u00fan quedan algunos meses para el veranito y por lo tanto para la deseada Escuela de Verano, ya comenzamos a calentar motores. Este a\u00f1o, la VII edici\u00f3n, vendr\u00e1 cargadas de novedades. La primera ser\u00e1 la nueva fecha:Del 21 de agosto al 3 de septiembre, justo despu\u00e9s de la feria&hellip;&nbsp;<a href=\"https:\/\/ramonramon.org\/blog\/2006\/03\/09\/comienza-la-escuela-de-verano\/\" rel=\"bookmark\">Leer m\u00e1s &raquo;<span class=\"screen-reader-text\">Comienza la escuela de verano<\/span><\/a><\/p>\n","protected":false},"author":2070,"featured_media":0,"comment_status":"open","ping_status":"open","sticky":false,"template":"","format":"standard","meta":{"neve_meta_sidebar":"","neve_meta_container":"","neve_meta_enable_content_width":"","neve_meta_content_width":0,"neve_meta_title_alignment":"","neve_meta_author_avatar":"","neve_post_elements_order":"","neve_meta_disable_header":"","neve_meta_disable_footer":"","neve_meta_disable_title":"","footnotes":""},"categories":[23],"tags":[],"class_list":["post-30","post","type-post","status-publish","format-standard","hentry","category-personal"],"aioseo_notices":[],"_links":{"self":[{"href":"https:\/\/ramonramon.org\/blog\/wp-json\/wp\/v2\/posts\/30","targetHints":{"allow":["GET"]}}],"collection":[{"href":"https:\/\/ramonramon.org\/blog\/wp-json\/wp\/v2\/posts"}],"about":[{"href":"https:\/\/ramonramon.org\/blog\/wp-json\/wp\/v2\/types\/post"}],"author":[{"embeddable":true,"href":"https:\/\/ramonramon.org\/blog\/wp-json\/wp\/v2\/users\/2070"}],"replies":[{"embeddable":true,"href":"https:\/\/ramonramon.org\/blog\/wp-json\/wp\/v2\/comments?post=30"}],"version-history":[{"count":0,"href":"https:\/\/ramonramon.org\/blog\/wp-json\/wp\/v2\/posts\/30\/revisions"}],"wp:attachment":[{"href":"https:\/\/ramonramon.org\/blog\/wp-json\/wp\/v2\/media?parent=30"}],"wp:term":[{"taxonomy":"category","embeddable":true,"href":"https:\/\/ramonramon.org\/blog\/wp-json\/wp\/v2\/categories?post=30"},{"taxonomy":"post_tag","embeddable":true,"href":"https:\/\/ramonramon.org\/blog\/wp-json\/wp\/v2\/tags?post=30"}],"curies":[{"name":"wp","href":"https:\/\/api.w.org\/{rel}","templated":true}]}}