{"id":29195,"date":"2021-03-10T22:45:50","date_gmt":"2021-03-10T21:45:50","guid":{"rendered":"https:\/\/ramonramon.org\/blog\/?p=29195"},"modified":"2021-03-11T12:39:08","modified_gmt":"2021-03-11T11:39:08","slug":"terremoto-politico-en-espana-ayuso-contra-todos","status":"publish","type":"post","link":"https:\/\/ramonramon.org\/blog\/2021\/03\/10\/terremoto-politico-en-espana-ayuso-contra-todos\/","title":{"rendered":"Terremoto pol\u00edtico en Espa\u00f1a: Ayuso contra todos"},"content":{"rendered":"\n<p>La presidenta de la Comunidad de Madrid, <strong>Isabel D\u00edaz Ayuso<\/strong>, ha disuelto la asamblea y convocado elecciones anticipadas, como efecto domin\u00f3 por la moci\u00f3n de censura presentada por el PSOE y Ciudadanos en la comunidad de Murcia. Un terremoto pol\u00edtico, un efecto mariposa de la pol\u00edtica actual tan vertiginosa, llena de Avasos comunicantes en Espa\u00f1a. <\/p>\n\n\n\n<figure class=\"wp-block-image size-full\"><img loading=\"lazy\" decoding=\"async\" width=\"2560\" height=\"1191\" src=\"https:\/\/ramonramon.org\/blog\/wp-content\/uploads\/2021\/03\/ayuso2-scaled.jpg\" alt=\"\" class=\"wp-image-29210\" srcset=\"https:\/\/ramonramon.org\/blog\/wp-content\/uploads\/2021\/03\/ayuso2-scaled.jpg 2560w, https:\/\/ramonramon.org\/blog\/wp-content\/uploads\/2021\/03\/ayuso2-250x116.jpg 250w, https:\/\/ramonramon.org\/blog\/wp-content\/uploads\/2021\/03\/ayuso2-1536x715.jpg 1536w, https:\/\/ramonramon.org\/blog\/wp-content\/uploads\/2021\/03\/ayuso2-2048x953.jpg 2048w\" sizes=\"auto, (max-width: 2560px) 100vw, 2560px\" \/><\/figure>\n\n\n\n<p>La pol\u00edtica de bloques pol\u00edticos en Espa\u00f1a, el bibloquismo (Podemos y PSOE, a la izquierda; PP, Ciudadanos y VOX, a la derecha) que sustituy\u00f3 al duradero bipartidismo, parece resquebrajarse por el lado conservador.<\/p>\n\n\n\n<p>Seguro que la cuesti\u00f3n acabar\u00e1 en los tribunales, pues tras la firma del decreto de disoluci\u00f3n, dos partidos -PSOE y M\u00e1s Pa\u00eds- registraron sendas mociones de censuras en un intento por frenar la convocatoria de elecciones. <\/p>\n\n\n\n<h2 class=\"wp-block-heading\">Comunicaci\u00f3n pol\u00edtica de una crisis pol\u00edtica de efectos imprevisibles<\/h2>\n\n\n\n<p>Pero lo que os quiero comentar es el discurso de Ayuso. Como era l\u00f3gico ha lanzado la campa\u00f1a electoral en el mismo momento que comunicaba lo ya sabido: que convocaba elecciones. <\/p>\n\n\n\n<p>La presidenta en funciones tiene un manejo de la comunicaci\u00f3n pol\u00edtica que a veces consume su propia acci\u00f3n de gobierno, sobre todo en esta pandemia, cuando ha hecho todo lo contrario que lo que dec\u00eda el Gobierno, hasta el punto de que se celebrara una cumbre sin precedentes entre ella y el presidente del Gobierno, Pedro S\u00e1nchez. <\/p>\n\n\n\n<p>Ese ir a la contra le ha valido la atenci\u00f3n y el apoyo de los sectores m\u00e1s aguerridos de su partido, el Partido Popular, y ciertas comparaciones positivas con respecto a su jefe pol\u00edtico, Pablo Casado, presidente del PP. <\/p>\n\n\n\n<p>En toda esta comunicaci\u00f3n de Ayuso est\u00e1 la mano de Miguel \u00c1ngel Rodr\u00edguez, asesor, spin doctor, gur\u00fa o como queramos llamarlo de Jos\u00e9 Mar\u00eda Aznar. MAR (como se le conoce) acompa\u00f1\u00f3 a Aznar desde sus tiempos de triste y oscuro presidente auton\u00f3mico a la Moncloa. El periodista lleg\u00f3 a ser portavoz del Gobierno.<\/p>\n\n\n\n<p>Con el tiempo, se encontr\u00f3 en la vida con Ayuso, y a \u00e9sta se encontr\u00f3 con la Presidencia, merced a un pacto con Ciudadanos y el apoyo externo de VOX.<\/p>\n\n\n\n<p>Dicho esto, vamos a lo que os quer\u00eda contar.<\/p>\n\n\n\n<div style=\"width:100%;padding-top:64%;position:relative;border-bottom:1px solid #aaa;display:inline-block;background:#eee;background:rgba(255,255,255,0.9);\">    <iframe src=\"https:\/\/secure-embed.rtve.es\/drmn\/embed\/video\/5814957\" name=\"Ayuso anuncia elecciones anticipadas en Madrid el 4 de mayo: &quot;Me he visto obligada por la inestabilidad provocada por Ciudadanos&quot;\" style=\"width:100%;height:90%;position:absolute;left:0;top:0;overflow:hidden;border:none;background-color:transparent;\" scrolling=\"no\" allowfullscreen=\"allowfullscreen\"><\/iframe>    <div style=\"position:absolute;bottom:0;left:0;font-family:arial,helvetica,sans-serif;font-size:12px;line-height:1.833;display:inline-block;padding:5px 0 5px 10px;\">        <span style=\"float:left;margin-right:10px;\">        \t<img decoding=\"async\" style=\"height:20px;width:auto;background: transparent;padding:0;margin:0;\" src=\"https:\/\/img2.rtve.es\/css\/rtve.commons\/rtve.header.footer\/i\/logoRTVEes.png\" alt=\"\">        <\/span>       \t<a style=\"color:#333;font-weight:bold;\" title=\"Ayuso anuncia elecciones anticipadas en Madrid el 4 de mayo: &quot;Me he visto obligada por la inestabilidad provocada por Ciudadanos&quot;\" href=\"https:\/\/www.rtve.es\/alacarta\/videos\/noticias-24-horas\/ayuso-anuncia-elecciones-anticipadas-madrid-4-mayo-he-visto-obligada-inestabilidad-provocada-ciudadanos\/5814957\/\">            <strong>Ayuso anuncia elecciones anticipadas en Madrid el 4 de mayo: \u00abMe he visto obligada por la inestabilidad provocada por Ciudadanos\u00bb<\/strong>\t\t<\/a>\t<\/div><\/div>\n\n\n\n<h2 class=\"wp-block-heading\">An\u00e1lisis de la declaraci\u00f3n de Ayuso convocando elecciones en Madrid<\/h2>\n\n\n\n<p>La declaraci\u00f3n de Ayuso contiene todo lo que debe contener un discurso que abre un nuevo episidio pol\u00edtico.<\/p>\n\n\n\n<p>Aunque planee la duda sobre cuestones jur\u00eddicas, Ayuso ha contado su relato y ha enmarcado la campa\u00f1a en una elecci\u00f3n entre libertad o socialismo. No entramos en cuestiones ideol\u00f3gias en este an\u00e1lisis de alcance. <\/p>\n\n\n\n<p>Queremos destacar c\u00f3mo ha aprovechado la m\u00e1xima atenci\u00f3n para lanzar su mensaje, encuadrar en su inter\u00e9s y fijar su relato.<\/p>\n\n\n\n<p>Convoco porque me iban a expulsar por una moci\u00f3n de censura. As\u00ed evito que el poder caiga en las manos de la izquierda y devuelvo la decisi\u00f3n a la ciudadan\u00eda con su voto. <\/p>\n\n\n\n<p>Con expresiones como \u00abNo puedo consentir que\u00bb ha convertido una reacci\u00f3n proactividad. Todos contra m\u00ed, contra mis principios, mis convicciones. \u00abMe enamoro&#8230;\u00bb ha llegado a decir. Madrid, \u00abvivir a la madrile\u00f1a\u00bb, la identifica con el territorio. Ha citado a diversos colectivos, como la hosteler\u00eda, que ha mostrado su apoyo por sus medidas menos restrictivas sobre ocio en estos momentos de pandemia.<\/p>\n\n\n\n<p>De manera resumido, comparto mis conclusiones de la intervenci\u00f3n:<\/p>\n\n\n\n<ul class=\"wp-block-list\"><li>Ayuso sit\u00faa la cuesti\u00f3n en un dilema de elecci\u00f3n &#8216;Libertad\/Socialismo&#8217;<\/li><li>Califica las acciones del adversario como elementos de su lucha a la contra, de frenar lo que puede pasar<\/li><li>Se sit\u00faa en el centro de la batalla: Ayuso contra todos<\/li><\/ul>\n\n\n\n<p><\/p>\n","protected":false},"excerpt":{"rendered":"<p>La presidenta de la Comunidad de Madrid, Isabel D\u00edaz Ayuso, ha disuelto la asamblea y convocado elecciones anticipadas, como efecto domin\u00f3 por la moci\u00f3n de censura presentada por el PSOE y Ciudadanos en la comunidad de Murcia. Un terremoto pol\u00edtico, un efecto mariposa de la pol\u00edtica actual tan vertiginosa, llena de Avasos comunicantes en Espa\u00f1a.&hellip;&nbsp;<a href=\"https:\/\/ramonramon.org\/blog\/2021\/03\/10\/terremoto-politico-en-espana-ayuso-contra-todos\/\" rel=\"bookmark\">Leer m\u00e1s &raquo;<span class=\"screen-reader-text\">Terremoto pol\u00edtico en Espa\u00f1a: Ayuso contra todos<\/span><\/a><\/p>\n","protected":false},"author":2070,"featured_media":29212,"comment_status":"open","ping_status":"open","sticky":false,"template":"","format":"standard","meta":{"neve_meta_sidebar":"","neve_meta_container":"","neve_meta_enable_content_width":"","neve_meta_content_width":0,"neve_meta_title_alignment":"","neve_meta_author_avatar":"","neve_post_elements_order":"","neve_meta_disable_header":"","neve_meta_disable_footer":"","neve_meta_disable_title":"","footnotes":""},"categories":[2008],"tags":[],"class_list":["post-29195","post","type-post","status-publish","format-standard","has-post-thumbnail","hentry","category-comunicacion"],"aioseo_notices":[],"_links":{"self":[{"href":"https:\/\/ramonramon.org\/blog\/wp-json\/wp\/v2\/posts\/29195","targetHints":{"allow":["GET"]}}],"collection":[{"href":"https:\/\/ramonramon.org\/blog\/wp-json\/wp\/v2\/posts"}],"about":[{"href":"https:\/\/ramonramon.org\/blog\/wp-json\/wp\/v2\/types\/post"}],"author":[{"embeddable":true,"href":"https:\/\/ramonramon.org\/blog\/wp-json\/wp\/v2\/users\/2070"}],"replies":[{"embeddable":true,"href":"https:\/\/ramonramon.org\/blog\/wp-json\/wp\/v2\/comments?post=29195"}],"version-history":[{"count":0,"href":"https:\/\/ramonramon.org\/blog\/wp-json\/wp\/v2\/posts\/29195\/revisions"}],"wp:featuredmedia":[{"embeddable":true,"href":"https:\/\/ramonramon.org\/blog\/wp-json\/wp\/v2\/media\/29212"}],"wp:attachment":[{"href":"https:\/\/ramonramon.org\/blog\/wp-json\/wp\/v2\/media?parent=29195"}],"wp:term":[{"taxonomy":"category","embeddable":true,"href":"https:\/\/ramonramon.org\/blog\/wp-json\/wp\/v2\/categories?post=29195"},{"taxonomy":"post_tag","embeddable":true,"href":"https:\/\/ramonramon.org\/blog\/wp-json\/wp\/v2\/tags?post=29195"}],"curies":[{"name":"wp","href":"https:\/\/api.w.org\/{rel}","templated":true}]}}