{"id":28656,"date":"2020-11-17T12:15:03","date_gmt":"2020-11-17T11:15:03","guid":{"rendered":"https:\/\/ramonramon.org\/blog\/?p=28656"},"modified":"2020-11-17T12:26:20","modified_gmt":"2020-11-17T11:26:20","slug":"15-anos-de-mi-blog-15-anos-de-vida-digital-con-vosotros","status":"publish","type":"post","link":"https:\/\/ramonramon.org\/blog\/2020\/11\/17\/15-anos-de-mi-blog-15-anos-de-vida-digital-con-vosotros\/","title":{"rendered":"15 a\u00f1os de mi blog, 15 a\u00f1os de vida digital con vosotros"},"content":{"rendered":"\n<h5 id=\"wp-block-themeisle-blocks-advanced-heading-e702b26c\" class=\"wp-block-themeisle-blocks-advanced-heading wp-block-themeisle-blocks-advanced-heading-e702b26c\">Parece mentira, las horas, reflexiones, momentos, inquietudes,&#8230;. compartidas y expresadas en este humilde blog, que ahora, cumple 15 a\u00f1os. <br><\/h5>\n\n\n\n<figure class=\"wp-block-image size-full is-style-default\"><img loading=\"lazy\" decoding=\"async\" width=\"1600\" height=\"744\" src=\"https:\/\/ramonramon.org\/blog\/wp-content\/uploads\/2020\/11\/15aniversario.jpeg\" alt=\"\" class=\"wp-image-28671\" srcset=\"https:\/\/ramonramon.org\/blog\/wp-content\/uploads\/2020\/11\/15aniversario.jpeg 1600w, https:\/\/ramonramon.org\/blog\/wp-content\/uploads\/2020\/11\/15aniversario-250x116.jpeg 250w, https:\/\/ramonramon.org\/blog\/wp-content\/uploads\/2020\/11\/15aniversario-1536x714.jpeg 1536w\" sizes=\"auto, (max-width: 1600px) 100vw, 1600px\" \/><\/figure>\n\n\n\n<p>Aunque sean 4 l\u00edneas, cada a\u00f1o intento escribir sobre <a href=\"https:\/\/ramonramon.org\/blog\/?s=aniversario+blog\" class=\"rank-math-link\">este maravilloso aniversario<\/a>, mi ventana al mundo, antes la \u00fanica, y desde que surgieron las redes sociales, una m\u00e1s, pero.. para m\u00ed la m\u00e1s importante.  <\/p>\n\n\n\n<p>Atr\u00e1s quedaron los res\u00famenes de <a href=\"https:\/\/ramonramon.org\/blog\/2012\/07\/05\/otra-de-estadisticas\/\" class=\"rank-math-link\">visitas recibidas<\/a>, a\u00fan recuerdo con mucho orgullo y algo de nostalgia las 6 mil visitas diarias, en el boom de la blogosfera hispana, que se fueron evaporando a ra\u00edz del crecimiento de las redes sociales.  Mis viajes que compart\u00eda, primero por Europa: mis estancias de estudio en Irlanda y Malta, y luego el posterior salto a a Latinoam\u00e9rica.  Y qu\u00e9 pena no haber tenido este blog en mi primer viaje transatl\u00e1ntico, a la Rep\u00fablica Dominicana, en el 2001 en un proyecto de cooperaci\u00f3n; un &#8216;salto del charco&#8217; que ya no volv\u00ed a dar hasta el 2010, con mis primeras visitas a Brasil y Chile primero, y posteriormente a Paraguay o Argentina, para luego poco a poco ir trabajando uno a uno en cada pa\u00eds del continente americano (hasta casi lograr el total).<\/p>\n\n\n\n<p>Y la eterna pregunta que seguro os pod\u00e9is plantar: <a href=\"https:\/\/ramonramon.org\/blog\/2013\/01\/25\/por-que-tener-un-blog\/\" class=\"rank-math-link\">\u00bfY para qu\u00e9 tener un blog?<\/a><\/p>\n\n\n\n<h3 class=\"wp-block-heading\">\u00bfPara qu\u00e9 sirve un blog?<\/h3>\n\n\n\n<p>Hoy, m\u00e1s abandonado que antes, igual de nost\u00e1lgico recuerdo cuando escrib\u00eda un post diario, incluso 10 por semana.  De mis andanzas en torno a la divulgaci\u00f3n del Conocimiento Libre, la Soberan\u00eda Tecnol\u00f3gica, al actual tema principal, <a href=\"https:\/\/ramonramon.org\/blog\/2020\/02\/14\/tecnopolitica-y-soberania-tecnologica\/\" class=\"rank-math-link\">la Tecnopol\u00edtica<\/a> en particular, y la Comunicaci\u00f3n Pol\u00edtica en general, pasando por conceptos como <a href=\"https:\/\/ramonramon.org\/blog\/2017\/01\/25\/sociedad-del-conocimiento-etica-hacker-principios-los-se-sustentan-los-gobiernos-abiertos\/\" class=\"rank-math-link\">Sociedad-Red o Gobierno Abierto<\/a>.<\/p>\n\n\n\n<figure class=\"wp-block-image size-full is-style-default\"><img loading=\"lazy\" decoding=\"async\" width=\"1600\" height=\"744\" src=\"https:\/\/ramonramon.org\/blog\/wp-content\/uploads\/2020\/11\/15anos_blog.jpeg\" alt=\"blog tecnopol\u00edtica y comunicaci\u00f3n\" class=\"wp-image-28673\" srcset=\"https:\/\/ramonramon.org\/blog\/wp-content\/uploads\/2020\/11\/15anos_blog.jpeg 1600w, https:\/\/ramonramon.org\/blog\/wp-content\/uploads\/2020\/11\/15anos_blog-250x116.jpeg 250w, https:\/\/ramonramon.org\/blog\/wp-content\/uploads\/2020\/11\/15anos_blog-1536x714.jpeg 1536w\" sizes=\"auto, (max-width: 1600px) 100vw, 1600px\" \/><\/figure>\n\n\n\n<p>Hoy, <a href=\"https:\/\/ramonramon.org\/blog\/2005\/11\/23\/yo-tambien-quiero-uno\/\" class=\"rank-math-link\">15 a\u00f1os m\u00e1s viejo, el blog<\/a> y por supuesto yo, me reafirmo en que s\u00ed o s\u00ed, todos y todas debemos tener una p\u00e1gina web (sea o no blog), un lugar donde cultivar nuestra identidad digital, donde poder compartir con la Sociedad, y&#8230; por supuesto, poder desahogarnos cuando y como nos plazca. Porque como bien dec\u00eda mi amigo Yoriento, sin un blog, <a href=\"https:\/\/ramonramon.org\/blog\/2012\/02\/13\/sin-un-blog-te-conviertes-en-un-homeless-digital\/\" class=\"rank-math-link\">eres un \u00absin-techo\u00bb digital<\/a>. <\/p>\n\n\n\n<p>Digo mi viejo blog, porque esta fue mi \u00fanica plataforma web hasta la llegada hace pocos meses de <a href=\"https:\/\/ramonramon.org\" class=\"rank-math-link\">mi nueva web: ramonramon.org<\/a>, lugar para compartir y <a href=\"https:\/\/ramonramon.org\/servicios-de-comunicacion-politica\/\" target=\"_blank\" aria-label=\"ofertar servicios, (opens in a new tab)\" rel=\"noreferrer noopener\" class=\"rank-math-link\">ofertar servicios,<\/a> lanzar nuevas ofertas y proyectos, y&#8230; conocer a parte de los proyectos empresariales que he lanzado estos \u00faltimos a\u00f1os.<\/p>\n\n\n\n<p>Aqu\u00ed os hago part\u00edcipes de <strong>este 15 aniversario de mi blog<\/strong>.  A todas y todos los que pasan de vez en cuando por ac\u00e1, a los nuevos lectores, a los que siempre me comparten su feedback, a los que no se atreven, o simplemente no les apetece, muchas, much\u00edsimas gracias por ser parte de este humilde proyecto.<\/p>\n","protected":false},"excerpt":{"rendered":"<p>Aunque sean 4 l\u00edneas, cada a\u00f1o intento escribir sobre este maravilloso aniversario, mi ventana al mundo, antes la \u00fanica, y desde que surgieron las redes sociales, una m\u00e1s, pero.. para m\u00ed la m\u00e1s importante. Atr\u00e1s quedaron los res\u00famenes de visitas recibidas, a\u00fan recuerdo con mucho orgullo y algo de nostalgia las 6 mil visitas diarias,&hellip;&nbsp;<a href=\"https:\/\/ramonramon.org\/blog\/2020\/11\/17\/15-anos-de-mi-blog-15-anos-de-vida-digital-con-vosotros\/\" rel=\"bookmark\">Leer m\u00e1s &raquo;<span class=\"screen-reader-text\">15 a\u00f1os de mi blog, 15 a\u00f1os de vida digital con vosotros<\/span><\/a><\/p>\n","protected":false},"author":2070,"featured_media":28673,"comment_status":"open","ping_status":"open","sticky":false,"template":"","format":"standard","meta":{"neve_meta_sidebar":"","neve_meta_container":"","neve_meta_enable_content_width":"","neve_meta_content_width":0,"neve_meta_title_alignment":"","neve_meta_author_avatar":"","neve_post_elements_order":"","neve_meta_disable_header":"","neve_meta_disable_footer":"","neve_meta_disable_title":"","footnotes":""},"categories":[5],"tags":[1992],"class_list":["post-28656","post","type-post","status-publish","format-standard","has-post-thumbnail","hentry","category-blog","tag-blog"],"aioseo_notices":[],"_links":{"self":[{"href":"https:\/\/ramonramon.org\/blog\/wp-json\/wp\/v2\/posts\/28656","targetHints":{"allow":["GET"]}}],"collection":[{"href":"https:\/\/ramonramon.org\/blog\/wp-json\/wp\/v2\/posts"}],"about":[{"href":"https:\/\/ramonramon.org\/blog\/wp-json\/wp\/v2\/types\/post"}],"author":[{"embeddable":true,"href":"https:\/\/ramonramon.org\/blog\/wp-json\/wp\/v2\/users\/2070"}],"replies":[{"embeddable":true,"href":"https:\/\/ramonramon.org\/blog\/wp-json\/wp\/v2\/comments?post=28656"}],"version-history":[{"count":0,"href":"https:\/\/ramonramon.org\/blog\/wp-json\/wp\/v2\/posts\/28656\/revisions"}],"wp:featuredmedia":[{"embeddable":true,"href":"https:\/\/ramonramon.org\/blog\/wp-json\/wp\/v2\/media\/28673"}],"wp:attachment":[{"href":"https:\/\/ramonramon.org\/blog\/wp-json\/wp\/v2\/media?parent=28656"}],"wp:term":[{"taxonomy":"category","embeddable":true,"href":"https:\/\/ramonramon.org\/blog\/wp-json\/wp\/v2\/categories?post=28656"},{"taxonomy":"post_tag","embeddable":true,"href":"https:\/\/ramonramon.org\/blog\/wp-json\/wp\/v2\/tags?post=28656"}],"curies":[{"name":"wp","href":"https:\/\/api.w.org\/{rel}","templated":true}]}}