{"id":28340,"date":"2020-08-19T15:13:12","date_gmt":"2020-08-19T13:13:12","guid":{"rendered":"https:\/\/www.ramonramon.org\/blog\/?p=28340"},"modified":"2020-09-25T14:08:52","modified_gmt":"2020-09-25T12:08:52","slug":"transformacion-digital-en-las-administraciones-publicas","status":"publish","type":"post","link":"https:\/\/ramonramon.org\/blog\/2020\/08\/19\/transformacion-digital-en-las-administraciones-publicas\/","title":{"rendered":"Transformaci\u00f3n digital en las administraciones p\u00fablicas"},"content":{"rendered":"\n<p>Las <a href=\"https:\/\/www.ramonramon.org\/blog\/category\/administraciones-publicas\/\" class=\"rank-math-link\">administraciones p\u00fablicas<\/a> se ven forzadas a acelerar su transformaci\u00f3n para poder seguir operativas y brindar servicios a los ciudadanos en este nuevo escenario.  Surgen infinidad de interrogantes, desde los <a href=\"https:\/\/www.ramonramon.org\/blog\/2020\/07\/01\/propuestas-para-la-comunicacion-politica-local-en-tiempos-de-pandemia\/\" class=\"rank-math-link\">comunicativos<\/a>, a como ofrecer servicios que antes solo eran posibles de forma presencial, o&#8230; el gran dilema \u00bfc\u00f3mo repartir los escasos recursos p\u00fablicos?<\/p>\n\n\n\n<p>Hasta hace unos meses se ve\u00eda importante <a href=\"https:\/\/www.ramonramon.org\/blog\/2018\/08\/28\/gobiernoabierto-impacto-de-la-tecnologia-en-la-politica-de-la-sociedad\/\" class=\"rank-math-link\">la aplicaci\u00f3n de la tecnolog\u00eda en los gobiernos<\/a>, ahora lo es imprescindible.<\/p>\n\n\n\n<p>Cuando cre\u00edamos que la etapa de post-covid19 era inminente vemos que la l\u00ednea del fin de pandemia se aleja permanentemente (rebrotes en Europa, picos de contagio en Am\u00e9rica Latina, etc.), entonces, <\/p>\n\n\n\n<h5 id=\"wp-block-themeisle-blocks-advanced-heading-a280f832\" class=\"wp-block-themeisle-blocks-advanced-heading wp-block-themeisle-blocks-advanced-heading-a280f832\"><strong>\u00bfComo har\u00e1 el Estado para reactivarse brindando servicios digitales al ciudadano con un presupuesto dedicado casi en su totalidad a la salud y servicios esenciales?<\/strong><br><br><br><\/h5>\n\n\n\n<div class=\"wp-block-image\"><figure class=\"aligncenter size-large is-resized\"><img loading=\"lazy\" decoding=\"async\" src=\"https:\/\/www.ramonramon.org\/blog\/wp-content\/uploads\/transformaciondigital-3-1200x675.jpeg\" alt=\"\" class=\"wp-image-28362\" width=\"370\" height=\"208\" srcset=\"https:\/\/ramonramon.org\/blog\/wp-content\/uploads\/transformaciondigital-3-1200x675.jpeg 1200w, https:\/\/ramonramon.org\/blog\/wp-content\/uploads\/transformaciondigital-3-850x478.jpeg 850w\" sizes=\"auto, (max-width: 370px) 100vw, 370px\" \/><\/figure><\/div>\n\n\n\n<p>Esta y otras preguntas relacionadas a la transformaci\u00f3n digital del sector p\u00fablico las estaremos conversando en nuestro Workshop \u201cTransformaci\u00f3n digital de las Administraciones P\u00fablicas\u201d de la mano de Kary Manzaraz, una de las protagonistas de estos procesos.  De inscripci\u00f3n gratuita y obligatoria, tendremos esta formaci\u00f3n el pr\u00f3ximo <strong>mi\u00e9rcoles, 26 de agosto, a las 16:00 hora<\/strong>s de Ciudad de M\u00e9xico, Quito, Bogot\u00e1,Lima,&#8230; o 18:00 hora de Buenos Aires o 23:00 hora de Ceuta, Madrid.<\/p>\n\n\n\n<p>En el taller que impartiremos en el 2\u00ba Campus Intensivo Virtual esperamos resolver las dudas que surgen ante la forma de atender y eficientar las administraciones p\u00fablicas,pero mientras te invito a que veas el avance del taller en forma de webinar:<\/p>\n\n\n\n<figure class=\"wp-block-embed-youtube wp-block-embed is-type-rich is-provider-gestor-del-servicio wp-embed-aspect-16-9 wp-has-aspect-ratio\"><div class=\"wp-block-embed__wrapper\">\n<div class=\"nv-iframe-embed\"><iframe loading=\"lazy\" title=\"Webinar Gratuito: Transformaci\u00f3n digital en las administraciones p\u00fablicas\" width=\"1200\" height=\"675\" src=\"https:\/\/www.youtube.com\/embed\/HFaHc9YYRao?feature=oembed\" frameborder=\"0\" allow=\"accelerometer; autoplay; clipboard-write; encrypted-media; gyroscope; picture-in-picture; web-share\" referrerpolicy=\"strict-origin-when-cross-origin\" allowfullscreen><\/iframe><\/div>\n<\/div><\/figure>\n\n\n\n<p><\/p>\n","protected":false},"excerpt":{"rendered":"<p>Las administraciones p\u00fablicas se ven forzadas a acelerar su transformaci\u00f3n para poder seguir operativas y brindar servicios a los ciudadanos en este nuevo escenario. Surgen infinidad de interrogantes, desde los comunicativos, a como ofrecer servicios que antes solo eran posibles de forma presencial, o&#8230; el gran dilema \u00bfc\u00f3mo repartir los escasos recursos p\u00fablicos? Hasta hace&hellip;&nbsp;<a href=\"https:\/\/ramonramon.org\/blog\/2020\/08\/19\/transformacion-digital-en-las-administraciones-publicas\/\" rel=\"bookmark\">Leer m\u00e1s &raquo;<span class=\"screen-reader-text\">Transformaci\u00f3n digital en las administraciones p\u00fablicas<\/span><\/a><\/p>\n","protected":false},"author":2303,"featured_media":28356,"comment_status":"open","ping_status":"open","sticky":false,"template":"","format":"standard","meta":{"neve_meta_sidebar":"","neve_meta_container":"","neve_meta_enable_content_width":"","neve_meta_content_width":0,"neve_meta_title_alignment":"","neve_meta_author_avatar":"","neve_post_elements_order":"","neve_meta_disable_header":"","neve_meta_disable_footer":"","neve_meta_disable_title":"","footnotes":""},"categories":[3],"tags":[],"class_list":["post-28340","post","type-post","status-publish","format-standard","has-post-thumbnail","hentry","category-administraciones-publicas"],"aioseo_notices":[],"_links":{"self":[{"href":"https:\/\/ramonramon.org\/blog\/wp-json\/wp\/v2\/posts\/28340","targetHints":{"allow":["GET"]}}],"collection":[{"href":"https:\/\/ramonramon.org\/blog\/wp-json\/wp\/v2\/posts"}],"about":[{"href":"https:\/\/ramonramon.org\/blog\/wp-json\/wp\/v2\/types\/post"}],"author":[{"embeddable":true,"href":"https:\/\/ramonramon.org\/blog\/wp-json\/wp\/v2\/users\/2303"}],"replies":[{"embeddable":true,"href":"https:\/\/ramonramon.org\/blog\/wp-json\/wp\/v2\/comments?post=28340"}],"version-history":[{"count":0,"href":"https:\/\/ramonramon.org\/blog\/wp-json\/wp\/v2\/posts\/28340\/revisions"}],"wp:featuredmedia":[{"embeddable":true,"href":"https:\/\/ramonramon.org\/blog\/wp-json\/wp\/v2\/media\/28356"}],"wp:attachment":[{"href":"https:\/\/ramonramon.org\/blog\/wp-json\/wp\/v2\/media?parent=28340"}],"wp:term":[{"taxonomy":"category","embeddable":true,"href":"https:\/\/ramonramon.org\/blog\/wp-json\/wp\/v2\/categories?post=28340"},{"taxonomy":"post_tag","embeddable":true,"href":"https:\/\/ramonramon.org\/blog\/wp-json\/wp\/v2\/tags?post=28340"}],"curies":[{"name":"wp","href":"https:\/\/api.w.org\/{rel}","templated":true}]}}