{"id":28295,"date":"2020-08-17T15:00:00","date_gmt":"2020-08-17T13:00:00","guid":{"rendered":"https:\/\/www.ramonramon.org\/blog\/?p=28295"},"modified":"2020-08-28T13:32:46","modified_gmt":"2020-08-28T11:32:46","slug":"las-variables-politicas-de-la-pandemia-primera-parte","status":"publish","type":"post","link":"https:\/\/ramonramon.org\/blog\/2020\/08\/17\/las-variables-politicas-de-la-pandemia-primera-parte\/","title":{"rendered":"Las variables pol\u00edticas de la pandemia (Primera parte)"},"content":{"rendered":"\n<p>La irrupci\u00f3n de la COVID 19 en la pol\u00edtica exacerb\u00f3 variables estructurales de la sociedad moderna. Estas variables se mantendr\u00e1n en <a href=\"https:\/\/www.ramonramon.org\/blog\/?s=mundo+post+pandemia\" class=\"rank-math-link\">mundo post pandemia<\/a> por mucho tiempo.<\/p>\n\n\n\n<p>Aun cuando se pueda considerar que la COVID 19 y la pandemia es una coyuntura, las grandes tensiones se dar\u00e1n en base a variables pol\u00edticas ya existentes.<\/p>\n\n\n\n<p>Por ende, <strong>las variables post pandemia exist\u00edan antes del brote de coronavirus en China, se mantienen durante la pandemia y permanecer\u00e1n despu\u00e9s de \u00e9sta<\/strong>; llegando a determinar algunas tensiones que se pueden organizar en varios niveles para facilitar su comprensi\u00f3n.<\/p>\n\n\n\n<p>Los niveles en los que se expresan las llamadas variables pol\u00edticas post pandemia son:&nbsp;<\/p>\n\n\n\n<ul class=\"wp-block-list\"><li>&nbsp; Geopol\u00edtico&nbsp;<\/li><li>&nbsp; Regional<\/li><li>&nbsp; Nacional<\/li><li>&nbsp; Local<\/li><li>&nbsp; Comunitario y familiar<\/li><\/ul>\n\n\n\n<p>En este post abordaremos los dos primeros niveles, el geopol\u00edtico y el regional, y quedar\u00e1 para un segundo art\u00edculo los tres restantes niveles: nacional, local y comunitario y familiar.<\/p>\n\n\n\n<figure class=\"wp-block-image size-full\"><img loading=\"lazy\" decoding=\"async\" width=\"1291\" height=\"601\" src=\"https:\/\/www.ramonramon.org\/blog\/wp-content\/uploads\/blog-rr_17agosto.png\" alt=\"\" class=\"wp-image-28310\" srcset=\"https:\/\/ramonramon.org\/blog\/wp-content\/uploads\/blog-rr_17agosto.png 1291w, https:\/\/ramonramon.org\/blog\/wp-content\/uploads\/blog-rr_17agosto-250x116.png 250w\" sizes=\"auto, (max-width: 1291px) 100vw, 1291px\" \/><\/figure>\n\n\n\n<h2 class=\"wp-block-heading\">El nivel geopol\u00edtico<\/h2>\n\n\n\n<p>A nivel geopol\u00edtico son tres las variables post pandemia que se deben tomar en cuenta. \u00c9stas son: <strong>el acceso y control de los recursos geoestrat\u00e9gicos, las contradicciones de los modelos pol\u00edticos, y la tensi\u00f3n de los imaginarios colectivos<\/strong>.<\/p>\n\n\n\n<h3 class=\"wp-block-heading\">El acceso y control de los recursos geoestrat\u00e9gicos<\/h3>\n\n\n\n<p>Mucho antes de la COVID 19 existe un gran enfrentamiento. Este conflicto se da entre dos grandes polos de poder geopol\u00edtico enfrentados por el acceso y control de los recursos geoestrat\u00e9gicos del mundo y representados por Estados Unidos y sus aliados contra Rusia, China e Ir\u00e1n.<\/p>\n\n\n\n<p><strong>Entre los recursos geoestrat\u00e9gicos est\u00e1 la energ\u00eda<\/strong>, representada por los yacimientos de petr\u00f3leo, su \u00e1reas de producci\u00f3n y las v\u00edas de comercializaci\u00f3n hacia los centros de refinaci\u00f3n.<\/p>\n\n\n\n<p>Adem\u00e1s est\u00e1n las materias primas, los metales, tantos preciosos, como los de uso industrial y los llamados metales raros que adquieren una valor geopol\u00edtico debido al uso de \u00e9stos en la producci\u00f3n de equipos electr\u00f3nicos.<\/p>\n\n\n\n<p><strong>Sumado a estos recursos minerales est\u00e1 el acceso al agua potable y a la llamada biodiversidad<\/strong>, que tiene un valor econ\u00f3mico para la industria farmac\u00e9utica y alimentaria.<\/p>\n\n\n\n<p>La posibilidad de que un bando del conflicto geopol\u00edtico controle el acceso de estos recursos geoestrat\u00e9gicos es la negaci\u00f3n de que el otro bando los tenga.<\/p>\n\n\n\n<p>El llamado proyecto de la nueva ruta de la seda viene a ser el contexto por el control de dichos recursos, entre la alianza chino-rusa y los pa\u00edses de occidente.<\/p>\n\n\n\n<p>La COVID 19 aparece en la escena y se convierte en un argumento m\u00e1s de ambos bandos de este conflicto por el control de estos recursos.<\/p>\n\n\n\n<p>El golpe que signific\u00f3 la pandemia para la econom\u00eda de ambos bandos hace que esta variable post pandemia tome un car\u00e1cter determinante en este conflicto.<\/p>\n\n\n\n<h3 class=\"wp-block-heading\">Las contradicciones de los modelos pol\u00edticos<\/h3>\n\n\n\n<p>En lo que respecta a las contradicciones de los modelos pol\u00edticos s<strong>e trata de una r\u00e9plica de aquel viejo debate de la guerra fr\u00eda entre el mundo libre u occidente y el llamado bloque socialista<\/strong>, que ya no existe pero se rememora esta variable del viejo conflicto.<\/p>\n\n\n\n<p>Los modelos pol\u00edticos enfrentados en esta variable post pandemia incluyen los valores y principios de la denominada democracia liberal contra los del mundo no occidental representados por el h\u00edbrido pol\u00edtico y econ\u00f3mico chino, el r\u00e9gimen de la burgues\u00eda rusa y la denominada revoluci\u00f3n isl\u00e1mica de Ir\u00e1n.<\/p>\n\n\n\n<p>La<a href=\"https:\/\/www.ramonramon.org\/blog\/?s=covid\" class=\"rank-math-link\"> pandemia de la COVID 19<\/a> es un cap\u00edtulo en el enfrentamiento entre estos dos modelos, el liberal democr\u00e1tico y uno que se presenta alternativo a \u00e9ste, y que suma Corea del Norte, Venezuela y Siria.<\/p>\n\n\n\n<h3 class=\"wp-block-heading\">La tensi\u00f3n de los imaginarios colectivos&nbsp;<\/h3>\n\n\n\n<p>Una tercera variable del mundo post pandemia es la tensi\u00f3n de los imaginarios colectivos.<strong> Mientras el mundo se debate entre modelos pol\u00edticos y acceso por recursos se construyen dos enfoques culturales diferentes.<\/strong><\/p>\n\n\n\n<p>Por un lado, <strong>Occidente propone su cultura como expresi\u00f3n universal y acabada de la sociedad moderna;<\/strong> mientras que el bando ruso-chino-iran\u00ed aboga por la diversidad cultural centrada en valores tradicionales de sus propias civilizaciones.<\/p>\n\n\n\n<p><strong>En ambos bandos existen concepciones retr\u00f3gradas de la cultur<\/strong>a que se basan en el racismo y la xenofobia y que han aflorado durante la pandemia y amenazan con mantenerse en el mundo post pandemia.<\/p>\n\n\n\n<p>Como parte de la construcci\u00f3n de estos imaginarios surgen varios relatos dela COVID 19, entre ellos est\u00e1n los que subestiman la enfermedad y hablan de la posibilidad de abrir sin control alguno todas las actividades econ\u00f3micas.&nbsp;<\/p>\n\n\n\n<p><strong>Un relato sobre la COVID 19 parte de definir al coronavirus como una especie de macabra conspiraci\u00f3n<\/strong> entre fuerzas muy poderosas que pretenden reprimir derechos sobre el terror a una enfermedad que no existe.<\/p>\n\n\n\n<p>Otros relatos sobre la COVID 19 que se expresan en la variable post pandemia es el de exacerbar el peligro de los nuevos brotes (en Espa\u00f1a ya se est\u00e1n registrando, y de hecho pareciera estamos ante la tan temida \u00absegunda ola\u00bb) para lo cual se deben extremar las medidas de bioseguridad.<\/p>\n\n\n\n<p>Algunos relatos pueden ser h\u00edbridos de los anteriores. <strong>El estudio de los discursos y la comunicaci\u00f3n pol\u00edtica puede ir ampliando mucho la diversidad de los relatos sobre la COVID 19<\/strong> que se mantienen en la variable post pandemia de los imaginarios colectivos.<\/p>\n\n\n\n<figure class=\"wp-block-image size-full\"><img loading=\"lazy\" decoding=\"async\" width=\"1291\" height=\"601\" src=\"https:\/\/www.ramonramon.org\/blog\/wp-content\/uploads\/blog-rr-17agosto-2_Mesa-de-trabajo-1-copia-3-1.png\" alt=\"\" class=\"wp-image-28317\" srcset=\"https:\/\/ramonramon.org\/blog\/wp-content\/uploads\/blog-rr-17agosto-2_Mesa-de-trabajo-1-copia-3-1.png 1291w, https:\/\/ramonramon.org\/blog\/wp-content\/uploads\/blog-rr-17agosto-2_Mesa-de-trabajo-1-copia-3-1-250x116.png 250w\" sizes=\"auto, (max-width: 1291px) 100vw, 1291px\" \/><\/figure>\n\n\n\n<h2 class=\"wp-block-heading\">El nivel regional<\/h2>\n\n\n\n<p>El nivel regional est\u00e1 caracterizado por la existencia de LATAM como regi\u00f3n; as\u00ed como de varias subregiones de esta, entre ellas: Am\u00e9rica del norte, Am\u00e9rica Central, el Caribe, Am\u00e9rica del Sur, y unas subregiones geopol\u00edticas como los andes, el cono sur entre otras.<\/p>\n\n\n\n<p>Las variables pol\u00edticas regionales del post pandemia son propias de la pandemia como los desequilibrios en el manejo de los brotes, y de origen estructural como el desempleo y la migraci\u00f3n.<\/p>\n\n\n\n<h3 class=\"wp-block-heading\">Los desequilibrios en el manejo de los brotes<\/h3>\n\n\n\n<p>Los desequilibrios en el manejo de los brotes se originan en los efectos de las pol\u00edticas sanitarias aplicadas por los diferentes pa\u00edses de una regi\u00f3n. Estos desequilibrios pueden generar una movilidad humana sin precedentes en muchas regiones.<\/p>\n\n\n\n<p>Ya los efectos de esos desequilibrios se pueden ver entre pa\u00edses como Brasil y Uruguay, entre Brasil y Colombia, entre Bolivia y Argentina, entre Estados Unidos y M\u00e9xico.<\/p>\n\n\n\n<p><strong>Cada vez que un pa\u00eds de una regi\u00f3n se convierte en centro de la pandemia las implicaciones en los pa\u00edses vecinos se vuelven casi incontrolables. <\/strong>Nadie sabe qu\u00e9 puede pasar si el colapso del sistema de salud brasile\u00f1o se conjuga con las otras variables como el desempleo y la inminente migraci\u00f3n de la poblaci\u00f3n.<\/p>\n\n\n\n<p>Las implicaciones en LATAM ocasionadas por el colapso sanitario en Brasil sumada a una situaci\u00f3n pol\u00edtica inestable, en el marco de una crisis econ\u00f3mica mundial son totalmente inciertas.<\/p>\n\n\n\n<p>Mientras tanto en el norte un rebrote de la COVID 19 en Estados Unidos durante el pr\u00f3ximo oto\u00f1o puede ocasionar tensiones sociales enrarecidas por el clima de protestas raciales m\u00e1s la cada vez mayor beligerancia de grupos supremacistas en medio de un proceso electoral.<\/p>\n\n\n\n<p>A su vez, los vecinos de Estados Unidos, tanto Canad\u00e1 como M\u00e9xico parecen haber logrado controlar a la COVID 19 no con pocos conflictos internos (yo me sigo sin creer los n\u00fameros en general, pero especialmente de M\u00e9xico).<\/p>\n\n\n\n<h3 class=\"wp-block-heading\">El desempleo a causa del coronavirus<\/h3>\n\n\n\n<p>Adem\u00e1s de la COVID 19 el mundo post pandemia debe enfrentarse a una crisis econ\u00f3mica mundial que significar\u00e1 la p\u00e9rdida de muchos puestos de trabajo, producto del cierre o bancarrota de empresas.<\/p>\n\n\n\n<p><strong>Este panorama amenaza con aumentar el \u00edndice de desempleo en LATAM. <\/strong>La f\u00f3rmula de salvaci\u00f3n en una situaci\u00f3n tan compleja deber\u00e1 contar con la formulaci\u00f3n de pol\u00edticas que reactiven el aparato econ\u00f3mico tratando de evitar a su vez nuevos brotes de COVID 19.<\/p>\n\n\n\n<h3 class=\"wp-block-heading\">La migraci\u00f3n<\/h3>\n\n\n\n<p>En este escenario regional la migraci\u00f3n puede originarse luego que se levanten las prohibiciones y los cierres de frontera de los pa\u00edses m\u00e1s afectados por la COVID 19 y sus implicaciones econ\u00f3micas, entre ellas el desempleo a los pa\u00edses que superen mejor tanto la pandemia como la crisis econ\u00f3mica.<\/p>\n\n\n\n<p><strong>La apertura sin control de las fronteras no aparece como una opci\u00f3n posible<\/strong>, por ende el efecto del desempleo m\u00e1s que del COVID 19 producir\u00e1 caravanas de migrantes hacia pa\u00edses acostumbrados, como Estados Unidos, que aun con su alta cifra de contagiados y fallecidos por la enfermedad conservar\u00e1 por mucho tiempo la atracci\u00f3n de la migraci\u00f3n latinoamericana.<\/p>\n\n\n\n<p>El reto tambi\u00e9n se presentar\u00e1 para pa\u00edses destinos pocos comunes que surgir\u00e1n luego que termine la pandemia y sus efectos econ\u00f3micos inmediatos.<\/p>\n\n\n\n<p>Seguiremos abordando este tema en un segundo post.&nbsp;<\/p>\n","protected":false},"excerpt":{"rendered":"<p>La irrupci\u00f3n de la COVID 19 en la pol\u00edtica exacerb\u00f3 variables estructurales de la sociedad moderna. Estas variables se mantendr\u00e1n en mundo post pandemia por mucho tiempo. Aun cuando se pueda considerar que la COVID 19 y la pandemia es una coyuntura, las grandes tensiones se dar\u00e1n en base a variables pol\u00edticas ya existentes. Por&hellip;&nbsp;<a href=\"https:\/\/ramonramon.org\/blog\/2020\/08\/17\/las-variables-politicas-de-la-pandemia-primera-parte\/\" rel=\"bookmark\">Leer m\u00e1s &raquo;<span class=\"screen-reader-text\">Las variables pol\u00edticas de la pandemia (Primera parte)<\/span><\/a><\/p>\n","protected":false},"author":2070,"featured_media":28310,"comment_status":"open","ping_status":"open","sticky":false,"template":"","format":"standard","meta":{"neve_meta_sidebar":"","neve_meta_container":"","neve_meta_enable_content_width":"","neve_meta_content_width":0,"neve_meta_title_alignment":"","neve_meta_author_avatar":"","neve_post_elements_order":"","neve_meta_disable_header":"","neve_meta_disable_footer":"","neve_meta_disable_title":"","footnotes":""},"categories":[2008],"tags":[],"class_list":["post-28295","post","type-post","status-publish","format-standard","has-post-thumbnail","hentry","category-comunicacion"],"aioseo_notices":[],"_links":{"self":[{"href":"https:\/\/ramonramon.org\/blog\/wp-json\/wp\/v2\/posts\/28295","targetHints":{"allow":["GET"]}}],"collection":[{"href":"https:\/\/ramonramon.org\/blog\/wp-json\/wp\/v2\/posts"}],"about":[{"href":"https:\/\/ramonramon.org\/blog\/wp-json\/wp\/v2\/types\/post"}],"author":[{"embeddable":true,"href":"https:\/\/ramonramon.org\/blog\/wp-json\/wp\/v2\/users\/2070"}],"replies":[{"embeddable":true,"href":"https:\/\/ramonramon.org\/blog\/wp-json\/wp\/v2\/comments?post=28295"}],"version-history":[{"count":0,"href":"https:\/\/ramonramon.org\/blog\/wp-json\/wp\/v2\/posts\/28295\/revisions"}],"wp:featuredmedia":[{"embeddable":true,"href":"https:\/\/ramonramon.org\/blog\/wp-json\/wp\/v2\/media\/28310"}],"wp:attachment":[{"href":"https:\/\/ramonramon.org\/blog\/wp-json\/wp\/v2\/media?parent=28295"}],"wp:term":[{"taxonomy":"category","embeddable":true,"href":"https:\/\/ramonramon.org\/blog\/wp-json\/wp\/v2\/categories?post=28295"},{"taxonomy":"post_tag","embeddable":true,"href":"https:\/\/ramonramon.org\/blog\/wp-json\/wp\/v2\/tags?post=28295"}],"curies":[{"name":"wp","href":"https:\/\/api.w.org\/{rel}","templated":true}]}}