{"id":28186,"date":"2020-07-22T13:55:23","date_gmt":"2020-07-22T11:55:23","guid":{"rendered":"https:\/\/www.ramonramon.org\/blog\/?p=28186"},"modified":"2021-09-24T21:09:58","modified_gmt":"2021-09-24T19:09:58","slug":"campusintensivovirtual","status":"publish","type":"post","link":"https:\/\/ramonramon.org\/blog\/2020\/07\/22\/campusintensivovirtual\/","title":{"rendered":"Seguimos con formaci\u00f3n de primer nivel internacional en el Campus Intensivo Virtual de la COMPOL"},"content":{"rendered":"\n<p>\u00bfC\u00f3mo el coronavirus est\u00e1 cambiando la comunicaci\u00f3n pol\u00edtica? \u00bfQui\u00e9nes ganar\u00e1n la batalla pol\u00edtica en torno a la pandemia? \u00bfCu\u00e1l es el papel de las nuevas tecnolog\u00edas en este nuevo tiempo? Todas estas preguntas y muchas m\u00e1s tienen respuesta en el <a href=\"https:\/\/www.ramonramon.org\/blog\/2020\/07\/06\/campus-intensivo-virtual-democratizando-la-comunicacion-politica-del-15-al-31-de-julio\/\" class=\"rank-math-link\">primer Campus Intensivo Virtual \u00abDemocratizando la Comunicaci\u00f3n Pol\u00edtica\u00bb<\/a>, dirigido a funcionarios, apasionados, profesionales y estudiantes de las materias de comunicaci\u00f3n y pol\u00edtica, as\u00ed como representantes p\u00fablicos, asesores y consultores pol\u00edticos.<br>Todo mediante sesiones telem\u00e1ticas convocadas en horarios GMT+2 (Ceuta-Espa\u00f1a) desde el pasado 15 y hasta el 31 de julio.<\/p>\n\n\n\n<figure class=\"wp-block-image size-large\"><img loading=\"lazy\" decoding=\"async\" width=\"1200\" height=\"675\" src=\"https:\/\/www.ramonramon.org\/blog\/wp-content\/uploads\/TodosPonentes-1200x675.jpg\" alt=\"\" class=\"wp-image-28165\" srcset=\"https:\/\/ramonramon.org\/blog\/wp-content\/uploads\/TodosPonentes-1200x675.jpg 1200w, https:\/\/ramonramon.org\/blog\/wp-content\/uploads\/TodosPonentes-850x478.jpg 850w\" sizes=\"auto, (max-width: 1200px) 100vw, 1200px\" \/><\/figure>\n\n\n\n<p>Durante la semana pasada, consultores y expertos de prestigio internacional participaron en el campus en su modalidad divulgativa, denominada El Foro, mientras que esta semana, el campus est\u00e1 dedicado a la parte m\u00e1s acad\u00e9mica y formativa, con un<a href=\"https:\/\/ramonramon.org\/product\/seminario\/\" class=\"rank-math-link\"> seminario sobre comunicaci\u00f3n institucional y electoral ante la nueva realidad social<\/a>, con m\u00f3dulos enfocados a la investigaci\u00f3n, la estrategia digital, la operaci\u00f3n digital, la estrategia y la tecnopol\u00edtica, \u00e1rea sobre la que tuve la oportunidad y el privilegio de formar yo ayer.<\/p>\n\n\n\n<figure class=\"wp-block-image size-large\"><img decoding=\"async\" src=\"https:\/\/www.ramonramon.org\/blog\/wp-content\/uploads\/sEMINARIO-1200x675.jpg\" alt=\"Seminario Compol\" class=\"wp-image-28173\"\/><\/figure>\n\n\n\n<p>Una de las grandes ventajas de esta modalidad formativa es que mediante la plataforma Moodle habilitada, cualquier participante puede <strong>acceder a todos los materiales compartidos, inclusive las grabaciones de las clases, en el horario que mejor le convenga<\/strong> (sin necesidad de estar presente en un horario determinado).<\/p>\n\n\n\n<p>Para la pr\u00f3xima semana, el campus tiene previsto <strong>diez talleres<\/strong> muy pr\u00e1cticos sobre Motivaci\u00f3n de Equipos, con Rub\u00e9n Turienzo; Comunicaci\u00f3n Interna y Desarrollo de habilidades, con Ver\u00f3nica Valdivia; Movilizaci\u00f3n electoral: Persuadir, Enamorar y Movilizar, con Ricardo Amado; Activismo digital en campa\u00f1as post-pandemia, con Alonso Cede\u00f1o; Geomarketing y movilizaci\u00f3n, con David Hij\u00f3n; T\u00e9cnicas de Investigaci\u00f3n, con Antonio Hern\u00e1ndez Espinel; La construcci\u00f3n de democracias m\u00e1s transparentes, con Diego Dieguez; <a href=\"https:\/\/ramonramon.org\/campus-intensivo-virtual\/?add-to-cart=30380\" class=\"rank-math-link\">De lo digital a lo territorial, con Miguel Valdez<\/a>; Estrategias de innovaci\u00f3n p\u00fablica para gobiernos locales, con Mat\u00edas Bianchi; y Pandemia Digital: S\u00edntomas, Diagn\u00f3stico y Vacuna contra la mentira y el odio digital, con Juli\u00e1n Mac\u00edas.<br><\/p>\n\n\n\n<div class=\"wp-block-image\"><figure class=\"aligncenter size-large\"><img decoding=\"async\" src=\"https:\/\/ramonramon.org\/wp-content\/uploads\/2020\/07\/WhatsApp-Image-2020-07-09-at-18.46.301-1024x865.jpeg.webp\" alt=\"\"\/><\/figure><\/div>\n\n\n\n<p>A\u00fan quedan espacios en algunos de los talleres por si quieres inscribirte, m\u00e1s informaci\u00f3n en <a href=\"https:\/\/ramonramon.org\/campus-intensivo-virtual\/\" class=\"rank-math-link\">ramonramon.org\/campus<\/a>.<\/p>\n","protected":false},"excerpt":{"rendered":"<p>\u00bfC\u00f3mo el coronavirus est\u00e1 cambiando la comunicaci\u00f3n pol\u00edtica? \u00bfQui\u00e9nes ganar\u00e1n la batalla pol\u00edtica en torno a la pandemia? \u00bfCu\u00e1l es el papel de las nuevas tecnolog\u00edas en este nuevo tiempo? Todas estas preguntas y muchas m\u00e1s tienen respuesta en el primer Campus Intensivo Virtual \u00abDemocratizando la Comunicaci\u00f3n Pol\u00edtica\u00bb, dirigido a funcionarios, apasionados, profesionales y estudiantes&hellip;&nbsp;<a href=\"https:\/\/ramonramon.org\/blog\/2020\/07\/22\/campusintensivovirtual\/\" rel=\"bookmark\">Leer m\u00e1s &raquo;<span class=\"screen-reader-text\">Seguimos con formaci\u00f3n de primer nivel internacional en el Campus Intensivo Virtual de la COMPOL<\/span><\/a><\/p>\n","protected":false},"author":2070,"featured_media":28122,"comment_status":"open","ping_status":"open","sticky":false,"template":"","format":"standard","meta":{"neve_meta_sidebar":"","neve_meta_container":"","neve_meta_enable_content_width":"","neve_meta_content_width":0,"neve_meta_title_alignment":"","neve_meta_author_avatar":"","neve_post_elements_order":"","neve_meta_disable_header":"","neve_meta_disable_footer":"","neve_meta_disable_title":"","footnotes":""},"categories":[2008,8],"tags":[1806,384],"class_list":["post-28186","post","type-post","status-publish","format-standard","has-post-thumbnail","hentry","category-comunicacion","category-elecciones","tag-comunicacion-politica","tag-formacion"],"aioseo_notices":[],"_links":{"self":[{"href":"https:\/\/ramonramon.org\/blog\/wp-json\/wp\/v2\/posts\/28186","targetHints":{"allow":["GET"]}}],"collection":[{"href":"https:\/\/ramonramon.org\/blog\/wp-json\/wp\/v2\/posts"}],"about":[{"href":"https:\/\/ramonramon.org\/blog\/wp-json\/wp\/v2\/types\/post"}],"author":[{"embeddable":true,"href":"https:\/\/ramonramon.org\/blog\/wp-json\/wp\/v2\/users\/2070"}],"replies":[{"embeddable":true,"href":"https:\/\/ramonramon.org\/blog\/wp-json\/wp\/v2\/comments?post=28186"}],"version-history":[{"count":0,"href":"https:\/\/ramonramon.org\/blog\/wp-json\/wp\/v2\/posts\/28186\/revisions"}],"wp:featuredmedia":[{"embeddable":true,"href":"https:\/\/ramonramon.org\/blog\/wp-json\/wp\/v2\/media\/28122"}],"wp:attachment":[{"href":"https:\/\/ramonramon.org\/blog\/wp-json\/wp\/v2\/media?parent=28186"}],"wp:term":[{"taxonomy":"category","embeddable":true,"href":"https:\/\/ramonramon.org\/blog\/wp-json\/wp\/v2\/categories?post=28186"},{"taxonomy":"post_tag","embeddable":true,"href":"https:\/\/ramonramon.org\/blog\/wp-json\/wp\/v2\/tags?post=28186"}],"curies":[{"name":"wp","href":"https:\/\/api.w.org\/{rel}","templated":true}]}}