{"id":2804,"date":"2009-10-03T10:23:06","date_gmt":"2009-10-03T08:23:06","guid":{"rendered":"https:\/\/www.ramonramon.org\/blog\/?p=2804"},"modified":"2020-03-22T13:07:37","modified_gmt":"2020-03-22T12:07:37","slug":"manifestacion-contra-la-sgae-manana-en-sevilla-problemas","status":"publish","type":"post","link":"https:\/\/ramonramon.org\/blog\/2009\/10\/03\/manifestacion-contra-la-sgae-manana-en-sevilla-problemas\/","title":{"rendered":"Manifestaci\u00f3n contra la SGAE ma\u00f1ana en Sevilla \u00bfproblemas?"},"content":{"rendered":"<p>Mientras en Rebeli\u00f3n aparece un art\u00edculo m\u00edo <a href=\"http:\/\/rebelion.org\/noticia.php?id=92515\">Un nuevo triunfo de la justicia contra la opresi\u00f3n<\/a> (gracias Rafa), me entero que la importante <a href=\"http:\/\/www.google.es\/search?q=manifestaci%C3%B3n+SGAE+Sevilla&amp;ie=utf-8&amp;oe=utf-8&amp;aq=t&amp;rls=org.mozilla:es-ES:official&amp;client=firefox-a\">manifestaci\u00f3n<\/a> que habr\u00eda ma\u00f1ana en Sevilla contra los abusos de la SGAE, la entidad m\u00e1s odiada en Espa\u00f1a:<\/p>\n<p><img loading=\"lazy\" decoding=\"async\" class=\"alignleft size-medium wp-image-2805\" title=\"AbusosSGAE\" src=\"https:\/\/www.ramonramon.org\/blog\/wp-content\/uploads\/2009\/10\/AbusosSGAE-595x478.jpg\" alt=\"AbusosSGAE\" width=\"127\" height=\"180\" srcset=\"https:\/\/ramonramon.org\/blog\/wp-content\/uploads\/2009\/10\/AbusosSGAE-100x141.jpg 100w, https:\/\/ramonramon.org\/blog\/wp-content\/uploads\/2009\/10\/AbusosSGAE.JPG 595w\" sizes=\"auto, (max-width: 127px) 100vw, 127px\" \/><\/p>\n<p style=\"text-align: center;\"><em>\u00abDesde PIRATA, VACHE, APEMIT, y Asociaci\u00f3n de Internautas,y varios musicos entre ellos,Luis Cobo(manglis) queremos convocar a la ciudadan\u00eda para decir juntos en voz alta \u201cBasta ya\u201d, para dejar bien claro que no son los amos y se\u00f1ores de la cultura, que no tienen licencia para decidir quien puede disfrutarla y quien no, que la cultura es libre y debe continuar llegando a todos los rincones de la sociedad, permitiendo a cualquier persona ser creador y consumidor y contribuir a potenciarla. Queremos que nuestra voz se escuche clara y se escuche ya!\u00bb<\/em><\/p>\n<p style=\"text-align: center;\"><strong>El domingo 4 de octubre, a las 11 de la ma\u00f1ana, en la Alameda de H\u00e9rcules. <\/strong><\/p>\n<p style=\"text-align: center;\"><strong> M\u00e1s informaci\u00f3n:\u00a0<a href=\"http:\/\/porlaculturalibre.blogspot.com\/\"> porlaculturalibre.blogspot.com<\/a><\/strong><\/p>\n<p style=\"text-align: center;\">y sobre todo en el siguiente v\u00eddeo<\/p>\n<p><center><object classid=\"clsid:d27cdb6e-ae6d-11cf-96b8-444553540000\" width=\"380\" height=\"240\" codebase=\"http:\/\/download.macromedia.com\/pub\/shockwave\/cabs\/flash\/swflash.cab#version=6,0,40,0\"><param name=\"flashvars\" value=\"file=http:\/\/www.internautas.tv\/videos\/flv\/20090923_1.flv&amp;image=http:\/\/www.internautas.tv\/imagenes\/20090923_1g.jpg&amp;plugins=viral-1\" \/><param name=\"src\" value=\"http:\/\/www.internautas.tv\/ver3\/player.swf\" \/><param name=\"allowfullscreen\" value=\"true\" \/><embed type=\"application\/x-shockwave-flash\" width=\"380\" height=\"240\" src=\"http:\/\/www.internautas.tv\/ver3\/player.swf\" allowfullscreen=\"true\" flashvars=\"file=http:\/\/www.internautas.tv\/videos\/flv\/20090923_1.flv&amp;image=http:\/\/www.internautas.tv\/imagenes\/20090923_1g.jpg&amp;plugins=viral-1\"><\/embed><\/object><\/center><\/p>\n<p>me entero por el partido pirata que el Ayuntamiento de Sevilla no est\u00e1 poni\u00e9ndolo nada f\u00e1cil.  \u00bfSe habr\u00e1 dejado influenciar por los largos tent\u00e1culos de la SGAE? \u00bfEstar\u00e1n exentos de pagar el impuesto revolucionario denominado canon por la utilizaci\u00f3n p\u00fablica -documentos, fotograf\u00edas,&#8230;- de soportes digitales?<\/p>\n","protected":false},"excerpt":{"rendered":"<p>Mientras en Rebeli\u00f3n aparece un art\u00edculo m\u00edo Un nuevo triunfo de la justicia contra la opresi\u00f3n (gracias Rafa), me entero que la importante manifestaci\u00f3n que habr\u00eda ma\u00f1ana en Sevilla contra los abusos de la SGAE, la entidad m\u00e1s odiada en Espa\u00f1a: \u00abDesde PIRATA, VACHE, APEMIT, y Asociaci\u00f3n de Internautas,y varios musicos entre ellos,Luis Cobo(manglis) queremos&hellip;&nbsp;<a href=\"https:\/\/ramonramon.org\/blog\/2009\/10\/03\/manifestacion-contra-la-sgae-manana-en-sevilla-problemas\/\" rel=\"bookmark\">Leer m\u00e1s &raquo;<span class=\"screen-reader-text\">Manifestaci\u00f3n contra la SGAE ma\u00f1ana en Sevilla \u00bfproblemas?<\/span><\/a><\/p>\n","protected":false},"author":2070,"featured_media":0,"comment_status":"open","ping_status":"open","sticky":false,"template":"","format":"standard","meta":{"neve_meta_sidebar":"","neve_meta_container":"","neve_meta_enable_content_width":"","neve_meta_content_width":0,"neve_meta_title_alignment":"","neve_meta_author_avatar":"","neve_post_elements_order":"","neve_meta_disable_header":"","neve_meta_disable_footer":"","neve_meta_disable_title":"","footnotes":""},"categories":[6,18],"tags":[905,150,151,1997,26],"class_list":["post-2804","post","type-post","status-publish","format-standard","hentry","category-conocimientolibre","category-libertad-tecnologica","tag-abusos-sgae","tag-canon","tag-canon-digital","tag-libertad-tecnologica","tag-sgae"],"aioseo_notices":[],"_links":{"self":[{"href":"https:\/\/ramonramon.org\/blog\/wp-json\/wp\/v2\/posts\/2804","targetHints":{"allow":["GET"]}}],"collection":[{"href":"https:\/\/ramonramon.org\/blog\/wp-json\/wp\/v2\/posts"}],"about":[{"href":"https:\/\/ramonramon.org\/blog\/wp-json\/wp\/v2\/types\/post"}],"author":[{"embeddable":true,"href":"https:\/\/ramonramon.org\/blog\/wp-json\/wp\/v2\/users\/2070"}],"replies":[{"embeddable":true,"href":"https:\/\/ramonramon.org\/blog\/wp-json\/wp\/v2\/comments?post=2804"}],"version-history":[{"count":0,"href":"https:\/\/ramonramon.org\/blog\/wp-json\/wp\/v2\/posts\/2804\/revisions"}],"wp:attachment":[{"href":"https:\/\/ramonramon.org\/blog\/wp-json\/wp\/v2\/media?parent=2804"}],"wp:term":[{"taxonomy":"category","embeddable":true,"href":"https:\/\/ramonramon.org\/blog\/wp-json\/wp\/v2\/categories?post=2804"},{"taxonomy":"post_tag","embeddable":true,"href":"https:\/\/ramonramon.org\/blog\/wp-json\/wp\/v2\/tags?post=2804"}],"curies":[{"name":"wp","href":"https:\/\/api.w.org\/{rel}","templated":true}]}}