{"id":2799,"date":"2009-10-01T14:40:42","date_gmt":"2009-10-01T12:40:42","guid":{"rendered":"https:\/\/www.ramonramon.org\/blog\/?p=2799"},"modified":"2009-10-01T14:40:42","modified_gmt":"2009-10-01T12:40:42","slug":"e-verano-org-2009-aplazado-hasta-2010","status":"publish","type":"post","link":"https:\/\/ramonramon.org\/blog\/2009\/10\/01\/e-verano-org-2009-aplazado-hasta-2010\/","title":{"rendered":"e-verano.org 2009 aplazado hasta 2010"},"content":{"rendered":"<p>La que sin dudas iba a ser la edici\u00f3n m\u00e1s ambiciosa de <a href=\"https:\/\/www.ramonramon.org\/blog\/tag\/e-verano\/\">e-verano.org<\/a> y uno de los eventos m\u00e1s importantes del Conocimiento Libre ha debido finalmente aplazarse para el pr\u00f3ximo a\u00f1o, como se anuncia en el <a href=\"http:\/\/twitter.com\/eVerano2009\">propio twitter del evento<\/a>.  Tras una importante labor de organizaci\u00f3n, una importante cantidad de ponentes confirmados, incluso internacionales, y casi todo dispuesto, como sab\u00e9is y sin previo aviso las instalaciones donde se iban a realizar el evento nos informaron que <a href=\"https:\/\/www.ramonramon.org\/blog\/2009\/06\/08\/ultima-hora-e-veranoorg-debido-a-obras-en-las-instalaciones-no-se-puede-celebrar-en-esas-fechas\/\">era imposible realizarse la actividad por obras<\/a>.<br \/>\nAunque desde la noticia (junio, julio e incluso agosto) se han realizado todos los esfuerzos para no tener que suspender, plante\u00e1ndonos una nueva fecha a finales de septiembre y otras nuevas instalaciones, baraj\u00e1ndose importante cantidad de nuevas ubicaciones y con una enorme colaboraci\u00f3n por parte de todos, la realidad se ha impuesto y.. lamentablemente hemos debido suspender la edici\u00f3n de este a\u00f1o, esperando poder tener oportunidad de retomar todo lo acordado-cerrado para la edici\u00f3n del 2010.<\/p>\n<p>Lo m\u00e1s triste de todo es observar todo lo <a href=\"https:\/\/www.ramonramon.org\/blog\/2009\/04\/21\/e-veranoorg-2009\/\">que se hab\u00eda organizado<\/a>, tanto a nivel de contenidos, <a href=\"https:\/\/www.ramonramon.org\/blog\/2009\/05\/08\/e-veranoorg-2009-sigue-creciendo\/\">ponentes<\/a>, <a href=\"https:\/\/www.ramonramon.org\/blog\/2009\/06\/26\/e-verano-org-2009-reconocimiento-oficial-de-la-uned\/\">reconocimiento de libre configuraci\u00f3n<\/a>,&#8230; y lo m\u00e1s importante, la apuesta que hab\u00edamos realizado por el sitio <a href=\"https:\/\/www.ramonramon.org\/blog\/2009\/05\/06\/ceulaj-el-mejor-entorno-para-el-e-veranoorg\/\">Ceulaj, el mejor entorno para el e-verano.org<\/a> que al final es lo que nos ha fallado \ud83d\ude41<\/p>\n","protected":false},"excerpt":{"rendered":"<p>La que sin dudas iba a ser la edici\u00f3n m\u00e1s ambiciosa de e-verano.org y uno de los eventos m\u00e1s importantes del Conocimiento Libre ha debido finalmente aplazarse para el pr\u00f3ximo a\u00f1o, como se anuncia en el propio twitter del evento. Tras una importante labor de organizaci\u00f3n, una importante cantidad de ponentes confirmados, incluso internacionales, y&hellip;&nbsp;<a href=\"https:\/\/ramonramon.org\/blog\/2009\/10\/01\/e-verano-org-2009-aplazado-hasta-2010\/\" rel=\"bookmark\">Leer m\u00e1s &raquo;<span class=\"screen-reader-text\">e-verano.org 2009 aplazado hasta 2010<\/span><\/a><\/p>\n","protected":false},"author":2070,"featured_media":0,"comment_status":"open","ping_status":"open","sticky":false,"template":"","format":"standard","meta":{"neve_meta_sidebar":"","neve_meta_container":"","neve_meta_enable_content_width":"","neve_meta_content_width":0,"neve_meta_title_alignment":"","neve_meta_author_avatar":"","neve_post_elements_order":"","neve_meta_disable_header":"","neve_meta_disable_footer":"","neve_meta_disable_title":"","footnotes":""},"categories":[6,14,16],"tags":[304,836,855],"class_list":["post-2799","post","type-post","status-publish","format-standard","hentry","category-conocimientolibre","category-iniciativafocus","category-jornadas-software-libre","tag-e-verano","tag-e-verano-org","tag-e-verano-org-2009"],"aioseo_notices":[],"_links":{"self":[{"href":"https:\/\/ramonramon.org\/blog\/wp-json\/wp\/v2\/posts\/2799","targetHints":{"allow":["GET"]}}],"collection":[{"href":"https:\/\/ramonramon.org\/blog\/wp-json\/wp\/v2\/posts"}],"about":[{"href":"https:\/\/ramonramon.org\/blog\/wp-json\/wp\/v2\/types\/post"}],"author":[{"embeddable":true,"href":"https:\/\/ramonramon.org\/blog\/wp-json\/wp\/v2\/users\/2070"}],"replies":[{"embeddable":true,"href":"https:\/\/ramonramon.org\/blog\/wp-json\/wp\/v2\/comments?post=2799"}],"version-history":[{"count":0,"href":"https:\/\/ramonramon.org\/blog\/wp-json\/wp\/v2\/posts\/2799\/revisions"}],"wp:attachment":[{"href":"https:\/\/ramonramon.org\/blog\/wp-json\/wp\/v2\/media?parent=2799"}],"wp:term":[{"taxonomy":"category","embeddable":true,"href":"https:\/\/ramonramon.org\/blog\/wp-json\/wp\/v2\/categories?post=2799"},{"taxonomy":"post_tag","embeddable":true,"href":"https:\/\/ramonramon.org\/blog\/wp-json\/wp\/v2\/tags?post=2799"}],"curies":[{"name":"wp","href":"https:\/\/api.w.org\/{rel}","templated":true}]}}