{"id":27573,"date":"2020-04-26T19:18:15","date_gmt":"2020-04-26T17:18:15","guid":{"rendered":"https:\/\/www.ramonramon.org\/blog\/?p=27573"},"modified":"2023-01-12T18:46:41","modified_gmt":"2023-01-12T17:46:41","slug":"tecnologias-de-rastreo-y-contacto-para-combatir-el-covid-19-si-pero-queremos-privacidad-por-diseno-no-por-confianza","status":"publish","type":"post","link":"https:\/\/ramonramon.org\/blog\/2020\/04\/26\/tecnologias-de-rastreo-y-contacto-para-combatir-el-covid-19-si-pero-queremos-privacidad-por-diseno-no-por-confianza\/","title":{"rendered":"\u00bfTecnolog\u00edas de rastreo y contacto para combatir el COVID-19? S\u00ed, pero queremos privacidad por dise\u00f1o, no por confianza"},"content":{"rendered":"\n<p><\/p>\n\n\n\n<figure class=\"wp-block-image size-large\"><img loading=\"lazy\" decoding=\"async\" width=\"1120\" height=\"662\" src=\"https:\/\/www.ramonramon.org\/blog\/wp-content\/uploads\/tecnologias-de-contacto-y-rastreo-covid-19-1.jpg\" alt=\"\" class=\"wp-image-27575\" srcset=\"https:\/\/ramonramon.org\/blog\/wp-content\/uploads\/tecnologias-de-contacto-y-rastreo-covid-19-1.jpg 1120w, https:\/\/ramonramon.org\/blog\/wp-content\/uploads\/tecnologias-de-contacto-y-rastreo-covid-19-1-239x141.jpg 239w\" sizes=\"auto, (max-width: 1120px) 100vw, 1120px\" \/><\/figure>\n\n\n\n<p>Las&nbsp;<em>apps&nbsp;<\/em>de rastreo y contacto son algunos de los instrumentos que los gobiernos y sus sistemas de salud comienzan a implementar para combatir el COVID-19.<\/p>\n\n\n\n<p>En Costa Rica su desarrollo y puesta en marcha se encuentra en planeaci\u00f3n, pero no exenta de debate. Algunos tecn\u00f3logos y pragm\u00e1ticos urgen por la implementaci\u00f3n de estas tecnolog\u00edas como pronta soluci\u00f3n para la reactivaci\u00f3n de la econom\u00eda y el regreso a la normalidad en nuestra sociedad, ellos acostumbrados a ver la vida en&nbsp;<em>bits&nbsp;<\/em>(unos y ceros), en m\u00e9tricas y datos, ven como palabrer\u00edas a los que como yo, deseamos el balance en la implementaci\u00f3n de estas tecnolog\u00edas para que se haga de una manera respetuosa de la privacidad y las libertades civiles de los ciudadanos.<\/p>\n\n\n\n<p>La discusi\u00f3n no es intrascendente, un&nbsp;<em>app&nbsp;<\/em>de contacto y rastreo para combatir el COVID-19 podr\u00eda recopilar y realizar tratamiento de datos personales como la geolocalizaci\u00f3n, los desplazamientos f\u00edsicos, los encuentros sociales, n\u00famero de tel\u00e9fonos, informaci\u00f3n de contactos, datos de salud, n\u00famero IMEI del dispositivo etc. Por tal raz\u00f3n, algunas voces a nivel mundial ya han se\u00f1alado los riesgos que se podr\u00edan enfrentar.<\/p>\n\n\n\n<p>La&nbsp;Comisi\u00f3n Europea&nbsp;manifest\u00f3 hace pocos d\u00edas que el uso de las tecnolog\u00edas de rastreo y contacto pueden afectar el ejercicio de ciertos derechos fundamentales, como entre otros, el derecho al respeto de la vida privada y familiar, por tal raz\u00f3n ya presentaron su propuesta de c\u00f3mo se deben desarrollar estas tecnolog\u00edas, m\u00e1s adelante lo explicar\u00e9. &nbsp;Por otro lado, el pasado 19 de abril, m\u00e1s de&nbsp;300 acad\u00e9micos e investigadores&nbsp;de 27 pa\u00edses han firmado un comunicado advirtiendo de los riesgos de una&nbsp;<em>app<\/em>&nbsp;de rastreo de contagios.<\/p>\n\n\n\n<p>Debemos estar atentos, la historia nos ha ense\u00f1ado que el caos y el miedo se convierten en escenarios ideales para restringir o disminuir las garant\u00edas y derechos de los m\u00e1s d\u00e9biles, es m\u00e1s f\u00e1cil que las personas cedan derechos cuando se encuentran m\u00e1s vulnerables y eso lo saben los gobernantes. Recordemos como despu\u00e9s de los ataques del 9\/11 y con la justificaci\u00f3n de la lucha contra el terrorismo se acept\u00f3 la validez de la teor\u00eda de la leg\u00edtima defensa preventiva, con la que un Estado puede invadir a otro por las meras sospechas de estar apoyando el terrorismo.&nbsp; A partir de ese hecho hist\u00f3rico nos ha tocado aceptar que en beneficio de la seguridad y bajo la perspectiva de la prevenci\u00f3n, todos tenemos que ser vigilados y todos somos sospechosos, por esa raz\u00f3n hoy en d\u00eda en Costa Rica las sociedades an\u00f3nimas dejaron de ser an\u00f3nimas, ya que la OCDE considera que esa es una forma efectiva de luchar contra el terrorismo. En consecuencia nos podr\u00edamos preguntar \u00bfHay algunos que querr\u00e1n aprovechar esta crisis para aumentar la vigilancia y el control? Estoy seguro que s\u00ed.<\/p>\n\n\n\n<p>No es correcto poner en disputa el derecho a la salud p\u00fablica versus otros derechos individuales, esto no es una discusi\u00f3n de todo o nada, de unos o ceros, de un derecho u otro, es posible que salud p\u00fablica y privacidad convivan de manera proporcional si se aplican los mecanismos adecuados que m\u00e1s adelante detallar\u00e9. Por eso no se puede aceptar de manera tajante lo que algunos proponen, que por el prop\u00f3sito superior de la salud p\u00fablica, debemos renunciar a nuestra privacidad, porque si la garant\u00eda de los derechos los intentan poner bajo estos matices, se puede llegar a casos como la reciente y fallida UPAD, cuando el presidente intent\u00f3 imponernos la idea que para cumplir con el prop\u00f3sito superior de realizar pol\u00edticas p\u00fablicas requer\u00eda tener los datos confidenciales de los costarricenses en su despacho, ya es conocido el desenlace de esa iniciativa. As\u00ed es cualquier prop\u00f3sito superior no es legalmente v\u00e1lido para restringir un derecho sin un an\u00e1lisis proporcional previo.<\/p>\n\n\n\n<p>Es completamente posible que en Costa Rica se desarrolle tecnolog\u00eda de contacto y rastreo para ponerla al servicio de la salud p\u00fablica del pa\u00eds y combatir de esta forma el virus, pero se requiere transparencia y apego a la ley para que la ciudadan\u00eda pueda confiar en esta iniciativa.<\/p>\n\n\n\n<p>Una forma de lograrlo es trabajar con un enfoque de&nbsp;<strong>privacidad desde el dise\u00f1o<\/strong>, en el cual la privacidad y la protecci\u00f3n de datos estar\u00e1 presenta en todas las fases del desarrollo de la tecnolog\u00eda, lo que garantizar\u00eda la seguridad de la informaci\u00f3n y el respeto a los datos personales de los ciudadanos,&nbsp;<strong>lo contrario a este enfoque es la privacidad por confianza<\/strong>, en la que el desarrollador de la tecnolog\u00eda y los que la gestionan nos piden confiar en ellos bajo la promesa que no van a usar los datos de manera incorrecta y esto \u00faltimo ya sabemos como termina, repito, como ejemplo reciente tenemos el caso UPAD.<\/p>\n\n\n\n<figure class=\"wp-block-image size-large\"><img loading=\"lazy\" decoding=\"async\" width=\"1500\" height=\"1000\" src=\"https:\/\/i0.wp.com\/www.ramonramon.org\/blog\/wp-content\/uploads\/tecnologias-de-contacto-y-rastreo-covid-19-2.jpg?fit=750%2C422&amp;ssl=1\" alt=\"\" class=\"wp-image-27574\" srcset=\"https:\/\/ramonramon.org\/blog\/wp-content\/uploads\/tecnologias-de-contacto-y-rastreo-covid-19-2.jpg 1500w, https:\/\/ramonramon.org\/blog\/wp-content\/uploads\/tecnologias-de-contacto-y-rastreo-covid-19-2-212x141.jpg 212w, https:\/\/ramonramon.org\/blog\/wp-content\/uploads\/tecnologias-de-contacto-y-rastreo-covid-19-2-360x240.jpg 360w\" sizes=\"auto, (max-width: 1500px) 100vw, 1500px\" \/><\/figure>\n\n\n\n<h3 class=\"wp-block-heading\"><strong>Privacidad desde el dise\u00f1o<\/strong><\/h3>\n\n\n\n<p>La&nbsp;<a href=\"https:\/\/iapp.org\/media\/pdf\/resource_center\/Privacy%20by%20Design%20-%207%20Foundational%20Principles.pdf\" target=\"_blank\" rel=\"noreferrer noopener\">privacidad desde el dise\u00f1o<\/a>&nbsp;naci\u00f3 como un enfoque de trabajo, como una buena pr\u00e1ctica organizacional para preservar la privacidad y la protecci\u00f3n de los datos de los usuarios, hoy d\u00eda la privacidad desde el dise\u00f1o es un requisito legal vinculado al cumplimiento del principio de responsabilidad establecido en el Reglamento General de Protecci\u00f3n de Datos de la Uni\u00f3n Europea. Bajo este enfoque, la privacidad es contemplada desde la concepci\u00f3n misma del proyecto, en la que la protecci\u00f3n de datos se incrusta en la tecnolog\u00eda por defecto, garantizando la preservaci\u00f3n de la privacidad incluso hasta cuando la tecnolog\u00eda deja de funcionar.&nbsp; Este marco de trabajo involucra un comportamiento por defecto que favorece la privacidad del usuario,&nbsp; en consecuencia el usuario estar\u00e1 protegido desde el primer momento.&nbsp;<\/p>\n\n\n\n<p>La privacidad desde el dise\u00f1o se articula en 7 valores fundacionales, entre ellos quiero destacar los tres siguientes:<\/p>\n\n\n\n<ol class=\"wp-block-list\"><li>la privacidad desde el dise\u00f1o es un enfoque proactivo y no reactivo, es decir, la privacidad se contempla antes y no despu\u00e9s del desarrollo de la tecnolog\u00eda, anticipando todos los riesgos a la protecci\u00f3n de datos personales;<\/li><li>la privacidad desde el dise\u00f1o busca adem\u00e1s alinear todos los intereses, la privacidad no puede ser sacrificada en detrimento de la usabilidad, la seguridad o los intereses organizacionales, una tecnolog\u00eda debe ser una suma positiva de todos sus componentes, de esta manera logra ser un m\u00e9todo ganar-ganar;<\/li><li>Transparencia, la privacidad desde el dise\u00f1o busca asegurar la transparencia en el tratamiento de los datos personales, tanto a los titulares de los datos, como a sus benefactores.<\/li><\/ol>\n\n\n\n<p>Debido a la importancia del tema que aqu\u00ed planteo, diferentes organizaciones a nivel mundial han estado trabajando en propuestas que contemplan el&nbsp;<strong>desarrollo de tecnolog\u00edas de contacto y rastreo contra el COVID-19 bajo un enfoque de privacidad desde el dise\u00f1o<\/strong>, con el prop\u00f3sito de lograr obtener tecnolog\u00eda al servicio de la salud p\u00fablica, pero en apego al respeto a la privacidad y los derechos ciudadanos, estas son algunas de las propuestas:<\/p>\n\n\n\n<h3 class=\"wp-block-heading\"><strong>Principios para la implementaci\u00f3n de la Tecnolog\u00eda de rastreo y contacto (Universidad de California)<\/strong><\/h3>\n\n\n\n<p>La Universidad de California public\u00f3 el pasado 16 de abril el&nbsp;<em>paper<\/em>&nbsp;<a href=\"https:\/\/www.aclu.org\/report\/aclu-white-paper-principles-technology-assisted-contact-tracing\" target=\"_blank\" rel=\"noreferrer noopener\"><em>Principles for Technology-Assisted Contact-Tracing<\/em><\/a>&nbsp;en el que se proponen algunos principios que deber\u00edan guiar el desarrollo de tecnolog\u00edas de rastreo y contacto (TACT). En este documento, se se\u00f1ala la oportunidad de unirnos como sociedad para salir de la crisis, pero tambi\u00e9n resaltan la oportunidad que se presenta para que los aspirantes a autoritarios y corporaciones poderosas expandan su poder, la forma en que pueden intentar hacerlo es mediante el uso de tecnolog\u00eda y datos para abordar la pandemia, agrega el autor.<\/p>\n\n\n\n<p>En concreto los principios que establecen son:<\/p>\n\n\n\n<ul class=\"wp-block-list\"><li>No desplazamiento de las medidas no t\u00e9cnicas: Las TACT no deber\u00edan implementarse en detrimento de las actuales medidas de salud p\u00fablica que han dado buenos resultados como las pruebas, los tratamientos y la investigaci\u00f3n.<\/li><li>Debe ser tecnolog\u00eda de implementaci\u00f3n voluntaria.<\/li><li>El no uso de esta tecnolog\u00eda no debe ser punitivo ni castigable.<\/li><li>Construido con profesionales de la salud p\u00fablica.<\/li><li>Preservar la privacidad.<\/li><li>No discriminatorio.<\/li><li>M\u00ednima dependencia de las autoridades centrales.<\/li><li>Minimizaci\u00f3n de datos en todas partes.<\/li><li>Sin fuga de datos.<\/li><li>Impacto medible.<\/li><li>Tener una estrategia de salida.<\/li><li>Estrechamente dise\u00f1ado para atacar una epidemia espec\u00edfica.<\/li><li>Auditable y reparable.<\/li><li>Mantenido de manera sostenible.<\/li><\/ul>\n\n\n\n<h3 class=\"wp-block-heading\"><strong>El protocolo DP-3T<\/strong><\/h3>\n\n\n\n<p>Por su parte, uno de los proyectos que m\u00e1s avanz\u00f3 en Europa fue el protocolo&nbsp;<a href=\"https:\/\/github.com\/DP-3T\/documents\/blob\/master\/DP3T-Slideshow.pdf\">DP-3T<\/a>,&nbsp; dirigido por el Consorcio de Rastreo Paneuropeo de Proximidad para Preservar la Privacidad (PEPP-PT), sin embargo esta propuesta al parecer&nbsp;<a href=\"https:\/\/www.elsaltodiario.com\/coronavirus\/europa-abandona-su-aplicacion-de-codigo-abierto-sin-rastreo-frente-a-google-y-apple\" target=\"_blank\" rel=\"noreferrer noopener\">se qued\u00f3 a medio camino<\/a>&nbsp;al verse enredada entre intereses pol\u00edticos y privados, por lo tanto Europa ha abandonado el apoyo a esta iniciativa, pese a esto hay aspectos que vale la pena rescatar.<\/p>\n\n\n\n<p>DP-3T naci\u00f3 como un protocolo de c\u00f3digo abierto, la documentaci\u00f3n descansa en un repositorio de&nbsp;<a href=\"https:\/\/github.com\/DP-3T\/documents\/blob\/master\/DP3T-Slideshow.pdf\">Github<\/a>&nbsp;que cualquiera puede acceder, cumple con el Reglamento Europeo de Protecci\u00f3n de Datos, utiliza bluetooth y no geolocalizaci\u00f3n, tal y como lo sugiri\u00f3 la Comisi\u00f3n Europea que ser\u00eda el m\u00e9todo preferido ya que permite mayor anonimizaci\u00f3n de datos. El DP-3T se ha desarrollado siguiendo los principios de privacidad desde el dise\u00f1o, por lo tanto evita que terceras personas usen los datos obtenidos por la aplicaci\u00f3n y env\u00eda los datos m\u00ednimos al servidor central ya que la mayor\u00eda de los datos personales se almacenan en el dispositivo del ciudadano, seg\u00fan sus desarrolladores, es suficiente con que la gente sepa su peligro y act\u00fae en consecuencia.<\/p>\n\n\n\n<h3 class=\"wp-block-heading\"><strong>Recomendaciones de la Comisi\u00f3n Europea para el uso de tecnolog\u00eda y datos para combatir el COVID-19<\/strong><\/h3>\n\n\n\n<p>La Comisi\u00f3n Europea tambi\u00e9n ha realizado su aporte y el 8 de abril public\u00f3 la&nbsp;<em>Recomendaci\u00f3n sobre instrumentos comunes para la utilizaci\u00f3n de la tecnolog\u00eda y los datos para combatir y salir de la crisis de COVID-19, en particular en relaci\u00f3n con las aplicaciones m\u00f3viles y el uso de datos de movilidad anonimizados<\/em>, en este documento, reconoce entre otros aspectos, el valor de las tecnolog\u00edas digitales y los datos para combatir el COVID-19 y se\u00f1ala que las aplicaciones de advertencia y rastreo pueden desempe\u00f1ar un papel importante en el rastreo de contactos, limitando la propagaci\u00f3n de enfermedades e interrumpiendo las cadenas de transmisi\u00f3n.<\/p>\n\n\n\n<p>Pero a su vez advierte que el uso de estas tecnolog\u00edas puede afectar el ejercicio de ciertos derechos fundamentales, como, entre otros, el derecho al respeto de la vida privada y familiar. Como cualquier interferencia con esos derechos debe estar de acuerdo con la ley. Adem\u00e1s, la Organizaci\u00f3n Mundial de la Salud y otros organismos han advertido sobre el riesgo de que las aplicaciones y los datos inexactos puedan provocar la estigmatizaci\u00f3n de las personas que comparten ciertas caracter\u00edsticas debido a un v\u00ednculo percibido con la enfermedad.<\/p>\n\n\n\n<p>Por tal raz\u00f3n sugieren los siguientes lineamientos para su implementaci\u00f3n:<\/p>\n\n\n\n<ul class=\"wp-block-list\"><li>Cualquier restricci\u00f3n de derechos debe ser temporal y limitada estrictamente a lo que es necesario para combatir el virus.<\/li><li>Minimizaci\u00f3n de datos y procesamiento de datos solo cuando sea adecuado, relevante y limitado a lo necesario.<\/li><li>Salvaguardas apropiadas como seudonimizaci\u00f3n, agregaci\u00f3n, cifrado y descentralizaci\u00f3n.<\/li><li>Las medidas eficaces de ciberseguridad y seguridad de datos son esenciales.<\/li><li>Consulta con las autoridades de protecci\u00f3n de datos.<\/li><li>Salvaguardas que garanticen el respeto de los derechos fundamentales y la prevenci\u00f3n de estigmatizaci\u00f3n.<\/li><li>Preferencia por las medidas menos intrusivas pero efectivas, incluido el uso de datos de proximidad y evitar el procesamiento de datos sobre ubicaci\u00f3n o movimientos de individuos, y el uso de datos an\u00f3nimos y agregados cuando sea posible.<\/li><li>Requisitos t\u00e9cnicos sobre tecnolog\u00edas apropiadas (por ejemplo, Bluetooth Low Energy) para establecer la proximidad del dispositivo, encriptaci\u00f3n, seguridad de datos, almacenamiento de datos en el dispositivo m\u00f3vil, posible acceso por parte de autoridades sanitarias y datos almacenamiento.<\/li><li>El vencimiento de las medidas tomadas y la eliminaci\u00f3n de los datos personales obtenidos a trav\u00e9s de estas medidas cuando se declara que la pandemia est\u00e1 bajo control.<\/li><li>Datos an\u00f3nimos de proximidad en caso de infecci\u00f3n confirmada y m\u00e9todos apropiados para advertir a las personas que han estado en contacto cercano con los infectados persona.<\/li><li>Transparencia para garantizar la confianza en las aplicaciones.<\/li><\/ul>\n\n\n\n<figure class=\"wp-block-image size-large\"><img loading=\"lazy\" decoding=\"async\" width=\"535\" height=\"673\" src=\"https:\/\/www.ramonramon.org\/blog\/wp-content\/uploads\/Robert_Protocol_image.png\" alt=\"\" class=\"wp-image-27576\" srcset=\"https:\/\/ramonramon.org\/blog\/wp-content\/uploads\/Robert_Protocol_image.png 535w, https:\/\/ramonramon.org\/blog\/wp-content\/uploads\/Robert_Protocol_image-112x141.png 112w\" sizes=\"auto, (max-width: 535px) 100vw, 535px\" \/><figcaption>Tomado del Protocolo Robert<\/figcaption><\/figure>\n\n\n\n<p>Adem\u00e1s de las anteriores propuestas, tambi\u00e9n se trabaja en otras iniciativas de protocolos, est\u00e1ndares y m\u00e9todos de implementaci\u00f3n de dichas tecnolog\u00edas:&nbsp;<a href=\"https:\/\/github.com\/ROBERT-proximity-tracing\/documents\" target=\"_blank\" rel=\"noreferrer noopener\">Protocolo Robert<\/a>,&nbsp;<a href=\"https:\/\/www.apple.com\/covid19\/contacttracing\" target=\"_blank\" rel=\"noreferrer noopener\">Apple y Google<\/a>,&nbsp;<a href=\"https:\/\/tcn-coalition.org\/\" target=\"_blank\" rel=\"noreferrer noopener\">TCN Coalition<\/a>,&nbsp;<a href=\"https:\/\/pact.mit.edu\/\" target=\"_blank\" rel=\"noreferrer noopener\">PACT<\/a>,&nbsp;<a href=\"https:\/\/github.com\/opentrace-community\" target=\"_blank\" rel=\"noreferrer noopener\">OpenTrace<\/a>.<\/p>\n\n\n\n<p>Por lo visto, no son pocas pues las propuestas presentadas hasta el momento, todas en el mismo sentido, combatir el virus y garantizar la privacidad y los derechos del ciudadano, as\u00ed es que no es aceptable impulsar en Costa Rica iniciativas que busquen garantizar el derecho a la salud p\u00fablica en detrimento de la privacidad del ciudadano.<\/p>\n\n\n\n<p>Ahora bien, las&nbsp;<em>apps<\/em>&nbsp;de rastreo y contacto no son la soluci\u00f3n m\u00e1gica que van a controlar el virus, el caso de Singapur lo demuestra, fue uno de los primeros pa\u00edses en implementar tecnolog\u00eda para rastrear los movimientos de los infectados y llego a ser citada por la OMS como ejemplo en la lucha contra la pandemia, pero en d\u00edas recientes se ha visto un&nbsp;<a href=\"https:\/\/www.cnbc.com\/2020\/04\/23\/coronavirus-cases-spike-among-singapore-migrant-workers.html\" target=\"_blank\" rel=\"noreferrer noopener\">repunte significativo en el n\u00famero de contagios<\/a>. Incluso en los pa\u00edses que s\u00ed ha dado buenos resultados, estas tecnolog\u00edas han estado acompa\u00f1adas de otras estrategias, como son los casos de \u00e9xito de&nbsp;<a href=\"https:\/\/www.sciencemag.org\/news\/2020\/03\/coronavirus-cases-have-dropped-sharply-south-korea-whats-secret-its-success\" target=\"_blank\" rel=\"noreferrer noopener\">Corea del Sur<\/a>&nbsp;y&nbsp;<a href=\"https:\/\/www.wired.com\/story\/taiwan-is-beating-the-coronavirus-can-the-us-do-the-same\/\" target=\"_blank\" rel=\"noreferrer noopener\">Taiwan<\/a>, los cuales demuestran que sus resultados no se han debido solo a consecuencia del uso de la tecnolog\u00eda, adem\u00e1s involucraron aspectos culturales, de experiencia de pasadas epidemias, una estrategia de toma de pruebas masiva, aislamiento y mucha transparencia por parte de sus gobiernos.<\/p>\n\n\n\n<p>Por \u00faltimo, el especialista brit\u00e1nico en ciberseguridad Ross Anderson, ofrece una&nbsp;<a href=\"https:\/\/www.lightbluetouchpaper.org\/2020\/04\/12\/contact-tracing-in-the-real-world\/\" target=\"_blank\" rel=\"noreferrer noopener\">versi\u00f3n realista y poco optimista<\/a>&nbsp;de lo que podr\u00edan ser estas tecnolog\u00edas en la pr\u00e1ctica y las diferentes maneras de c\u00f3mo no podr\u00edan ser an\u00f3nimas o c\u00f3mo los mismos ciudadanos podr\u00edan burlar sus controles.<\/p>\n\n\n\n<h3 class=\"wp-block-heading\"><strong>Conclusiones<\/strong><\/h3>\n\n\n\n<p>A pesar de las vidas perdidas en el pa\u00eds a causa del COVID-19 los n\u00fameros nos favorecen, se han hecho bien las cosas hasta el momento y es la hora de dar el siguiente paso para superar la crisis, si parte de la soluci\u00f3n es el desarrollo de tecnolog\u00edas de rastreo y contacto, bienvenidas sean, pero se debe hacer de la manera correcta preservando la debida proporcionalidad entre derechos.<\/p>\n\n\n\n<p>Si no hay transparencia ni garant\u00edas ser\u00e1 dif\u00edcil que los ciudadanos compren la idea de descargar un&nbsp;<em>app<\/em>&nbsp;que rastrear\u00e1 su actividad social, sus contactos y dem\u00e1s datos personales, para luego enviarlos a un servidor al cual no se sabr\u00e1 quien tendr\u00e1 acceso. Ser\u00e1 primordial poder auditar la aplicaci\u00f3n, que los ciudadanos que participen en la iniciativa puedan tener acceso a los datos que est\u00e1n otorgando y a conocer el tratamiento que est\u00e1n realizando de esta informaci\u00f3n.<\/p>\n\n\n\n<p>De acuerdo a lo presentado aqu\u00ed ya existen marcos de trabajo que buscan el desarrollo de estas tecnolog\u00edas garantizando y preservando la privacidad del usuario, por lo tanto no son v\u00e1lidas las voces que proponen sacrificar el derecho a la privacidad y protecci\u00f3n de datos en beneficio de la salud p\u00fablica, es viable lograr garantizar estos dos derechos fundamentales bajo un enfoque de trabajo de privacidad desde el dise\u00f1o.<\/p>\n\n\n\n<p class=\"has-text-align-right\"><strong>Articulo creado por:<\/strong> <a rel=\"noreferrer noopener\" href=\"https:\/\/golegalcr.com\/juan-esteban-durango\/\" target=\"_blank\">Juan Esteban Durango<\/a><\/p>\n","protected":false},"excerpt":{"rendered":"<p>Las&nbsp;apps&nbsp;de rastreo y contacto son algunos de los instrumentos que los gobiernos y sus sistemas de salud comienzan a implementar para combatir el COVID-19. En Costa Rica su desarrollo y puesta en marcha se encuentra en planeaci\u00f3n, pero no exenta de debate. Algunos tecn\u00f3logos y pragm\u00e1ticos urgen por la implementaci\u00f3n de estas tecnolog\u00edas como pronta&hellip;&nbsp;<a href=\"https:\/\/ramonramon.org\/blog\/2020\/04\/26\/tecnologias-de-rastreo-y-contacto-para-combatir-el-covid-19-si-pero-queremos-privacidad-por-diseno-no-por-confianza\/\" rel=\"bookmark\">Leer m\u00e1s &raquo;<span class=\"screen-reader-text\">\u00bfTecnolog\u00edas de rastreo y contacto para combatir el COVID-19? S\u00ed, pero queremos privacidad por dise\u00f1o, no por confianza<\/span><\/a><\/p>\n","protected":false},"author":2290,"featured_media":27575,"comment_status":"open","ping_status":"open","sticky":false,"template":"","format":"standard","meta":{"neve_meta_sidebar":"","neve_meta_container":"","neve_meta_enable_content_width":"","neve_meta_content_width":0,"neve_meta_title_alignment":"","neve_meta_author_avatar":"","neve_post_elements_order":"","neve_meta_disable_header":"","neve_meta_disable_footer":"","neve_meta_disable_title":"","footnotes":""},"categories":[2008,8,24],"tags":[1997,2416,1434],"class_list":["post-27573","post","type-post","status-publish","format-standard","has-post-thumbnail","hentry","category-comunicacion","category-elecciones","category-redes-sociales","tag-libertad-tecnologica","tag-privacidad","tag-tecnologia"],"aioseo_notices":[],"_links":{"self":[{"href":"https:\/\/ramonramon.org\/blog\/wp-json\/wp\/v2\/posts\/27573","targetHints":{"allow":["GET"]}}],"collection":[{"href":"https:\/\/ramonramon.org\/blog\/wp-json\/wp\/v2\/posts"}],"about":[{"href":"https:\/\/ramonramon.org\/blog\/wp-json\/wp\/v2\/types\/post"}],"author":[{"embeddable":true,"href":"https:\/\/ramonramon.org\/blog\/wp-json\/wp\/v2\/users\/2290"}],"replies":[{"embeddable":true,"href":"https:\/\/ramonramon.org\/blog\/wp-json\/wp\/v2\/comments?post=27573"}],"version-history":[{"count":0,"href":"https:\/\/ramonramon.org\/blog\/wp-json\/wp\/v2\/posts\/27573\/revisions"}],"wp:featuredmedia":[{"embeddable":true,"href":"https:\/\/ramonramon.org\/blog\/wp-json\/wp\/v2\/media\/27575"}],"wp:attachment":[{"href":"https:\/\/ramonramon.org\/blog\/wp-json\/wp\/v2\/media?parent=27573"}],"wp:term":[{"taxonomy":"category","embeddable":true,"href":"https:\/\/ramonramon.org\/blog\/wp-json\/wp\/v2\/categories?post=27573"},{"taxonomy":"post_tag","embeddable":true,"href":"https:\/\/ramonramon.org\/blog\/wp-json\/wp\/v2\/tags?post=27573"}],"curies":[{"name":"wp","href":"https:\/\/api.w.org\/{rel}","templated":true}]}}