{"id":27233,"date":"2020-03-29T20:59:35","date_gmt":"2020-03-29T18:59:35","guid":{"rendered":"https:\/\/www.ramonramon.org\/blog\/?p=27233"},"modified":"2020-04-12T12:55:30","modified_gmt":"2020-04-12T10:55:30","slug":"mi-primer-libro-conocimiento-libre-y-construccion-colectiva-de-sociedad","status":"publish","type":"post","link":"https:\/\/ramonramon.org\/blog\/2020\/03\/29\/mi-primer-libro-conocimiento-libre-y-construccion-colectiva-de-sociedad\/","title":{"rendered":"Mi primer libro: Conocimiento Libre y Construcci\u00f3n Colectiva de Sociedad"},"content":{"rendered":"\n<figure class=\"wp-block-image size-large\"><img loading=\"lazy\" decoding=\"async\" width=\"1000\" height=\"750\" src=\"https:\/\/i1.wp.com\/www.ramonramon.org\/blog\/wp-content\/uploads\/Conocimiento-libre-y-construcci\u00f3n-colectiva-de-sociedad-RAMON-RAMON-1000x750-1.png?fit=750%2C506&amp;ssl=1\" alt=\"\" class=\"wp-image-27234\" srcset=\"https:\/\/ramonramon.org\/blog\/wp-content\/uploads\/Conocimiento-libre-y-construcci\u00f3n-colectiva-de-sociedad-RAMON-RAMON-1000x750-1.png 1000w, https:\/\/ramonramon.org\/blog\/wp-content\/uploads\/Conocimiento-libre-y-construcci\u00f3n-colectiva-de-sociedad-RAMON-RAMON-1000x750-1-188x141.png 188w\" sizes=\"auto, (max-width: 1000px) 100vw, 1000px\" \/><\/figure>\n\n\n\n<p>En formato libro corto de\u00a0<a href=\"https:\/\/beersandpolitics.com\/category\/libreria-2\/ediciones-bp\">Ediciones<\/a>\u00a0<a href=\"https:\/\/beersandpolitics.com\/category\/libreria-2\/ediciones-bp\">Beers&amp;Politics<\/a>,  hoy se publica mi libro \u00ab<strong>Conocimiento Libre y Construcci\u00f3n Colectiva de Sociedad<\/strong>\u00bb que puede <a href=\"https:\/\/beersandpolitics.com\/wp-content\/uploads\/2020\/03\/CONOCIMIENTO-LIBRE-CONSTRUCCION-SOCIEDAD-RAMON-RAMON.pdf\">descargarse libremente<\/a> desde la web de los editores, y tambi\u00e9n se puede <a href=\"https:\/\/www.amazon.com\/Conocimiento-construcci%C3%B3n-colectiva-sociedad-Spanish-ebook\/dp\/B086DJ521P\/ref=sr_1_9?keywords=RAMON+RAMON&amp;qid=1585393503&amp;s=digital-text&amp;sr=1-9\">lograr en la p\u00e1gina de Amazon<\/a>. <\/p>\n\n\n\n<p>Para m\u00ed es un honor y un privilegio poder tener<a href=\"https:\/\/beersandpolitics.com\/conocimiento-libre-y-construccion-colectiva-de-sociedad\"> este minilibro<\/a>, y m\u00e1s a\u00fan que sea de la mano de los amigos y compa\u00f1eros de <a href=\"https:\/\/beersandpolitics.com\/conocimiento-libre-y-construccion-colectiva-de-sociedad\">Beers&amp;Politics<\/a>, que tanto hacen por el gremio de la comunicaci\u00f3n pol\u00edtica. Y con los que ya <a href=\"https:\/\/www.ramonramon.org\/blog\/2014\/12\/29\/soberania-tecnologica-germen-de-la-revolucion-en-las-calles\/\">en el 2015 tuve la oportunidad de colaborar en un encuentro denominado Soberan\u00eda Tecnol\u00f3gica, germen de la revoluci\u00f3n en las calles<\/a>. <\/p>\n\n\n\n<div class=\"wp-block-image\"><figure class=\"alignright size-large is-resized\"><img loading=\"lazy\" decoding=\"async\" src=\"https:\/\/i2.wp.com\/www.ramonramon.org\/blog\/wp-content\/uploads\/BeersPolitics.jpg?w=600&amp;ssl=1\" alt=\"\" width=\"366\" height=\"366\"\/><\/figure><\/div>\n\n\n\n<p>Una experiencia que me permiti\u00f3 compartir reflexiones y conocer a muchas personas de M\u00e1laga interesadas o vinculadas con la comunicaci\u00f3n.  Ojal\u00e1 que pronto acabe esta pandemia y podamos repetir la experiencia. Ya hace m\u00e1s de 5 a\u00f1os de aquello, pero con muy gratos recuerdos a\u00fan.  Aquel interesante y ameno formato, que desconoc\u00eda, fue mi primer contacto con los compa\u00f1eros de Beers &amp; Politics e incluso a otros muchos compa\u00f1eros malague\u00f1os, con algunos de los cuales a\u00fan mantengo una magn\u00edfica relaci\u00f3n.  Durante el buen rato que echamos, pudimos hablar y mucho sobre <a href=\"https:\/\/www.ramonramon.org\/blog\/2015\/01\/05\/soberaniatecnologica-una-necesidad-y-un-planteamiento-politico-que-se-nutre-del-republicanismo-civico\/\">#Soberan\u00edaTecnol\u00f3gica, una necesidad y un planteamiento pol\u00edtico, que se nutre del Republicanismo C\u00edvico<\/a>.<\/p>\n\n\n\n<p>Y como<\/p>\n\n\n\n<blockquote class=\"wp-block-quote is-layout-flow wp-block-quote-is-layout-flow\"><p><strong>La tecnolog\u00eda ha de ser la fuerza motriz  del cambio, pero su direcci\u00f3n y sentido ha de ser resultado de un  proceso pol\u00edtico, con una profunda ra\u00edz c\u00edvica y republicana<\/strong><\/p><\/blockquote>\n\n\n\n<p>Insisto, fue un evento que me gust\u00f3 mucho, el primero que he realizado en mi tierra adoptiva y profesional, desde los 18 a\u00f1os he estado atado a M\u00e1laga, primero profesionalmente y luego por ser el lugar donde compr\u00e9 mi casa.  Y los compa\u00f1eros de Beers &amp; Politics escribieron sobre ello <a href=\"https:\/\/beersandpolitics.com\/soberania-tecnologica-germen-de-la-revolucion-en-las-calles\">SOBERAN\u00cdA TECNOL\u00d3GICA, GERMEN DE LA REVOLUCI\u00d3N EN LAS CALLES<\/a>.<\/p>\n\n\n\n<p>Tambi\u00e9n tuve la fortuna de poder escribir un art\u00edculos para el tan mencionado blog: <a href=\"https:\/\/beersandpolitics.com\/la-importancia-de-la-narrativa-transmedia\">LA IMPORTANCIA DE LA NARRATIVA TRANSMEDIA<\/a> y hasta <a href=\"https:\/\/beersandpolitics.com\/ramon-ramon\">me entrevistaron en su apartado de consultores<\/a>, algo que me honra, m\u00e1s viendo las figuras que me acompa\u00f1an y que puede servir para conocerme un poco m\u00e1s \ud83d\ude09<\/p>\n\n\n\n<p><\/p>\n\n\n\n<p>Para terminar y no extenderme m\u00e1s, con esta publicaci\u00f3n espero reforzar todo lo que en aquellos d\u00edas convers\u00e1bamos yaportar mi granito de arena, m\u00e1s en estos d\u00edas que necesitamos encontrar nuestro lugar en la sociedad, ser parte de la soluci\u00f3n y arrimar el hombro, <strong>para que todas y todos podamos aportar en la b\u00fasqueda de una r\u00e1pida soluci\u00f3n a esta pandemia que tanto nos est\u00e1 golpeando y asolando<\/strong>.<\/p>\n","protected":false},"excerpt":{"rendered":"<p>La comunicaci\u00f3n pol\u00edtica est\u00e1 fuertemente vinculada a la Sociedad-Red, de la cual somos parte.  Las tecnolog\u00edas y las redes sociales son herramientas que nos permiten conectar y conversar.    #Soberan\u00edaTecnol\u00f3gica, una necesidad y un planteamiento pol\u00edtico, que se nutre del Republicanismo C\u00edvico<\/p>\n","protected":false},"author":2070,"featured_media":27234,"comment_status":"open","ping_status":"open","sticky":false,"template":"","format":"standard","meta":{"neve_meta_sidebar":"","neve_meta_container":"","neve_meta_enable_content_width":"","neve_meta_content_width":0,"neve_meta_title_alignment":"","neve_meta_author_avatar":"","neve_post_elements_order":"","neve_meta_disable_header":"","neve_meta_disable_footer":"","neve_meta_disable_title":"","footnotes":""},"categories":[2008,23],"tags":[1806,2297,1042],"class_list":["post-27233","post","type-post","status-publish","format-standard","has-post-thumbnail","hentry","category-comunicacion","category-personal","tag-comunicacion-politica","tag-libro","tag-soberania-tecnologica"],"aioseo_notices":[],"_links":{"self":[{"href":"https:\/\/ramonramon.org\/blog\/wp-json\/wp\/v2\/posts\/27233","targetHints":{"allow":["GET"]}}],"collection":[{"href":"https:\/\/ramonramon.org\/blog\/wp-json\/wp\/v2\/posts"}],"about":[{"href":"https:\/\/ramonramon.org\/blog\/wp-json\/wp\/v2\/types\/post"}],"author":[{"embeddable":true,"href":"https:\/\/ramonramon.org\/blog\/wp-json\/wp\/v2\/users\/2070"}],"replies":[{"embeddable":true,"href":"https:\/\/ramonramon.org\/blog\/wp-json\/wp\/v2\/comments?post=27233"}],"version-history":[{"count":0,"href":"https:\/\/ramonramon.org\/blog\/wp-json\/wp\/v2\/posts\/27233\/revisions"}],"wp:featuredmedia":[{"embeddable":true,"href":"https:\/\/ramonramon.org\/blog\/wp-json\/wp\/v2\/media\/27234"}],"wp:attachment":[{"href":"https:\/\/ramonramon.org\/blog\/wp-json\/wp\/v2\/media?parent=27233"}],"wp:term":[{"taxonomy":"category","embeddable":true,"href":"https:\/\/ramonramon.org\/blog\/wp-json\/wp\/v2\/categories?post=27233"},{"taxonomy":"post_tag","embeddable":true,"href":"https:\/\/ramonramon.org\/blog\/wp-json\/wp\/v2\/tags?post=27233"}],"curies":[{"name":"wp","href":"https:\/\/api.w.org\/{rel}","templated":true}]}}