{"id":27,"date":"2006-02-24T04:16:00","date_gmt":"2006-02-24T02:16:00","guid":{"rendered":"https:\/\/www.ramonramon.org\/blog\/2006\/02\/24\/comienza-el-nuevo-proyecto-ctar\/"},"modified":"2006-02-24T04:16:00","modified_gmt":"2006-02-24T02:16:00","slug":"comienza-el-nuevo-proyecto-ctar","status":"publish","type":"post","link":"https:\/\/ramonramon.org\/blog\/2006\/02\/24\/comienza-el-nuevo-proyecto-ctar\/","title":{"rendered":"Comienza el nuevo proyecto CTAR"},"content":{"rendered":"<div style=\"text-align: justify;\">Aunque llevamos muy poco tiempo trabajando en este nuevo y ambicioso proyecto, ya me encuentro superilusionado, creo que puede ser un verdadero punto de inflexi\u00f3n, tanto en las Nuevas Tecnolog\u00edas (usando por supuesto herramientas de software libre) como en la Comunidad.<br \/>Si entusiasmado estoy yo, m\u00e1s a\u00fan todos aquellos con los que hablo de este nuevo proyecto y que seguro esta pr\u00f3xima semana, cuando vuelva de la reuni\u00f3n en las bonitas tierras de Sierra M\u00e1gina, podr\u00e9 ir avanzando.<br \/>Para aquellos que pens\u00e9is que por qu\u00e9 tanto misterio o miedo a detallar m\u00e1s el proyecto, s\u00f3lo deciros que lamentablemente y debido a unos \u00abamigos\u00bb que se dedican exclusivamente a boicotear todo lo que hacemos no puedo dar muchos m\u00e1s detalles.<br \/>En este mismo sentido, que triste es que ante cada actividad o proyecto que planteamos o realizamos siempre tengamos a unos \u00abpersonajes\u00bb que dedican todos sus esfuerzos exclusivamente a destruirlos y no a plantear otras opciones o alternativas.  Si s\u00f3lo la mitad del tiempo y esfuerzo que dedican a realizar llamadas telef\u00f3nicas y reunirse para tratar de paralizar nuestros proyectos lo dedicasen a construir:   \u00a1\u00a1 cu\u00e1ntas y tan bonitas cosas surgir\u00edan m\u00e1s!!<\/div>\n","protected":false},"excerpt":{"rendered":"<p>Aunque llevamos muy poco tiempo trabajando en este nuevo y ambicioso proyecto, ya me encuentro superilusionado, creo que puede ser un verdadero punto de inflexi\u00f3n, tanto en las Nuevas Tecnolog\u00edas (usando por supuesto herramientas de software libre) como en la Comunidad.Si entusiasmado estoy yo, m\u00e1s a\u00fan todos aquellos con los que hablo de este nuevo&hellip;&nbsp;<a href=\"https:\/\/ramonramon.org\/blog\/2006\/02\/24\/comienza-el-nuevo-proyecto-ctar\/\" rel=\"bookmark\">Leer m\u00e1s &raquo;<span class=\"screen-reader-text\">Comienza el nuevo proyecto CTAR<\/span><\/a><\/p>\n","protected":false},"author":2070,"featured_media":0,"comment_status":"open","ping_status":"open","sticky":false,"template":"","format":"standard","meta":{"neve_meta_sidebar":"","neve_meta_container":"","neve_meta_enable_content_width":"","neve_meta_content_width":0,"neve_meta_title_alignment":"","neve_meta_author_avatar":"","neve_post_elements_order":"","neve_meta_disable_header":"","neve_meta_disable_footer":"","neve_meta_disable_title":"","footnotes":""},"categories":[23],"tags":[],"class_list":["post-27","post","type-post","status-publish","format-standard","hentry","category-personal"],"aioseo_notices":[],"aioseo_head":"\n\t\t<!-- All in One SEO Pro 4.9.9 - aioseo.com -->\n\t<meta name=\"description\" content=\"Aunque llevamos muy poco tiempo trabajando en este nuevo y ambicioso proyecto, ya me encuentro superilusionado, creo que puede ser un verdadero punto de inflexi\u00f3n, tanto en las Nuevas Tecnolog\u00edas (usando por supuesto herramientas de software libre) como en la Comunidad.Si entusiasmado estoy yo, m\u00e1s a\u00fan todos aquellos con los que hablo de este nuevo\" \/>\n\t<meta name=\"robots\" content=\"max-image-preview:large\" \/>\n\t<meta name=\"author\" content=\"Ram\u00f3n Ram\u00f3n\"\/>\n\t<link rel=\"canonical\" href=\"https:\/\/ramonramon.org\/blog\/2006\/02\/24\/comienza-el-nuevo-proyecto-ctar\/\" \/>\n\t<meta name=\"generator\" content=\"All in One SEO Pro (AIOSEO) 4.9.9\" \/>\n\n\t\t<!-- Google tag (gtag.js) -->\n<script async src=\"https:\/\/www.googletagmanager.com\/gtag\/js?id=G-5BVWGR1LLZ\"><\/script>\n<script>\n  window.dataLayer = window.dataLayer || [];\n  function gtag(){dataLayer.push(arguments);}\n  gtag('js', new Date());\n\n  gtag('config', 'G-5BVWGR1LLZ');\n<\/script>\n\t\t<meta property=\"og:locale\" content=\"es_ES\" \/>\n\t\t<meta property=\"og:site_name\" content=\"Ram\u00f3n Ram\u00f3n - Comunicaci\u00f3n pol\u00edtica y campa\u00f1as electorales\" \/>\n\t\t<meta property=\"og:type\" content=\"article\" \/>\n\t\t<meta property=\"og:title\" content=\"Comienza el nuevo proyecto CTAR\" \/>\n\t\t<meta property=\"og:description\" content=\"Aunque llevamos muy poco tiempo trabajando en este nuevo y ambicioso proyecto, ya me encuentro superilusionado, creo que puede ser un verdadero punto de inflexi\u00f3n, tanto en las Nuevas Tecnolog\u00edas (usando por supuesto herramientas de software libre) como en la Comunidad.Si entusiasmado estoy yo, m\u00e1s a\u00fan todos aquellos con los que hablo de este nuevo\" \/>\n\t\t<meta property=\"og:url\" content=\"https:\/\/ramonramon.org\/blog\/2006\/02\/24\/comienza-el-nuevo-proyecto-ctar\/\" \/>\n\t\t<meta property=\"og:image\" content=\"https:\/\/ramonramon.org\/blog\/wp-content\/uploads\/2023\/12\/cropped-Marca-RR-03_trans.png\" \/>\n\t\t<meta property=\"og:image:secure_url\" content=\"https:\/\/ramonramon.org\/blog\/wp-content\/uploads\/2023\/12\/cropped-Marca-RR-03_trans.png\" \/>\n\t\t<meta property=\"og:image:width\" content=\"2560\" \/>\n\t\t<meta property=\"og:image:height\" content=\"1709\" \/>\n\t\t<meta property=\"article:published_time\" content=\"2006-02-24T02:16:00+00:00\" \/>\n\t\t<meta property=\"article:modified_time\" content=\"2006-02-24T02:16:00+00:00\" \/>\n\t\t<meta property=\"article:publisher\" content=\"https:\/\/www.facebook.com\/ramonramon\" \/>\n\t\t<meta name=\"twitter:card\" content=\"summary_large_image\" \/>\n\t\t<meta name=\"twitter:site\" content=\"@ramonramon\" \/>\n\t\t<meta name=\"twitter:title\" content=\"Comienza el nuevo proyecto CTAR\" \/>\n\t\t<meta name=\"twitter:description\" content=\"Aunque llevamos muy poco tiempo trabajando en este nuevo y ambicioso proyecto, ya me encuentro superilusionado, creo que puede ser un verdadero punto de inflexi\u00f3n, tanto en las Nuevas Tecnolog\u00edas (usando por supuesto herramientas de software libre) como en la Comunidad.Si entusiasmado estoy yo, m\u00e1s a\u00fan todos aquellos con los que hablo de este nuevo\" \/>\n\t\t<meta name=\"twitter:image\" content=\"https:\/\/ramonramon.org\/blog\/wp-content\/uploads\/2023\/12\/cropped-Marca-RR-03_trans.png\" \/>\n\t\t<script type=\"application\/ld+json\" class=\"aioseo-schema\">\n\t\t\t{\"@context\":\"https:\\\/\\\/schema.org\",\"@graph\":[{\"@type\":\"BlogPosting\",\"@id\":\"https:\\\/\\\/ramonramon.org\\\/blog\\\/2006\\\/02\\\/24\\\/comienza-el-nuevo-proyecto-ctar\\\/#blogposting\",\"name\":\"Comienza el nuevo proyecto CTAR\",\"headline\":\"Comienza el nuevo proyecto CTAR\",\"author\":{\"@id\":\"https:\\\/\\\/ramonramon.org\\\/blog\\\/author\\\/admin\\\/#author\"},\"publisher\":{\"@id\":\"https:\\\/\\\/ramonramon.org\\\/blog\\\/#person\"},\"image\":{\"@type\":\"ImageObject\",\"@id\":\"https:\\\/\\\/ramonramon.org\\\/blog\\\/2006\\\/02\\\/24\\\/comienza-el-nuevo-proyecto-ctar\\\/#articleImage\",\"url\":\"https:\\\/\\\/ramonramon.org\\\/blog\\\/wp-content\\\/litespeed\\\/avatar\\\/42364fa67ab8a86686700065303abe2d.jpg?ver=1788115634\",\"width\":96,\"height\":96,\"caption\":\"Ram\\u00f3n Ram\\u00f3n\"},\"datePublished\":\"2006-02-24T04:16:00+01:00\",\"dateModified\":\"2006-02-24T04:16:00+01:00\",\"inLanguage\":\"es-ES\",\"commentCount\":3,\"mainEntityOfPage\":{\"@id\":\"https:\\\/\\\/ramonramon.org\\\/blog\\\/2006\\\/02\\\/24\\\/comienza-el-nuevo-proyecto-ctar\\\/#webpage\"},\"isPartOf\":{\"@id\":\"https:\\\/\\\/ramonramon.org\\\/blog\\\/2006\\\/02\\\/24\\\/comienza-el-nuevo-proyecto-ctar\\\/#webpage\"},\"articleSection\":\"Personal\"},{\"@type\":\"BreadcrumbList\",\"@id\":\"https:\\\/\\\/ramonramon.org\\\/blog\\\/2006\\\/02\\\/24\\\/comienza-el-nuevo-proyecto-ctar\\\/#breadcrumblist\",\"itemListElement\":[{\"@type\":\"ListItem\",\"@id\":\"https:\\\/\\\/ramonramon.org\\\/blog#listItem\",\"position\":1,\"name\":\"Inicio\",\"item\":\"https:\\\/\\\/ramonramon.org\\\/blog\",\"nextItem\":{\"@type\":\"ListItem\",\"@id\":\"https:\\\/\\\/ramonramon.org\\\/blog\\\/category\\\/personal\\\/#listItem\",\"name\":\"Personal\"}},{\"@type\":\"ListItem\",\"@id\":\"https:\\\/\\\/ramonramon.org\\\/blog\\\/category\\\/personal\\\/#listItem\",\"position\":2,\"name\":\"Personal\",\"item\":\"https:\\\/\\\/ramonramon.org\\\/blog\\\/category\\\/personal\\\/\",\"nextItem\":{\"@type\":\"ListItem\",\"@id\":\"https:\\\/\\\/ramonramon.org\\\/blog\\\/2006\\\/02\\\/24\\\/comienza-el-nuevo-proyecto-ctar\\\/#listItem\",\"name\":\"Comienza el nuevo proyecto CTAR\"},\"previousItem\":{\"@type\":\"ListItem\",\"@id\":\"https:\\\/\\\/ramonramon.org\\\/blog#listItem\",\"name\":\"Inicio\"}},{\"@type\":\"ListItem\",\"@id\":\"https:\\\/\\\/ramonramon.org\\\/blog\\\/2006\\\/02\\\/24\\\/comienza-el-nuevo-proyecto-ctar\\\/#listItem\",\"position\":3,\"name\":\"Comienza el nuevo proyecto CTAR\",\"previousItem\":{\"@type\":\"ListItem\",\"@id\":\"https:\\\/\\\/ramonramon.org\\\/blog\\\/category\\\/personal\\\/#listItem\",\"name\":\"Personal\"}}]},{\"@type\":\"Person\",\"@id\":\"https:\\\/\\\/ramonramon.org\\\/blog\\\/#person\",\"name\":\"Ram\\u00f3n Ram\\u00f3n\",\"image\":{\"@type\":\"ImageObject\",\"@id\":\"https:\\\/\\\/ramonramon.org\\\/blog\\\/2006\\\/02\\\/24\\\/comienza-el-nuevo-proyecto-ctar\\\/#personImage\",\"url\":\"https:\\\/\\\/ramonramon.org\\\/blog\\\/wp-content\\\/litespeed\\\/avatar\\\/42364fa67ab8a86686700065303abe2d.jpg?ver=1788115634\",\"width\":96,\"height\":96,\"caption\":\"Ram\\u00f3n Ram\\u00f3n\"}},{\"@type\":\"Person\",\"@id\":\"https:\\\/\\\/ramonramon.org\\\/blog\\\/author\\\/admin\\\/#author\",\"url\":\"https:\\\/\\\/ramonramon.org\\\/blog\\\/author\\\/admin\\\/\",\"name\":\"Ram\\u00f3n Ram\\u00f3n\",\"image\":{\"@type\":\"ImageObject\",\"@id\":\"https:\\\/\\\/ramonramon.org\\\/blog\\\/2006\\\/02\\\/24\\\/comienza-el-nuevo-proyecto-ctar\\\/#authorImage\",\"url\":\"https:\\\/\\\/ramonramon.org\\\/blog\\\/wp-content\\\/litespeed\\\/avatar\\\/42364fa67ab8a86686700065303abe2d.jpg?ver=1788115634\",\"width\":96,\"height\":96,\"caption\":\"Ram\\u00f3n Ram\\u00f3n\"}},{\"@type\":\"WebPage\",\"@id\":\"https:\\\/\\\/ramonramon.org\\\/blog\\\/2006\\\/02\\\/24\\\/comienza-el-nuevo-proyecto-ctar\\\/#webpage\",\"url\":\"https:\\\/\\\/ramonramon.org\\\/blog\\\/2006\\\/02\\\/24\\\/comienza-el-nuevo-proyecto-ctar\\\/\",\"name\":\"Comienza el nuevo proyecto CTAR\",\"description\":\"Aunque llevamos muy poco tiempo trabajando en este nuevo y ambicioso proyecto, ya me encuentro superilusionado, creo que puede ser un verdadero punto de inflexi\\u00f3n, tanto en las Nuevas Tecnolog\\u00edas (usando por supuesto herramientas de software libre) como en la Comunidad.Si entusiasmado estoy yo, m\\u00e1s a\\u00fan todos aquellos con los que hablo de este nuevo\",\"inLanguage\":\"es-ES\",\"isPartOf\":{\"@id\":\"https:\\\/\\\/ramonramon.org\\\/blog\\\/#website\"},\"breadcrumb\":{\"@id\":\"https:\\\/\\\/ramonramon.org\\\/blog\\\/2006\\\/02\\\/24\\\/comienza-el-nuevo-proyecto-ctar\\\/#breadcrumblist\"},\"author\":{\"@id\":\"https:\\\/\\\/ramonramon.org\\\/blog\\\/author\\\/admin\\\/#author\"},\"creator\":{\"@id\":\"https:\\\/\\\/ramonramon.org\\\/blog\\\/author\\\/admin\\\/#author\"},\"datePublished\":\"2006-02-24T04:16:00+01:00\",\"dateModified\":\"2006-02-24T04:16:00+01:00\"},{\"@type\":\"WebSite\",\"@id\":\"https:\\\/\\\/ramonramon.org\\\/blog\\\/#website\",\"url\":\"https:\\\/\\\/ramonramon.org\\\/blog\\\/\",\"name\":\"RAMON RAMON\",\"description\":\"Comunicaci\\u00f3n pol\\u00edtica y campa\\u00f1as electorales\",\"inLanguage\":\"es-ES\",\"publisher\":{\"@id\":\"https:\\\/\\\/ramonramon.org\\\/blog\\\/#person\"}}]}\n\t\t<\/script>\n\t\t<!-- All in One SEO Pro -->\r\n\t\t<title>Comienza el nuevo proyecto CTAR<\/title>\n\n","aioseo_head_json":{"title":"Comienza el nuevo proyecto CTAR","description":"Aunque llevamos muy poco tiempo trabajando en este nuevo y ambicioso proyecto, ya me encuentro superilusionado, creo que puede ser un verdadero punto de inflexi\u00f3n, tanto en las Nuevas Tecnolog\u00edas (usando por supuesto herramientas de software libre) como en la Comunidad.Si entusiasmado estoy yo, m\u00e1s a\u00fan todos aquellos con los que hablo de este nuevo","canonical_url":"https:\/\/ramonramon.org\/blog\/2006\/02\/24\/comienza-el-nuevo-proyecto-ctar\/","robots":"max-image-preview:large","keywords":"","webmasterTools":{"miscellaneous":"&lt;!-- Google tag (gtag.js) --&gt;\n&lt;script async src=\"https:\/\/www.googletagmanager.com\/gtag\/js?id=G-5BVWGR1LLZ\"&gt;&lt;\/script&gt;\n&lt;script&gt;\n  window.dataLayer = window.dataLayer || [];\n  function gtag(){dataLayer.push(arguments);}\n  gtag('js', new Date());\n\n  gtag('config', 'G-5BVWGR1LLZ');\n&lt;\/script&gt;"},"schema":{"@context":"https:\/\/schema.org","@graph":[{"@type":"BlogPosting","@id":"https:\/\/ramonramon.org\/blog\/2006\/02\/24\/comienza-el-nuevo-proyecto-ctar\/#blogposting","name":"Comienza el nuevo proyecto CTAR","headline":"Comienza el nuevo proyecto CTAR","author":{"@id":"https:\/\/ramonramon.org\/blog\/author\/admin\/#author"},"publisher":{"@id":"https:\/\/ramonramon.org\/blog\/#person"},"image":{"@type":"ImageObject","@id":"https:\/\/ramonramon.org\/blog\/2006\/02\/24\/comienza-el-nuevo-proyecto-ctar\/#articleImage","url":"https:\/\/ramonramon.org\/blog\/wp-content\/litespeed\/avatar\/42364fa67ab8a86686700065303abe2d.jpg?ver=1788115634","width":96,"height":96,"caption":"Ram\u00f3n Ram\u00f3n"},"datePublished":"2006-02-24T04:16:00+01:00","dateModified":"2006-02-24T04:16:00+01:00","inLanguage":"es-ES","commentCount":3,"mainEntityOfPage":{"@id":"https:\/\/ramonramon.org\/blog\/2006\/02\/24\/comienza-el-nuevo-proyecto-ctar\/#webpage"},"isPartOf":{"@id":"https:\/\/ramonramon.org\/blog\/2006\/02\/24\/comienza-el-nuevo-proyecto-ctar\/#webpage"},"articleSection":"Personal"},{"@type":"BreadcrumbList","@id":"https:\/\/ramonramon.org\/blog\/2006\/02\/24\/comienza-el-nuevo-proyecto-ctar\/#breadcrumblist","itemListElement":[{"@type":"ListItem","@id":"https:\/\/ramonramon.org\/blog#listItem","position":1,"name":"Inicio","item":"https:\/\/ramonramon.org\/blog","nextItem":{"@type":"ListItem","@id":"https:\/\/ramonramon.org\/blog\/category\/personal\/#listItem","name":"Personal"}},{"@type":"ListItem","@id":"https:\/\/ramonramon.org\/blog\/category\/personal\/#listItem","position":2,"name":"Personal","item":"https:\/\/ramonramon.org\/blog\/category\/personal\/","nextItem":{"@type":"ListItem","@id":"https:\/\/ramonramon.org\/blog\/2006\/02\/24\/comienza-el-nuevo-proyecto-ctar\/#listItem","name":"Comienza el nuevo proyecto CTAR"},"previousItem":{"@type":"ListItem","@id":"https:\/\/ramonramon.org\/blog#listItem","name":"Inicio"}},{"@type":"ListItem","@id":"https:\/\/ramonramon.org\/blog\/2006\/02\/24\/comienza-el-nuevo-proyecto-ctar\/#listItem","position":3,"name":"Comienza el nuevo proyecto CTAR","previousItem":{"@type":"ListItem","@id":"https:\/\/ramonramon.org\/blog\/category\/personal\/#listItem","name":"Personal"}}]},{"@type":"Person","@id":"https:\/\/ramonramon.org\/blog\/#person","name":"Ram\u00f3n Ram\u00f3n","image":{"@type":"ImageObject","@id":"https:\/\/ramonramon.org\/blog\/2006\/02\/24\/comienza-el-nuevo-proyecto-ctar\/#personImage","url":"https:\/\/ramonramon.org\/blog\/wp-content\/litespeed\/avatar\/42364fa67ab8a86686700065303abe2d.jpg?ver=1788115634","width":96,"height":96,"caption":"Ram\u00f3n Ram\u00f3n"}},{"@type":"Person","@id":"https:\/\/ramonramon.org\/blog\/author\/admin\/#author","url":"https:\/\/ramonramon.org\/blog\/author\/admin\/","name":"Ram\u00f3n Ram\u00f3n","image":{"@type":"ImageObject","@id":"https:\/\/ramonramon.org\/blog\/2006\/02\/24\/comienza-el-nuevo-proyecto-ctar\/#authorImage","url":"https:\/\/ramonramon.org\/blog\/wp-content\/litespeed\/avatar\/42364fa67ab8a86686700065303abe2d.jpg?ver=1788115634","width":96,"height":96,"caption":"Ram\u00f3n Ram\u00f3n"}},{"@type":"WebPage","@id":"https:\/\/ramonramon.org\/blog\/2006\/02\/24\/comienza-el-nuevo-proyecto-ctar\/#webpage","url":"https:\/\/ramonramon.org\/blog\/2006\/02\/24\/comienza-el-nuevo-proyecto-ctar\/","name":"Comienza el nuevo proyecto CTAR","description":"Aunque llevamos muy poco tiempo trabajando en este nuevo y ambicioso proyecto, ya me encuentro superilusionado, creo que puede ser un verdadero punto de inflexi\u00f3n, tanto en las Nuevas Tecnolog\u00edas (usando por supuesto herramientas de software libre) como en la Comunidad.Si entusiasmado estoy yo, m\u00e1s a\u00fan todos aquellos con los que hablo de este nuevo","inLanguage":"es-ES","isPartOf":{"@id":"https:\/\/ramonramon.org\/blog\/#website"},"breadcrumb":{"@id":"https:\/\/ramonramon.org\/blog\/2006\/02\/24\/comienza-el-nuevo-proyecto-ctar\/#breadcrumblist"},"author":{"@id":"https:\/\/ramonramon.org\/blog\/author\/admin\/#author"},"creator":{"@id":"https:\/\/ramonramon.org\/blog\/author\/admin\/#author"},"datePublished":"2006-02-24T04:16:00+01:00","dateModified":"2006-02-24T04:16:00+01:00"},{"@type":"WebSite","@id":"https:\/\/ramonramon.org\/blog\/#website","url":"https:\/\/ramonramon.org\/blog\/","name":"RAMON RAMON","description":"Comunicaci\u00f3n pol\u00edtica y campa\u00f1as electorales","inLanguage":"es-ES","publisher":{"@id":"https:\/\/ramonramon.org\/blog\/#person"}}]},"og:locale":"es_ES","og:site_name":"Ram\u00f3n Ram\u00f3n - Comunicaci\u00f3n pol\u00edtica y campa\u00f1as electorales","og:type":"article","og:title":"Comienza el nuevo proyecto CTAR","og:description":"Aunque llevamos muy poco tiempo trabajando en este nuevo y ambicioso proyecto, ya me encuentro superilusionado, creo que puede ser un verdadero punto de inflexi\u00f3n, tanto en las Nuevas Tecnolog\u00edas (usando por supuesto herramientas de software libre) como en la Comunidad.Si entusiasmado estoy yo, m\u00e1s a\u00fan todos aquellos con los que hablo de este nuevo","og:url":"https:\/\/ramonramon.org\/blog\/2006\/02\/24\/comienza-el-nuevo-proyecto-ctar\/","og:image":"https:\/\/ramonramon.org\/blog\/wp-content\/uploads\/2023\/12\/cropped-Marca-RR-03_trans.png","og:image:secure_url":"https:\/\/ramonramon.org\/blog\/wp-content\/uploads\/2023\/12\/cropped-Marca-RR-03_trans.png","og:image:width":2560,"og:image:height":1709,"article:published_time":"2006-02-24T02:16:00+00:00","article:modified_time":"2006-02-24T02:16:00+00:00","article:publisher":"https:\/\/www.facebook.com\/ramonramon","twitter:card":"summary_large_image","twitter:site":"@ramonramon","twitter:title":"Comienza el nuevo proyecto CTAR","twitter:description":"Aunque llevamos muy poco tiempo trabajando en este nuevo y ambicioso proyecto, ya me encuentro superilusionado, creo que puede ser un verdadero punto de inflexi\u00f3n, tanto en las Nuevas Tecnolog\u00edas (usando por supuesto herramientas de software libre) como en la Comunidad.Si entusiasmado estoy yo, m\u00e1s a\u00fan todos aquellos con los que hablo de este nuevo","twitter:image":"https:\/\/ramonramon.org\/blog\/wp-content\/uploads\/2023\/12\/cropped-Marca-RR-03_trans.png"},"aioseo_meta_data":{"post_id":"27","title":null,"description":null,"keywords":null,"keyphrases":null,"primary_term":null,"canonical_url":null,"og_title":null,"og_description":null,"og_object_type":"default","og_image_type":"default","og_image_url":null,"og_image_width":null,"og_image_height":null,"og_image_custom_url":null,"og_image_custom_fields":null,"og_video":null,"og_custom_url":null,"og_article_section":null,"og_article_tags":null,"twitter_use_og":false,"twitter_card":"default","twitter_image_type":"default","twitter_image_url":null,"twitter_image_custom_url":null,"twitter_image_custom_fields":null,"twitter_title":null,"twitter_description":null,"schema":{"blockGraphs":[],"customGraphs":[],"default":{"data":{"Article":[],"Course":[],"Dataset":[],"FAQPage":[],"Movie":[],"Person":[],"Product":[],"ProductReview":[],"Car":[],"Recipe":[],"Service":[],"SoftwareApplication":[],"WebPage":[]},"graphName":"","isEnabled":true},"graphs":[]},"schema_type":"default","schema_type_options":null,"pillar_content":false,"robots_default":true,"robots_noindex":false,"robots_noarchive":false,"robots_nosnippet":false,"robots_nofollow":false,"robots_noimageindex":false,"robots_noodp":false,"robots_notranslate":false,"robots_max_snippet":null,"robots_max_videopreview":null,"robots_max_imagepreview":"large","priority":null,"frequency":null,"local_seo":null,"seo_analyzer_scan_date":"2026-06-28 16:27:17","breadcrumb_settings":null,"limit_modified_date":false,"ai":null,"created":"2023-08-04 02:30:02","updated":"2026-06-28 16:27:17","focus_keyword":null,"truseo":null,"additional_keywords":null,"truseo_locale":null},"aioseo_breadcrumb":"<div class=\"aioseo-breadcrumbs\"><span class=\"aioseo-breadcrumb\">\n\t<a href=\"https:\/\/ramonramon.org\/blog\" title=\"Inicio\">Inicio<\/a>\n<\/span><span class=\"aioseo-breadcrumb-separator\">&raquo;<\/span><span class=\"aioseo-breadcrumb\">\n\t<a href=\"https:\/\/ramonramon.org\/blog\/category\/personal\/\" title=\"Personal\">Personal<\/a>\n<\/span><span class=\"aioseo-breadcrumb-separator\">&raquo;<\/span><span class=\"aioseo-breadcrumb\">\n\tComienza el nuevo proyecto CTAR\n<\/span><\/div>","aioseo_breadcrumb_json":[{"label":"Inicio","link":"https:\/\/ramonramon.org\/blog"},{"label":"Personal","link":"https:\/\/ramonramon.org\/blog\/category\/personal\/"},{"label":"Comienza el nuevo proyecto CTAR","link":"https:\/\/ramonramon.org\/blog\/2006\/02\/24\/comienza-el-nuevo-proyecto-ctar\/"}],"_links":{"self":[{"href":"https:\/\/ramonramon.org\/blog\/wp-json\/wp\/v2\/posts\/27","targetHints":{"allow":["GET"]}}],"collection":[{"href":"https:\/\/ramonramon.org\/blog\/wp-json\/wp\/v2\/posts"}],"about":[{"href":"https:\/\/ramonramon.org\/blog\/wp-json\/wp\/v2\/types\/post"}],"author":[{"embeddable":true,"href":"https:\/\/ramonramon.org\/blog\/wp-json\/wp\/v2\/users\/2070"}],"replies":[{"embeddable":true,"href":"https:\/\/ramonramon.org\/blog\/wp-json\/wp\/v2\/comments?post=27"}],"version-history":[{"count":0,"href":"https:\/\/ramonramon.org\/blog\/wp-json\/wp\/v2\/posts\/27\/revisions"}],"wp:attachment":[{"href":"https:\/\/ramonramon.org\/blog\/wp-json\/wp\/v2\/media?parent=27"}],"wp:term":[{"taxonomy":"category","embeddable":true,"href":"https:\/\/ramonramon.org\/blog\/wp-json\/wp\/v2\/categories?post=27"},{"taxonomy":"post_tag","embeddable":true,"href":"https:\/\/ramonramon.org\/blog\/wp-json\/wp\/v2\/tags?post=27"}],"curies":[{"name":"wp","href":"https:\/\/api.w.org\/{rel}","templated":true}]}}