{"id":2695,"date":"2009-09-18T12:53:12","date_gmt":"2009-09-18T10:53:12","guid":{"rendered":"https:\/\/www.ramonramon.org\/blog\/?p=2695"},"modified":"2020-03-22T13:28:33","modified_gmt":"2020-03-22T12:28:33","slug":"escuela-tic-2-0-en-andalucia","status":"publish","type":"post","link":"https:\/\/ramonramon.org\/blog\/2009\/09\/18\/escuela-tic-2-0-en-andalucia\/","title":{"rendered":"Escuela TIC 2.0 en Andaluc\u00eda"},"content":{"rendered":"<p>Ya sabemos la que ha ca\u00eddo desde abril con la famosa <a href=\"https:\/\/www.ramonramon.org\/blog\/2009\/08\/14\/y-de-la-escuela-2-0-que\/\">escuela 2.0<\/a> y los famosos port\u00e1tiles, tanto por lo absurdo de que las diferentes\u00a0 <a href=\"https:\/\/www.ramonramon.org\/blog\/2009\/04\/22\/el-gobierno-planea-dar-portatiles-en-primaria-%C2%BFavance-o-retroceso\/\">AAPP fomenten monopolios en la educaci\u00f3n<\/a> con nuestros escolares o no apuesten por la formaci\u00f3n en independencia. Ccomo tampoco tiene mucho sentido, m\u00e1s bien <a href=\"https:\/\/www.ramonramon.org\/blog\/2009\/07\/13\/ensaladas-a-40-e-ese-es-el-nombre-de-una-futura-generacion-vendida\/\">es despilfarrar el dinero<\/a>, comprar los port\u00e1tiles con arranque dual, no solo porque es seguir fomentando el punto anterior, sino porque si queremos una juventud preparada, formada en valores, y con mayores posiblidades de innovar y desarrollar, la \u00fanica opci\u00f3n es el software libre. Es la <a href=\"https:\/\/www.ramonramon.org\/blog\/2009\/08\/06\/software-libre-%C2%BFoportunidad-desperdiciada\/\">oportunidad del software libre<\/a>.<\/p>\n<p>Mientras tanto, <a href=\"https:\/\/www.ramonramon.org\/blog\/page\/2\/?s=andalucia+software+libre\">Andaluc\u00eda<\/a>, referente junto a Extremadura de una apuesta decidida por el software libre, teniendo adem\u00e1s como un pilar b\u00e1sico la educaci\u00f3n y la escuela, ha realizado silenciosa pero sin pausa su trabajo, y durante todo el verano se han realizado pruebas, se han seleccionado los mejores modelos, y posteriormente\u00a0 se han adquirido los primeros 17.000 ultraport\u00e1tiles.\u00a0 Si, son <strong>17.000 ultraport\u00e1tiles<\/strong> que ya est\u00e1n\u00a0 preparados e instalados <strong>con la versi\u00f3n <a href=\"http:\/\/www.guadalinexedu.org\/\">Guadalinex educativa<\/a><\/strong> -por supuesto sin arranque dual- y<strong> que se entregaran muy pr\u00f3ximamente<\/strong> a todos los docentes.\u00a0 Y es que aqu\u00ed,\u00a0 viene la segunda parte, primero ser\u00e1n los docentes los que los reciban, junto a la formaci\u00f3n necesaria, y una vez sepan usarlos y formar con ellos, se les dar\u00e1n a los alumnos, seguramente sobre enero,\u00a0 \u00bfimagin\u00e1is entonces cuantos ultraport\u00e1tiles ser\u00e1n en su conjunto? Inicialmente ser\u00e1n 173.595 ultraport\u00e1tiles, solo para los\u00a0 alumnos de 5\u00ba y 6\u00ba, es decir, <strong>otros casi 200.000 equipos m\u00e1s con Guadalinex<\/strong>.<\/p>\n<p>La cifra impresiona, y es que como dice mi buen amigo Rodri Salvador, responsable de comunicaci\u00f3n del CGA,\u00a0 no hay que olvidar que, <a href=\"https:\/\/www.ramonramon.org\/blog\/2008\/11\/18\/ataque-de-la-bsa-a-andalucia-y-al-software-libre\/\">Andaluc\u00eda<\/a> con sus centros educativos, formaban hasta hace muy poco la mayor red de ordenadores de software libre de todo el mundo, con <strong>m\u00e1s de 315.000 ordenadores con Guadalinex solo en centros TIC<\/strong>,\u00a0 a los que hay que sumar centros bilingues, digitales,&#8230;.\u00a0 y todo gestionado por el magn\u00edfico Centro de Gesti\u00f3n Avanzado sin el cual ser\u00eda imposible mantener, administrar, soportar todos esos equipos y que todo, como hasta ahora, funcione correctamente.\u00a0 He tenido la suerte de visitar el CGA un par de ocasiones, tengo grandes amigos all\u00ed, y es incre\u00edble el trabajo que realizan, pero a\u00fan m\u00e1s la pasi\u00f3n y el empe\u00f1o porque todo funcione correctamente.<\/p>\n<p>Aqu\u00ed tenemos el video donde por primera vez podemos ver el aspecto que tendr\u00e1 el ultraportatil de la escuela 2.0 en Andaluc\u00eda<\/p>\n<div style=\"background-color: #ffffff; width: 393px; height: 324px;\">\n<div id=\"flashcontent\"><object id=\"reproductorEducacion4\" classid=\"clsid:d27cdb6e-ae6d-11cf-96b8-444553540000\" width=\"393\" height=\"323\" codebase=\"http:\/\/download.macromedia.com\/pub\/shockwave\/cabs\/flash\/swflash.cab#version=6,0,40,0\"><param name=\"align\" value=\"middle\" \/><param name=\"allowScriptAccess\" value=\"always\" \/><param name=\"allowFullScreen\" value=\"true\" \/><param name=\"quality\" value=\"high\" \/><param name=\"bgcolor\" value=\"#ffffff\" \/><param name=\"src\" value=\"http:\/\/www.juntadeandalucia.es\/educacion\/mediva\/swf\/reproductorIntegracion.swf?ruta_video=http:\/\/ondemand.jaedu.ondemand.flumotion.com\/jaedu\/ondemand\/video\/1252652609695.flv.flv&amp;local=1&amp;colorPrincipal=0x4AC1EB&amp;colorSecundario=0x5BB500&amp;rutaAbsoluta=http:\/\/www.juntadeandalucia.es\/educacion\/mediva\/\" \/><param name=\"name\" value=\"reproductorEducacion4\" \/><param name=\"allowfullscreen\" value=\"true\" \/><embed id=\"reproductorEducacion4\" type=\"application\/x-shockwave-flash\" width=\"393\" height=\"323\" src=\"http:\/\/www.juntadeandalucia.es\/educacion\/mediva\/swf\/reproductorIntegracion.swf?ruta_video=http:\/\/ondemand.jaedu.ondemand.flumotion.com\/jaedu\/ondemand\/video\/1252652609695.flv.flv&amp;local=1&amp;colorPrincipal=0x4AC1EB&amp;colorSecundario=0x5BB500&amp;rutaAbsoluta=http:\/\/www.juntadeandalucia.es\/educacion\/mediva\/\" name=\"reproductorEducacion4\" bgcolor=\"#ffffff\" quality=\"high\" allowfullscreen=\"true\" allowscriptaccess=\"always\" align=\"middle\"><\/embed><\/object><\/div>\n<\/div>\n","protected":false},"excerpt":{"rendered":"<p>Ya sabemos la que ha ca\u00eddo desde abril con la famosa escuela 2.0 y los famosos port\u00e1tiles, tanto por lo absurdo de que las diferentes\u00a0 AAPP fomenten monopolios en la educaci\u00f3n con nuestros escolares o no apuesten por la formaci\u00f3n en independencia. Ccomo tampoco tiene mucho sentido, m\u00e1s bien es despilfarrar el dinero, comprar los&hellip;&nbsp;<a href=\"https:\/\/ramonramon.org\/blog\/2009\/09\/18\/escuela-tic-2-0-en-andalucia\/\" rel=\"bookmark\">Leer m\u00e1s &raquo;<span class=\"screen-reader-text\">Escuela TIC 2.0 en Andaluc\u00eda<\/span><\/a><\/p>\n","protected":false},"author":2070,"featured_media":0,"comment_status":"open","ping_status":"open","sticky":false,"template":"","format":"standard","meta":{"neve_meta_sidebar":"","neve_meta_container":"","neve_meta_enable_content_width":"","neve_meta_content_width":0,"neve_meta_title_alignment":"","neve_meta_author_avatar":"","neve_post_elements_order":"","neve_meta_disable_header":"","neve_meta_disable_footer":"","neve_meta_disable_title":"","footnotes":""},"categories":[3,18,27,31],"tags":[86,313,345,384,509,805],"class_list":["post-2695","post","type-post","status-publish","format-standard","hentry","category-administraciones-publicas","category-libertad-tecnologica","category-software-libre","category-videos","tag-andalucia","tag-educacion","tag-escuela-2-0","tag-formacion","tag-libertad","tag-video"],"aioseo_notices":[],"_links":{"self":[{"href":"https:\/\/ramonramon.org\/blog\/wp-json\/wp\/v2\/posts\/2695","targetHints":{"allow":["GET"]}}],"collection":[{"href":"https:\/\/ramonramon.org\/blog\/wp-json\/wp\/v2\/posts"}],"about":[{"href":"https:\/\/ramonramon.org\/blog\/wp-json\/wp\/v2\/types\/post"}],"author":[{"embeddable":true,"href":"https:\/\/ramonramon.org\/blog\/wp-json\/wp\/v2\/users\/2070"}],"replies":[{"embeddable":true,"href":"https:\/\/ramonramon.org\/blog\/wp-json\/wp\/v2\/comments?post=2695"}],"version-history":[{"count":0,"href":"https:\/\/ramonramon.org\/blog\/wp-json\/wp\/v2\/posts\/2695\/revisions"}],"wp:attachment":[{"href":"https:\/\/ramonramon.org\/blog\/wp-json\/wp\/v2\/media?parent=2695"}],"wp:term":[{"taxonomy":"category","embeddable":true,"href":"https:\/\/ramonramon.org\/blog\/wp-json\/wp\/v2\/categories?post=2695"},{"taxonomy":"post_tag","embeddable":true,"href":"https:\/\/ramonramon.org\/blog\/wp-json\/wp\/v2\/tags?post=2695"}],"curies":[{"name":"wp","href":"https:\/\/api.w.org\/{rel}","templated":true}]}}