{"id":26162,"date":"2020-01-19T11:05:14","date_gmt":"2020-01-19T10:05:14","guid":{"rendered":"https:\/\/www.ramonramon.org\/blog\/?p=26162"},"modified":"2020-01-19T11:05:20","modified_gmt":"2020-01-19T10:05:20","slug":"tendencias-2020","status":"publish","type":"post","link":"https:\/\/ramonramon.org\/blog\/2020\/01\/19\/tendencias-2020\/","title":{"rendered":"Tendencias 2020"},"content":{"rendered":"\n<h2 class=\"wp-block-heading\">O lo que estamos viviendo en este inicio de a\u00f1o con respecto a una Sociedad cada vez m\u00e1s hiper-tecnificada,<a href=\"https:\/\/www.ramonramon.org\/blog\/2018\/12\/04\/impacto-social-de-las-nuevas-plataformas-de-comunicacion-vs-medios-tradicionales\/\"> hiper-conectada<\/a> e hiperdependiente.<\/h2>\n\n\n\n<p>Este mini post surge tras una entrevista que me hac\u00edan a finales de a\u00f1o para una publicaci\u00f3n tecnol\u00f3gica y que, unos d\u00edas despu\u00e9s, se me ocurre podr\u00eda compartir aqu\u00ed para abrir la reflexi\u00f3n.  \u00bfC\u00f3mo lo veis vosotr@s?<\/p>\n\n\n\n<p>Viviremos un incremento y popularizaci\u00f3n de nuevos gadgets, que <a href=\"https:\/\/www.ramonramon.org\/blog\/2018\/10\/24\/todo-el-dia-los-ojos-en-la-pantalla-nuestra-vida-en-un-mundo-transmedia\/\">ser\u00e1n parte de nuestra vida cotidiana<\/a>, aumentando la dependencia de ellos y de la conexi\u00f3n a internet; a la vez, las empresas aumentar\u00e1n la importancia del Thick data, como manera m\u00e1s eficiente de vender m\u00e1s y mejor. Mientras que la ciudadan\u00eda seguir\u00e1 exigiendo m\u00e1s y con mayor contundencia servicios y derechos, tanto a administraciones p\u00fablicas como privadas.<\/p>\n\n\n\n<figure class=\"wp-block-image size-large\"><img loading=\"lazy\" decoding=\"async\" width=\"1229\" height=\"634\" src=\"https:\/\/www.ramonramon.org\/blog\/wp-content\/uploads\/el-internet-1.png\" alt=\"evoluci\u00f3n tecnol\u00f3gica\" class=\"wp-image-24192\" srcset=\"https:\/\/ramonramon.org\/blog\/wp-content\/uploads\/el-internet-1.png 1229w, https:\/\/ramonramon.org\/blog\/wp-content\/uploads\/el-internet-1-250x129.png 250w\" sizes=\"auto, (max-width: 1229px) 100vw, 1229px\" \/><\/figure>\n\n\n\n<p><a href=\"https:\/\/www.ramonramon.org\/blog\/2018\/08\/01\/sociedad-red-y-tecnopolitica-el-impacto-de-la-tecnologia-en-nuestras-vidas\/\">Si estos a\u00f1os han sido los del auge del internet de las cosas<\/a>, este 2020 ser\u00e1 el de la hipersaturaci\u00f3n de dispositivos aut\u00f3nomos o basados en inteligencia artificial -haci\u00e9ndonos cada vez m\u00e1s dependientes-, la reivindicaci\u00f3n y globalizaci\u00f3n de las movilizaciones sociales y la eliminaci\u00f3n cada vez m\u00e1s de las estructuras tradicionales de intermediaci\u00f3n -sustituidas por la <strong><a href=\"https:\/\/www.ramonramon.org\/blog\/?s=tecnopolitica\">Tecnopol\u00edtica<\/a><\/strong>-.  Porque&#8230; como ya <a href=\"https:\/\/www.ramonramon.org\/blog\/2016\/03\/10\/tecnopolitica-jovenes\/\">vengo diciendo<\/a> hace casi una d\u00e9cada, o m\u00e1s concretamente desde 2011, y <a href=\"https:\/\/www.ramonramon.org\/blog\/2019\/11\/26\/latinoamerica-y-su-regreso-al-68\/\">este 2019 nos lo dej\u00f3 ver de nuevo en Latinoam\u00e9rica<\/a>,<\/p>\n\n\n\n<blockquote class=\"wp-block-quote is-layout-flow wp-block-quote-is-layout-flow\"><p>La <a rel=\"noreferrer noopener\" href=\"https:\/\/www.ramonramon.org\/blog\/2016\/02\/01\/ciberactivismo-y-tecnopolitica-la-ciudadania-empoderada-y-conectada-por-la-sociedad-red\/\" target=\"_blank\">Sociedad-Red ha cambiado la forma en la que nos informamos, pero tambi\u00e9n la forma de organizarnos<\/a>  y\u2026. como venimos observando desde el 2011 la forma de protestar.\u00a0 Hemos  pasado de la indignaci\u00f3n individual a la colectiva, de la resignaci\u00f3n a  la ocupaci\u00f3n del espacio urbano como forma de protesta, y\u2026. como ya  ocurriera desde la primavera \u00e1rabe el derrocamiento del tirano o del  corrupto.<\/p><\/blockquote>\n\n\n\n<p class=\"has-text-align-right\">As\u00ed que&#8230;.\u00bf y t\u00fa, como lo ves?<\/p>\n","protected":false},"excerpt":{"rendered":"<p>O lo que estamos viviendo en este inicio de a\u00f1o con respecto a una Sociedad cada vez m\u00e1s hiper-tecnificada, hiper-conectada e hiperdependiente. Este mini post surge tras una entrevista que me hac\u00edan a finales de a\u00f1o para una publicaci\u00f3n tecnol\u00f3gica y que, unos d\u00edas despu\u00e9s, se me ocurre podr\u00eda compartir aqu\u00ed para abrir la reflexi\u00f3n.&hellip;&nbsp;<a href=\"https:\/\/ramonramon.org\/blog\/2020\/01\/19\/tendencias-2020\/\" rel=\"bookmark\">Leer m\u00e1s &raquo;<span class=\"screen-reader-text\">Tendencias 2020<\/span><\/a><\/p>\n","protected":false},"author":2070,"featured_media":23918,"comment_status":"open","ping_status":"open","sticky":false,"template":"","format":"standard","meta":{"neve_meta_sidebar":"","neve_meta_container":"","neve_meta_enable_content_width":"","neve_meta_content_width":0,"neve_meta_title_alignment":"","neve_meta_author_avatar":"","neve_post_elements_order":"","neve_meta_disable_header":"","neve_meta_disable_footer":"","neve_meta_disable_title":"","footnotes":""},"categories":[2008],"tags":[1947],"class_list":["post-26162","post","type-post","status-publish","format-standard","has-post-thumbnail","hentry","category-comunicacion","tag-tecnopolitica"],"aioseo_notices":[],"_links":{"self":[{"href":"https:\/\/ramonramon.org\/blog\/wp-json\/wp\/v2\/posts\/26162","targetHints":{"allow":["GET"]}}],"collection":[{"href":"https:\/\/ramonramon.org\/blog\/wp-json\/wp\/v2\/posts"}],"about":[{"href":"https:\/\/ramonramon.org\/blog\/wp-json\/wp\/v2\/types\/post"}],"author":[{"embeddable":true,"href":"https:\/\/ramonramon.org\/blog\/wp-json\/wp\/v2\/users\/2070"}],"replies":[{"embeddable":true,"href":"https:\/\/ramonramon.org\/blog\/wp-json\/wp\/v2\/comments?post=26162"}],"version-history":[{"count":0,"href":"https:\/\/ramonramon.org\/blog\/wp-json\/wp\/v2\/posts\/26162\/revisions"}],"wp:featuredmedia":[{"embeddable":true,"href":"https:\/\/ramonramon.org\/blog\/wp-json\/wp\/v2\/media\/23918"}],"wp:attachment":[{"href":"https:\/\/ramonramon.org\/blog\/wp-json\/wp\/v2\/media?parent=26162"}],"wp:term":[{"taxonomy":"category","embeddable":true,"href":"https:\/\/ramonramon.org\/blog\/wp-json\/wp\/v2\/categories?post=26162"},{"taxonomy":"post_tag","embeddable":true,"href":"https:\/\/ramonramon.org\/blog\/wp-json\/wp\/v2\/tags?post=26162"}],"curies":[{"name":"wp","href":"https:\/\/api.w.org\/{rel}","templated":true}]}}