{"id":2577,"date":"2009-09-02T08:59:03","date_gmt":"2009-09-02T06:59:03","guid":{"rendered":"https:\/\/www.ramonramon.org\/blog\/?p=2577"},"modified":"2014-01-02T21:55:11","modified_gmt":"2014-01-02T20:55:11","slug":"bien-por-patxi-su-gobierno-y-la-ciudadania","status":"publish","type":"post","link":"https:\/\/ramonramon.org\/blog\/2009\/09\/02\/bien-por-patxi-su-gobierno-y-la-ciudadania\/","title":{"rendered":"\u00a1Bien por Patxi, su gobierno y la ciudadan\u00eda!"},"content":{"rendered":"<p>Y solo me quedar\u00eda a\u00f1adir, por sus escolares, sus futuras generaciones, por la innovaci\u00f3n en Euskadi,&#8230; en general, por la apuesta por una Sociedad mejor y m\u00e1s formada.\u00a0 Esto es lo \u00fanico que se me ocurre tras leer los posts de\u00a0 <small><span><span>Pablo Garaizar Sagarminaga aka Txipi <\/span><\/span><\/small><a title=\"Permalink de &quot;Patxi L\u00f3pez (me) asombra&quot;\" rel=\"bookmark\" href=\"http:\/\/softwarelibre.deusto.es\/patxi-lopez-me-asombra\/\">Patxi L\u00f3pez (me) asombra<\/a> y de C\u00e9sar Calder\u00f3n aka Netoraton La escuela 2.0, el Gobierno Vasco y la escucha activa Como ya dec\u00eda en mis anteriores posts <a href=\"https:\/\/www.ramonramon.org\/blog\/2009\/08\/26\/patxi-no-nos-falles\/\">ni pod\u00eda quedarse la cosa as\u00ed<\/a>, ni tampoco podr\u00edamos <a href=\"https:\/\/www.ramonramon.org\/blog\/2009\/08\/29\/patxi-la-escuela-2-0-y-la-esperanza\/\">perder la esperanza<\/a>, y &#8230; como nos cuenta Pablo, uno de los protagonistas de toda la historia:<\/p>\n<blockquote><p><em>\u00abS\u00e9 que ni en el anterior art\u00edculo era Patxi L\u00f3pez quien me defraudaba personalmente, ni en este es quien me asombra. Es m\u00e1s bien el conjunto del Gobierno Vasco, en toda su mastod\u00f3ntica dimensi\u00f3n, quien me produce esas sensaciones. Sin embargo, no quiero desaprovechar la ocasi\u00f3n de personalizar. Si cuando critico los fallos, no suelo callarme, esta vez, con m\u00e1s raz\u00f3n, no voy a ser menos. Por ello quiero agradecer personalmente a M\u00aa Sol Esteban, Carlos Crespo, Idoia Chorro y Victor Bermejo todo el tiempo e inter\u00e9s dedicados en este asunto; a Isabel Cela\u00e1 por sacar un rato en su apretad\u00edsima agenda para hablarlo tambi\u00e9n; a Lehendakaritza por estar al tanto de este asunto y muy especialmente a Idoia Mendia por haber facilitado esta rapid\u00edsima reacci\u00f3n de un aparataje que suele tener mucha menos cintura.\u00bb<\/em><\/p><\/blockquote>\n<p>As\u00ed que, aunque no hay que lanzar las campanas al vuelo, si que parece hay motivos suficientes para estar satisfechos, y esperemos que en estos d\u00edas, todo lo expresado en esa reuni\u00f3n se traslade a los pliegos y a las actuaciones.<\/p>\n","protected":false},"excerpt":{"rendered":"<p>Y solo me quedar\u00eda a\u00f1adir, por sus escolares, sus futuras generaciones, por la innovaci\u00f3n en Euskadi,&#8230; en general, por la apuesta por una Sociedad mejor y m\u00e1s formada.\u00a0 Esto es lo \u00fanico que se me ocurre tras leer los posts de\u00a0 Pablo Garaizar Sagarminaga aka Txipi Patxi L\u00f3pez (me) asombra y de C\u00e9sar Calder\u00f3n aka&hellip;&nbsp;<a href=\"https:\/\/ramonramon.org\/blog\/2009\/09\/02\/bien-por-patxi-su-gobierno-y-la-ciudadania\/\" rel=\"bookmark\">Leer m\u00e1s &raquo;<span class=\"screen-reader-text\">\u00a1Bien por Patxi, su gobierno y la ciudadan\u00eda!<\/span><\/a><\/p>\n","protected":false},"author":2070,"featured_media":0,"comment_status":"open","ping_status":"open","sticky":false,"template":"","format":"standard","meta":{"neve_meta_sidebar":"","neve_meta_container":"","neve_meta_enable_content_width":"","neve_meta_content_width":0,"neve_meta_title_alignment":"","neve_meta_author_avatar":"","neve_post_elements_order":"","neve_meta_disable_header":"","neve_meta_disable_footer":"","neve_meta_disable_title":"","footnotes":""},"categories":[3,18,27],"tags":[345,359,642,2003],"class_list":["post-2577","post","type-post","status-publish","format-standard","hentry","category-administraciones-publicas","category-libertad-tecnologica","category-software-libre","tag-escuela-2-0","tag-euskadi","tag-patxi-lopez","tag-software-libre"],"aioseo_notices":[],"_links":{"self":[{"href":"https:\/\/ramonramon.org\/blog\/wp-json\/wp\/v2\/posts\/2577","targetHints":{"allow":["GET"]}}],"collection":[{"href":"https:\/\/ramonramon.org\/blog\/wp-json\/wp\/v2\/posts"}],"about":[{"href":"https:\/\/ramonramon.org\/blog\/wp-json\/wp\/v2\/types\/post"}],"author":[{"embeddable":true,"href":"https:\/\/ramonramon.org\/blog\/wp-json\/wp\/v2\/users\/2070"}],"replies":[{"embeddable":true,"href":"https:\/\/ramonramon.org\/blog\/wp-json\/wp\/v2\/comments?post=2577"}],"version-history":[{"count":0,"href":"https:\/\/ramonramon.org\/blog\/wp-json\/wp\/v2\/posts\/2577\/revisions"}],"wp:attachment":[{"href":"https:\/\/ramonramon.org\/blog\/wp-json\/wp\/v2\/media?parent=2577"}],"wp:term":[{"taxonomy":"category","embeddable":true,"href":"https:\/\/ramonramon.org\/blog\/wp-json\/wp\/v2\/categories?post=2577"},{"taxonomy":"post_tag","embeddable":true,"href":"https:\/\/ramonramon.org\/blog\/wp-json\/wp\/v2\/tags?post=2577"}],"curies":[{"name":"wp","href":"https:\/\/api.w.org\/{rel}","templated":true}]}}