{"id":2559,"date":"2009-08-30T13:10:27","date_gmt":"2009-08-30T11:10:27","guid":{"rendered":"https:\/\/www.ramonramon.org\/blog\/2009\/08\/30\/fiesta-solidaria-sahara-y-software-libre-2\/"},"modified":"2021-08-19T20:26:41","modified_gmt":"2021-08-19T18:26:41","slug":"fiesta-solidaria-sahara-y-software-libre-2","status":"publish","type":"post","link":"https:\/\/ramonramon.org\/blog\/2009\/08\/30\/fiesta-solidaria-sahara-y-software-libre-2\/","title":{"rendered":"Fiesta Solidaria Sahara y Software Libre"},"content":{"rendered":"<div style=\"float: right; margin-left: 10px; margin-bottom: 10px;\"><a title=\"photo sharing\" href=\"http:\/\/www.flickr.com\/photos\/ramonramon\/3868936266\/\"><img decoding=\"async\" style=\"border: solid 2px #000000;\" src=\"http:\/\/farm3.static.flickr.com\/2667\/3868936266_2fc542d906_m.jpg\" alt=\"\" \/><\/a> <span style=\"font-size: 0.9em; margin-top: 0px;\"> <a href=\"http:\/\/www.flickr.com\/photos\/ramonramon\/3868936266\/\">29\/08\/2009<\/a><\/span> Cargado originalmente por <a href=\"http:\/\/www.flickr.com\/people\/ramonramon\/\">RAMONRAMON<\/a><\/div>\n<p>Como ya <a href=\"https:\/\/www.ramonramon.org\/blog\/2009\/08\/20\/software-libre-para-un-sahara-libre-iniciativa-focus-realiza-un-nuevo-proyecto-solidario\/\">hab\u00eda anunciado hace unos d\u00edas<\/a> y se recog\u00eda en la web de Iniciativa Focus, ayer tuvo lugar la fiesta solidaria Software Libre para un Sahara Libre.<\/p>\n<p>En un inmejorable ambiente, con un mont\u00f3n de amig@s y voluntari@s de Iniciativa Focus y Protecci\u00f3n Civil de Moclinejo, se realiz\u00f3 una increible fiesta solidaria.<\/p>\n<p>Como se pueden ver en las fotos,\u00a0 se juntaron muchas personas para colaborar en un proyecto que se viene desarrollando desde hace meses y que muy pr\u00f3ximamente ver\u00e1 sus frutos, aunque los equipos reciclados y preparados ya est\u00e1n enviados y recibidos en los campamentos.<\/p>\n<p>Con un maestro de ceremonias como Rafa, una de las personas m\u00e1s involucradas en proyectos solidarios que conozco, pudimos \u00abmaquinar\u00bb y disfrutar, y en esa misma noche, surgi\u00f3 la necesidad de acelerar todo el proceso en un nuevo proyecto para Senegal.\u00a0 Recoger, reciclar, preparar, montar y cargar equipos para montar una o dos aulas inform\u00e1ticas en Senegal, y todo en tiempo record, el pr\u00f3ximo 1 de octubre salimos para Dakar,\u00a0 \u00bfllegaremos a tiempo?\u00a0 \u00bfnos ayudas? \u00bfquieres venirte a colaborar?<\/p>\n<p>A la fiesta vinieron compa\u00f1eros de Focus de diferentes lugares, principalmente de Andaluc\u00eda, como Ronda, Almer\u00eda o Granada, con lo que fue una inmejorable ocasi\u00f3n para encontrarnos en un ambiente de compa\u00f1erismo, colaboraci\u00f3n y \u00abbuen rollo\u00bb  Puedes ver las fotos de la fiesta pr\u00f3ximamente en la galer\u00eda de fotos de IniciativaFocus, mientras tanto, las que yo tir\u00e9 <a href=\"http:\/\/www.flickr.com\/photos\/ramonramon\/tags\/fiestasolidaria\/\">est\u00e1n aqu\u00ed<\/a>.<\/p>\n<p><span style=\"text-decoration: underline;\"><em>Actualizado 31-08-2009<\/em><\/span>:<\/p>\n<p>M\u00e1s fotos de la fiesta, en este caso del amigo Manolo Flores aka Kans, uno de los coordinadores del proyecto.<a href=\"https:\/\/www.ramonramon.org\/blog\/wp-content\/uploads\/2009\/08\/pict0069.jpg\"><img loading=\"lazy\" decoding=\"async\" class=\"size-full wp-image-2566\" title=\"Fiesta Solidaria en Moclinejo\" src=\"https:\/\/www.ramonramon.org\/blog\/wp-content\/uploads\/2009\/08\/pict0069.jpg\" alt=\"Software Libre para un S\u00e1hara Libre\" width=\"259\" height=\"194\" srcset=\"https:\/\/ramonramon.org\/blog\/wp-content\/uploads\/2009\/08\/pict0069.jpg 720w, https:\/\/ramonramon.org\/blog\/wp-content\/uploads\/2009\/08\/pict0069-188x141.jpg 188w\" sizes=\"auto, (max-width: 259px) 100vw, 259px\" \/><\/a><\/p>\n<p>M\u00e1s informaci\u00f3n tambi\u00e9n en <a href=\"http:\/\/guai.internautas.org\/html\/261.html\">la web de la Asociaci\u00f3n de Internautas<\/a>:<\/p>\n<blockquote>\n<div><a href=\"http:\/\/guai.internautas.org\/html\/261.html\"><em>Solidaridad libre<\/em><\/a><\/div>\n<div>\n<h3><a href=\"http:\/\/guai.internautas.org\/html\/261.html\"><em>El Software libre llega al S\u00e1hara<\/em><\/a><\/h3>\n<\/div>\n<p><em><strong>La Iniciativa FOCUS, para el fomento del software libre, coordinar\u00e1 a un grupo de voluntarios para hacer llegar equipos inform\u00e1ticos a los campos de refugiados del S\u00e1hara. Ser\u00e1n dos aulas de inform\u00e1tica en los campos de refugiados \u00ab27 de Febrero\u00bb y en Rabouni.<\/strong><\/em><\/p><\/blockquote>\n","protected":false},"excerpt":{"rendered":"<p>29\/08\/2009 Cargado originalmente por RAMONRAMON Como ya hab\u00eda anunciado hace unos d\u00edas y se recog\u00eda en la web de Iniciativa Focus, ayer tuvo lugar la fiesta solidaria Software Libre para un Sahara Libre. En un inmejorable ambiente, con un mont\u00f3n de amig@s y voluntari@s de Iniciativa Focus y Protecci\u00f3n Civil de Moclinejo, se realiz\u00f3 una&hellip;&nbsp;<a href=\"https:\/\/ramonramon.org\/blog\/2009\/08\/30\/fiesta-solidaria-sahara-y-software-libre-2\/\" rel=\"bookmark\">Leer m\u00e1s &raquo;<span class=\"screen-reader-text\">Fiesta Solidaria Sahara y Software Libre<\/span><\/a><\/p>\n","protected":false},"author":2070,"featured_media":0,"comment_status":"open","ping_status":"open","sticky":false,"template":"","format":"standard","meta":{"neve_meta_sidebar":"","neve_meta_container":"","neve_meta_enable_content_width":"","neve_meta_content_width":0,"neve_meta_title_alignment":"","neve_meta_author_avatar":"","neve_post_elements_order":"","neve_meta_disable_header":"","neve_meta_disable_footer":"","neve_meta_disable_title":"","footnotes":""},"categories":[6,14,27],"tags":[460,1994,715,2003,754],"class_list":["post-2559","post","type-post","status-publish","format-standard","hentry","category-conocimientolibre","category-iniciativafocus","category-software-libre","tag-iniciativa-focus","tag-iniciativafocus","tag-sahara","tag-software-libre","tag-solidaridad"],"aioseo_notices":[],"_links":{"self":[{"href":"https:\/\/ramonramon.org\/blog\/wp-json\/wp\/v2\/posts\/2559","targetHints":{"allow":["GET"]}}],"collection":[{"href":"https:\/\/ramonramon.org\/blog\/wp-json\/wp\/v2\/posts"}],"about":[{"href":"https:\/\/ramonramon.org\/blog\/wp-json\/wp\/v2\/types\/post"}],"author":[{"embeddable":true,"href":"https:\/\/ramonramon.org\/blog\/wp-json\/wp\/v2\/users\/2070"}],"replies":[{"embeddable":true,"href":"https:\/\/ramonramon.org\/blog\/wp-json\/wp\/v2\/comments?post=2559"}],"version-history":[{"count":0,"href":"https:\/\/ramonramon.org\/blog\/wp-json\/wp\/v2\/posts\/2559\/revisions"}],"wp:attachment":[{"href":"https:\/\/ramonramon.org\/blog\/wp-json\/wp\/v2\/media?parent=2559"}],"wp:term":[{"taxonomy":"category","embeddable":true,"href":"https:\/\/ramonramon.org\/blog\/wp-json\/wp\/v2\/categories?post=2559"},{"taxonomy":"post_tag","embeddable":true,"href":"https:\/\/ramonramon.org\/blog\/wp-json\/wp\/v2\/tags?post=2559"}],"curies":[{"name":"wp","href":"https:\/\/api.w.org\/{rel}","templated":true}]}}