{"id":25435,"date":"2019-03-10T16:32:04","date_gmt":"2019-03-10T15:32:04","guid":{"rendered":"https:\/\/www.ramonramon.org\/blog\/?p=25435"},"modified":"2019-03-10T16:32:04","modified_gmt":"2019-03-10T15:32:04","slug":"ante-el-surgimiento-de-los-populismos-y-si-no-todo-lo-nuevo-es-mejor","status":"publish","type":"post","link":"https:\/\/ramonramon.org\/blog\/2019\/03\/10\/ante-el-surgimiento-de-los-populismos-y-si-no-todo-lo-nuevo-es-mejor\/","title":{"rendered":"Ante el surgimiento de los populismos, \u00bfy si no todo lo nuevo es mejor?"},"content":{"rendered":"<p>Leyendo un reportaje en el que el Papa Francisco nos recuerda que luego de la crisis de 1930, los alemanes ven la \u00aboportunidad\u00bb de levantarse y lograr un \u00abcambio\u00bb para recuperar la identidad de su pa\u00eds, en un joven llamado Adolf Hitler que dec\u00eda: \u00abYo puedo, yo puedo\u00bb y en 1933 fue elegido por votaci\u00f3n como gobernante de Alemania.<\/p>\n<p>Con este antecedente y c\u00f3mo dice el Papa: \u00ab<a href=\"https:\/\/www.bbc.com\/mundo\/noticias-internacional-38710387\">En momentos de crisis, no funciona el discernimiento<\/a>\u00ab, y en Ecuador, a v\u00edsperas de las elecciones, ser\u00eda mejor no dejarnos llevar por un mal gobierno, (sea prefectura, alcald\u00eda, etc.) ni que seamos fr\u00edos o autom\u00e1ticos al elegir por quien votar, como votar por \u00abel menos peor\u00bb, por el \u00abopositor\u00bb o por \u00abuno nuevo\u00bb, por que la historia ya nos ha demostrado que \u00abNo todo opositor ni todo lo nuevo es mejor\u00bb. Mejor analicemos nuestro voto.<\/p>\n<p>En nuestro pa\u00eds a\u00fan no se vive una verdadera democracia dentro de los partidos pol\u00edticos, no existen verdaderas elecciones internas, y es el por qu\u00e9 siempre elegimos mal. Llevar una camiseta o bandera pol\u00edtica no nos obliga a aceptar las malas decisiones dentro de un partido pol\u00edtico, tener la libertad de diferir en opiniones, tener la capacidad de hacer valer nuestro criterio, tener el derecho de proponer a nuestros candidatos y no que nos los impongan como siempre ha pasado, muchos habr\u00e1n sido nombrados por el t\u00edo, hermano, compadre, amigo, jefe, del \u00abdue\u00f1o de la organizaci\u00f3n pol\u00edtica. Tener voz y voto dentro de un partido pol\u00edtico es lo que enriquece nuestra democracia.<\/p>\n<p>El votar con conciencia, intentando separar los afectos, votar con conocimiento, con criterio propio, nos quejamos tanto del show que dan los candidatos modelos, feos, guapos, payasos, deportistas, actores o personas sin estudios, con carencia de propuestas reales que se reflejan en acciones que por m\u00e1s risa que nos pueda dar, podr\u00edan afectar m\u00e1s a nuestro pa\u00eds, pero&#8230; qu\u00e9 hemos hecho nosotros como ciudadanos a m\u00e1s de criticar?, por qu\u00e9 mejor no nos involucramos desde mucho antes, en el proceso, antes de que empiece el show en las redes sociales y sea el \u00fanico medio para en ese momento conocer los candidatos que nos representar\u00e1n.<\/p>\n<p>Cada elecci\u00f3n es lo mismo, llegan figuras conocidas o nuevas en la palestra p\u00fablica, muchos respetables, empresarios, profesionales, estudiantes, emprendedores, activistas o l\u00edderes comunitarios, que llegan con el entusiasmo de aportar con proyectos sustentables que beneficiar\u00edan a su territorio y al pa\u00eds, pero tambi\u00e9n habr\u00e1n camisetazos, gente nueva que son manejados por la vieja guardia, pero&#8230; acaso hemos escuchado alguna propuesta de campa\u00f1a que logre una reforma a la Ley Org\u00e1nica Electoral y de Organizaciones Pol\u00edticas y el C\u00f3digo de la Democracia?, en el que se d\u00e9 m\u00e1s poder al ciudadano com\u00fan de elegir a los candidatos, y limitar que los partidos pol\u00edticos puedan \u00abnegociar, cabildear o nombrar esas candidaturas a su antojo\u00bb. Una ley que l\u00edmite que una autoridad electa sea manejada por alguien desde atr\u00e1s del tel\u00f3n, sea por favores pol\u00edticos, por temas electorales o por compromisos adquiridos antes y durante la campa\u00f1a.<\/p>\n<p>En esta era digital y de innovaci\u00f3n, deber\u00eda ser prioridad el contar con una plataforma efectiva de observaci\u00f3n electoral motivada desde la ciudadan\u00eda (no solo la impuesta por gobierno), en la que se pueda verificar en l\u00ednea y tiempo real, cada uno de los aportes y donaciones que reciben los candidatos antes y durante la campa\u00f1a, con ello se lograr\u00eda una mejor fiscalizaci\u00f3n y control del gasto electoral; y que tal si existiera mayor inter\u00e9s en fiscalizar los gastos del fondo partidista que obtienen los partidos pol\u00edticos cuando logran la votaci\u00f3n m\u00ednima requerida?. Ser\u00edan \u00e9stas, unas de las tantas herramientas que los ciudadanos podr\u00edamos utilizar a fin de promover la transparencia y disminuir el pago de favores pol\u00edticos que pueden llevar a actos de corrupci\u00f3n.<\/p>\n<p>Y si trabajamos en la construcci\u00f3n de una red de observaci\u00f3n electoral d\u00f3nde el ciudadano com\u00fan que se postule voluntariamente, sea tomado en cuenta y participe activamente el d\u00eda de la elecci\u00f3n con el objeto de cuidar su voto, y no depender de \u00abobservadores\u00bb designados que pueden caer en conflictos de intereses.<\/p>\n<p>Con una mayor\u00eda de votos se elige a un presidente, un prefecto, un alcalde etc., y los ecuatorianos tendremos al que elijamos, por las razones que sean, por que es una nueva opci\u00f3n, habla bonito, por que nos cae bien, por que es guapo, por que nuestros padres o jefes votar\u00e1n por el, por que confiamos en un \u00abnuevo cambio\u00bb para nuestra ciudad, nuestra provincia o pa\u00eds, pero contrario a todo pron\u00f3stico basado en encuestas y estrategias de campana, quien termina definiendo quien gobernar\u00e1, es ese % de ciudadanos que NO se involucra, ese ciudadano \u00abNulo\u00bb, o \u00abBlanco\u00bb o el famoso \u00abvoto en plancha\u00bb o el \u00abfiel a la camiseta\u00bb, sin siquiera saber quienes son sus candidatos, ni sus propuestas y se dejan llevar por los colores, n\u00fameros o alianzas&#8230; Como dice un dicho popular: \u00abAunque pegue, marido es\u00bb, una expresi\u00f3n para demostrar que aunque siempre nos quejamos de como est\u00e1 el gobierno, de lo que hacen o dejan de hacer los funcionarios electos, no actuamos para que las cosas mejoren, habr\u00e1n millones que no tendr\u00e1n el inter\u00e9s de plasmar en una papeleta de votaci\u00f3n el deseo de que las cosas cambien para bien en nuestra ciudad, viven orgullosos diciendo: \u00abYo no regalo mi voto\u00bb, \u00abtodos son los mismos\u00bb; claro que s\u00ed, todos son los mismos, por que esa indecisi\u00f3n es la que siempre nos llevar\u00e1 a elegir mal, d\u00f3nde una minor\u00eda nos pone Presidentes, Asamble\u00edstas, Alcaldes, etc., el voto no es solo una obligaci\u00f3n que una ley nos exige, el voto es m\u00e1s que ese diminuto papel que nos habilita para realizar tr\u00e1mites en el pa\u00eds, el voto es mucho m\u00e1s que eso&#8230; es un visto que refleja la decisi\u00f3n y convicci\u00f3n de lo que queremos para nuestro Ecuador.<\/p>\n<p>El crear conciencia, no decir sino hacer, no criticar sino proponer, no delegar sino participar es lo que nos llevar\u00e1 a una verdadera democracia participativa y representativa. Qui\u00e9nes nos gobiernen en el 2019 o 2021 ser\u00e1 el resultado de quienes se involucraron.<\/p>\n<p>En todo caso, hoy ya las cartas est\u00e1n sobre la mesa, ya arranc\u00f3 la campa\u00f1a, nos queda pensar, decidir nuestro voto y elegir entre los que hay&#8230; y recordar que \u00abno todo lo nuevo siempre ser\u00e1 mejor!<\/p>\n","protected":false},"excerpt":{"rendered":"<p>Leyendo un reportaje en el que el Papa Francisco nos recuerda que luego de la crisis de 1930, los alemanes ven la \u00aboportunidad\u00bb de levantarse y lograr un \u00abcambio\u00bb para recuperar la identidad de su pa\u00eds, en un joven llamado Adolf Hitler que dec\u00eda: \u00abYo puedo, yo puedo\u00bb y en 1933 fue elegido por votaci\u00f3n&hellip;&nbsp;<a href=\"https:\/\/ramonramon.org\/blog\/2019\/03\/10\/ante-el-surgimiento-de-los-populismos-y-si-no-todo-lo-nuevo-es-mejor\/\" rel=\"bookmark\">Leer m\u00e1s &raquo;<span class=\"screen-reader-text\">Ante el surgimiento de los populismos, \u00bfy si no todo lo nuevo es mejor?<\/span><\/a><\/p>\n","protected":false},"author":2284,"featured_media":0,"comment_status":"open","ping_status":"open","sticky":false,"template":"","format":"standard","meta":{"neve_meta_sidebar":"","neve_meta_container":"","neve_meta_enable_content_width":"","neve_meta_content_width":0,"neve_meta_title_alignment":"","neve_meta_author_avatar":"","neve_post_elements_order":"","neve_meta_disable_header":"","neve_meta_disable_footer":"","neve_meta_disable_title":"","footnotes":""},"categories":[8],"tags":[],"class_list":["post-25435","post","type-post","status-publish","format-standard","hentry","category-elecciones"],"aioseo_notices":[],"_links":{"self":[{"href":"https:\/\/ramonramon.org\/blog\/wp-json\/wp\/v2\/posts\/25435","targetHints":{"allow":["GET"]}}],"collection":[{"href":"https:\/\/ramonramon.org\/blog\/wp-json\/wp\/v2\/posts"}],"about":[{"href":"https:\/\/ramonramon.org\/blog\/wp-json\/wp\/v2\/types\/post"}],"author":[{"embeddable":true,"href":"https:\/\/ramonramon.org\/blog\/wp-json\/wp\/v2\/users\/2284"}],"replies":[{"embeddable":true,"href":"https:\/\/ramonramon.org\/blog\/wp-json\/wp\/v2\/comments?post=25435"}],"version-history":[{"count":0,"href":"https:\/\/ramonramon.org\/blog\/wp-json\/wp\/v2\/posts\/25435\/revisions"}],"wp:attachment":[{"href":"https:\/\/ramonramon.org\/blog\/wp-json\/wp\/v2\/media?parent=25435"}],"wp:term":[{"taxonomy":"category","embeddable":true,"href":"https:\/\/ramonramon.org\/blog\/wp-json\/wp\/v2\/categories?post=25435"},{"taxonomy":"post_tag","embeddable":true,"href":"https:\/\/ramonramon.org\/blog\/wp-json\/wp\/v2\/tags?post=25435"}],"curies":[{"name":"wp","href":"https:\/\/api.w.org\/{rel}","templated":true}]}}