{"id":24426,"date":"2018-12-27T12:54:55","date_gmt":"2018-12-27T11:54:55","guid":{"rendered":"https:\/\/www.ramonramon.org\/blog\/?p=24426"},"modified":"2018-12-28T13:33:55","modified_gmt":"2018-12-28T12:33:55","slug":"relacion-de-la-tv-y-la-politica","status":"publish","type":"post","link":"https:\/\/ramonramon.org\/blog\/2018\/12\/27\/relacion-de-la-tv-y-la-politica\/","title":{"rendered":"Relaci\u00f3n de la TV y la Pol\u00edtica: El antes y el ahora"},"content":{"rendered":"<p align=\"justify\">Se puede decir que, de todos los medios, <a href=\"https:\/\/www.ramonramon.org\/blog\/?s=televisi%C3%B3n\">la Televisi\u00f3n<\/a> es el que conservar\u00e1 siempre el lugar del medio m\u00e1s relacionado con la pol\u00edtica. Plataforma predilecta para la transmisi\u00f3n de noticias y para la viralizaci\u00f3n de contenidos en los a\u00f1os 80 y 90, la televisi\u00f3n hizo que la pol\u00edtica comenzara a verse como un espect\u00e1culo (esc\u00e1ndalo tras esc\u00e1ndalo) y que la gente se interesara a\u00fan m\u00e1s en el debate y en el destino de su naci\u00f3n. En resumidas cuentas, la TV tuvo la pericia de convertir a la pol\u00edtica en \u201ccultura pop\u201d, y eso se ha mantenido hasta la actualidad.<\/p>\n<p align=\"justify\">Pero muy a pesar de que ning\u00fan otro medio pueda quitarle esa corona, <a href=\"https:\/\/www.ramonramon.org\/blog\/2018\/11\/14\/tv-online-y-nuevas-formas-de-entretenimiento-se-acerca-el-fin-de-la-television\/\">la televisi\u00f3n ha comenzado un trayecto de decadencia<\/a> en cuanto a ratings y valor estimado de sus acciones, motivado por la re\u00f1ida competencia que recibe por parte de las compa\u00f1\u00edas de <a href=\"https:\/\/www.ramonramon.org\/blog\/2018\/11\/28\/tv-online-y-nuevas-formas-de-entretenimiento-puede-internet-cubrir-toda-la-oferta-de-la-tv\/\">televisi\u00f3n por transmisi\u00f3n en l\u00ednea (o <\/a><i>streaming,<\/i> en ingl\u00e9s) y por su poca capacidad de adaptarse a las preferencias interactivas de las nuevas generaciones en cuanto a entretenimiento.<\/p>\n<p align=\"justify\">Eso nos lleva a preguntarnos: \u00bfDe alguna manera estas desventajas disminuyen el potencial de la televisi\u00f3n para propagar con eficiencia informaci\u00f3n de \u00edndole pol\u00edtica, y para generar inter\u00e9s de peso o una matriz de opini\u00f3n en las mentes de una parte significativa de los votantes? Veamos un breve recorrido sobre la relaci\u00f3n de <a href=\"https:\/\/www.ramonramon.org\/blog\/2018\/10\/30\/la-metamorfosis-de-la-politica-a-traves-de-los-medios-parte-2-de-quehaceres-de-reyes-a-oficio-de-juglares\/\">la Televisi\u00f3n con la pol\u00edtica en diferentes \u00e9pocas<\/a> y respondamos esta pregunta.<\/p>\n<p align=\"center\"><i><b>La ilustre alianza entre televisi\u00f3n y pol\u00edtica<\/b><\/i><\/p>\n<p align=\"justify\">A partir del primer momento en que la Televisi\u00f3n comenz\u00f3 a formar parte del panorama de medios de la humanidad, los dirigentes y periodistas vieron en sus caracter\u00edsticas el potencial para utilizarla como un canal para compartir contenido pol\u00edtico. La idea no se llev\u00f3 a cabo de inmediato \u00fanicamente porque, a diferencia de la radio, los televisores eran aparatos nada baratos, por lo que gran parte de la poblaci\u00f3n no ten\u00eda acceso a las transmisiones y cualquier programaci\u00f3n llegaba apenas a un pu\u00f1ado de televidentes.<\/p>\n<p align=\"justify\">Pero eso no evit\u00f3 que la televisi\u00f3n se abriera paso hacia su destino. \u201cEn principio le disput\u00f3 el rol hegem\u00f3nico a la radio como medio masivo de comunicaci\u00f3n, adem\u00e1s implic\u00f3 la introducci\u00f3n de la experiencia audiovisual en el hogar, en el \u00e1mbito de la vida privada. Con una l\u00f3gica de programaci\u00f3n similar a la radio y <a href=\"http:\/\/www.razonypalabra.org.mx\/N\/N87\/M87\/07_Carboni_M87.pdf\" target=\"_blank\" rel=\"noopener\">una l\u00f3gica de producci\u00f3n m\u00e1s cercana al cine<\/a>, por lo que en 1967, apenas una d\u00e9cada despu\u00e9s de que saliera al mercado la televisi\u00f3n a color, este medio ya hab\u00eda alcanzado a <strong>400 millones de personas a nivel mundial<\/strong>, bien sea porque contaban con televisi\u00f3n en casa, o porque se reun\u00edan en las casas donde hubiera televisi\u00f3n para compartir la novedosa actividad (a\u00fan tengo en mi retina muchas im\u00e1genes de familias y vecinos rodeando la televisi\u00f3n).<\/p>\n<p align=\"justify\"><img loading=\"lazy\" decoding=\"async\" class=\"alignnone wp-image-24398 size-full\" src=\"https:\/\/www.ramonramon.org\/blog\/wp-content\/uploads\/tv-vs-radio.png\" alt=\"\" width=\"1290\" height=\"600\" srcset=\"https:\/\/ramonramon.org\/blog\/wp-content\/uploads\/tv-vs-radio.png 1290w, https:\/\/ramonramon.org\/blog\/wp-content\/uploads\/tv-vs-radio-250x116.png 250w\" sizes=\"auto, (max-width: 1290px) 100vw, 1290px\" \/><\/p>\n<p align=\"justify\">Una vez popularizada la televisi\u00f3n, la pol\u00edtica encontr\u00f3 en ella su morada ideal. El mensaje propagand\u00edstico se pod\u00eda difundir a trav\u00e9s de los telediarios, programas de entrevistas, de opini\u00f3n, los reportajes y alocuciones en vivo y, por supuesto, los espacios de publicidad. Variados recursos para llevar la atenci\u00f3n de los televidentes al mismo tema: la pol\u00edtica.<\/p>\n<p align=\"justify\">Y todos estos recursos resultaron efectivos. A las personas les resultaba atractiva la posibilidad de conocer el rostro de otras personas de manera remota y en tiempo real, especialmente si se trataba de gobernantes, candidatos y pol\u00edticos que anteriormente s\u00f3lo eran conocidos por renombre, o quiz\u00e1s por alguna foto a blanco y negro en el diario.<\/p>\n<p align=\"justify\">Los formatos de la televisi\u00f3n, con su tiempo delimitado y categorizados por segmento, hicieron necesario que el mensaje a enviar por los pol\u00edticos fuera m\u00e1s preciso y entretenido que el utilizado en la radio o en los peri\u00f3dicos, adem\u00e1s de obligarlos a forjarse una \u201cimagen\u201d para los medios, ahora audiovisuales, lo que dio pie a la ya mencionada <strong>transici\u00f3n de la pol\u00edtica tradicional hacia una pol\u00edtica con rasgos de show medi\u00e1tico y de culto al carisma de los dirigentes<\/strong>.<\/p>\n<p align=\"justify\"><img loading=\"lazy\" decoding=\"async\" class=\"alignnone wp-image-24393 size-full\" src=\"https:\/\/www.ramonramon.org\/blog\/wp-content\/uploads\/politica-show.png\" alt=\"\" width=\"1290\" height=\"600\" srcset=\"https:\/\/ramonramon.org\/blog\/wp-content\/uploads\/politica-show.png 1290w, https:\/\/ramonramon.org\/blog\/wp-content\/uploads\/politica-show-250x116.png 250w\" sizes=\"auto, (max-width: 1290px) 100vw, 1290px\" \/><\/p>\n<p align=\"justify\">Antes de darnos cuenta ya<strong><a href=\"https:\/\/www.quo.es\/tecnologia\/a41887\/breve-historia-de-la-television\/\"> la televisi\u00f3n se hab\u00eda transformado<\/a> en el medio principal para la pol\u00edtica<\/strong>, y no s\u00f3lo comunicaba el mensaje de los mismos pol\u00edticos, sino que tambi\u00e9n los periodistas y otros actores creaban su propio contenido al respecto, y de vez en cuando daban un paso m\u00e1s all\u00e1 y hac\u00edan uso de los reportajes para denunciar irregularidades en el gobierno o para movilizar a las personas en funci\u00f3n de alguna protesta o movimiento revolucionario.<\/p>\n<p align=\"justify\">Para la d\u00e9cada de <strong>los 90 la televisi\u00f3n era el referente n\u00famero 1 en cuanto a las opiniones sobre la gesti\u00f3n de los gobernantes y sobre el potencial de los candidatos<\/strong>. En resumidas cuentas, la televisi\u00f3n estableci\u00f3 una manera amena de relacionarse con la pol\u00edtica que la gente adopt\u00f3 y a\u00fan conserva.<\/p>\n<p align=\"justify\"><img loading=\"lazy\" decoding=\"async\" class=\"alignnone wp-image-24397 size-full\" src=\"https:\/\/www.ramonramon.org\/blog\/wp-content\/uploads\/tv-politica-90s.png\" alt=\"\" width=\"1290\" height=\"600\" srcset=\"https:\/\/ramonramon.org\/blog\/wp-content\/uploads\/tv-politica-90s.png 1290w, https:\/\/ramonramon.org\/blog\/wp-content\/uploads\/tv-politica-90s-250x116.png 250w\" sizes=\"auto, (max-width: 1290px) 100vw, 1290px\" \/><\/p>\n<p align=\"justify\">Pero, si el p\u00fablico de <a href=\"https:\/\/es.statista.com\/grafico\/14411\/el-proximo-ano-el-consumo-de-internet-superara-al-de-tv-por-primera-vez\/\">la Televisi\u00f3n sigue disminuyendo, como lo anuncian las estad\u00edsticas<\/a>, \u00bfestamos a punto de perder esa manera \u00fanica de relaci\u00f3n entre ciudadan\u00eda y pol\u00edtica? Todo apunta a que a pesar de los avances tecnol\u00f3gicos a\u00fan hay una esperanza para la pol\u00edtica en la televisi\u00f3n.<\/p>\n<p align=\"center\"><i><b>Lo posici\u00f3n de la pol\u00edtica en la televisi\u00f3n moderna<\/b><\/i><\/p>\n<p align=\"justify\">Es cierto que la \u00e9poca de la TV como la conoc\u00edamos ha llegado a su fin. Ya no hay un ni\u00f1o o adolescente que quiera pasar 10 horas frente a la pantalla de la televisi\u00f3n (como ocurr\u00eda con los ni\u00f1os millenials que en muchos casos fueron \u201ccriados\u201d por la televisi\u00f3n), ni un adulto que dedique su tiempo libre a hacer zapping.<\/p>\n<p align=\"justify\">La culpa de esto la tiene la <a href=\"https:\/\/www.ramonramon.org\/blog\/2018\/10\/24\/todo-el-dia-los-ojos-en-la-pantalla-nuestra-vida-en-un-mundo-transmedia\/\">llegada de la televisi\u00f3n online por subscripci\u00f3n<\/a> (o descarga \ud83d\ude09 ), pero al contrario de lo que aparenta, no hay que verla como una amenaza sino m\u00e1s bien como una transformaci\u00f3n del mismo medio, al cual le ha tocado adaptarse para sobrevivir.<\/p>\n<p align=\"justify\"><img loading=\"lazy\" decoding=\"async\" class=\"alignnone wp-image-24419 size-full\" src=\"https:\/\/www.ramonramon.org\/blog\/wp-content\/uploads\/jovenes-tv-online-1.png\" alt=\"\" width=\"1290\" height=\"600\" srcset=\"https:\/\/ramonramon.org\/blog\/wp-content\/uploads\/jovenes-tv-online-1.png 1290w, https:\/\/ramonramon.org\/blog\/wp-content\/uploads\/jovenes-tv-online-1-250x116.png 250w\" sizes=\"auto, (max-width: 1290px) 100vw, 1290px\" \/><\/p>\n<p align=\"justify\">No hay, todav\u00eda, una sustituci\u00f3n completa de la televisi\u00f3n tradicional, muy especialmente si de la programaci\u00f3n pol\u00edtica hablamos. Los notidiarios o telediarios contin\u00faan siendo sintonizados por los televidentes a la hora de comer, mientras que los programas de opini\u00f3n y entrevistas a\u00fan no tienen un reemplazo eficiente en la tv por cat\u00e1logo, as\u00ed que siguen siendo contenidos atractivos de la televisi\u00f3n tradicional.&nbsp; Es m\u00e1s, en mi caso, solo me pongo la TV en abierto para ver los telediarios a la hora de comer o cenar.<\/p>\n<p align=\"justify\">Y as\u00ed mismo siguen siendo herramientas para comunicar y motivar la actividad pol\u00edtica, ya que, a pesar de que en Internet se ha hecho com\u00fan la difusi\u00f3n de contenido pol\u00edtico a trav\u00e9s de micros, campa\u00f1as virales y publicaciones de redes sociales, la televisi\u00f3n sigue siendo el \u00fanico espacio donde los pol\u00edticos se enfrentan (sin la posibilidad de fabricar un previo gui\u00f3n, ni de consultar a sus asesores) a un periodista que tiene argumentos profesionales para confrontarles y a un p\u00fablico que est\u00e1 atento a cualquier desliz o manifestaci\u00f3n de ignorancia para descartarlos del mapa electoral.<\/p>\n<p align=\"justify\"><img loading=\"lazy\" decoding=\"async\" class=\"alignnone wp-image-24394 size-full\" src=\"https:\/\/www.ramonramon.org\/blog\/wp-content\/uploads\/politico-noticias.png\" alt=\"\" width=\"1290\" height=\"600\" srcset=\"https:\/\/ramonramon.org\/blog\/wp-content\/uploads\/politico-noticias.png 1290w, https:\/\/ramonramon.org\/blog\/wp-content\/uploads\/politico-noticias-250x116.png 250w\" sizes=\"auto, (max-width: 1290px) 100vw, 1290px\" \/><\/p>\n<p align=\"justify\">Por otro lado, al ser la televisi\u00f3n tradicional un medio regulado por ciertas leyes y preceptos morales y period\u00edsticos, la informaci\u00f3n pol\u00edtica brindada en los programas informativos o noticiosos est\u00e1 acompa\u00f1ada de una m\u00ednima garant\u00eda de veracidad, a diferencia de la que se puede encontrar en Internet, que pudo haber sido inventada o tergiversada a conveniencia (las ahora tan citadas fake news).<\/p>\n<p align=\"justify\"><img loading=\"lazy\" decoding=\"async\" class=\"alignnone wp-image-24396 size-full\" src=\"https:\/\/www.ramonramon.org\/blog\/wp-content\/uploads\/tv-fake-news.png\" alt=\"\" width=\"1290\" height=\"600\" srcset=\"https:\/\/ramonramon.org\/blog\/wp-content\/uploads\/tv-fake-news.png 1290w, https:\/\/ramonramon.org\/blog\/wp-content\/uploads\/tv-fake-news-250x116.png 250w\" sizes=\"auto, (max-width: 1290px) 100vw, 1290px\" \/><\/p>\n<p align=\"justify\">En conclusi\u00f3n, el tema pol\u00edtico sigue manteniendo a flote a la televisi\u00f3n tradicional, y con una estabilidad mayor de la que aparenta. Realizar intervenciones pol\u00edticas y campa\u00f1as electorales por televisi\u00f3n sigue siendo una idea beneficiosa. Sin embargo, la pol\u00edtica debe estar preparada para transformarse en esta oportunidad como lo ha hecho en las anteriores, y ya viene siendo hora de pensar en c\u00f3mo trasladar esos programas de opini\u00f3n y de debate a los canales en l\u00ednea, m\u00e1s all\u00e1 de pedir a los telespectadores que opinen o env\u00eden sus mensajes por twitter o <a href=\"https:\/\/www.ramonramon.org\/blog\/category\/redes-sociales\/\">redes sociales<\/a>.<u><\/u><u><\/u><\/p>\n<p align=\"justify\"><img loading=\"lazy\" decoding=\"async\" class=\"alignnone wp-image-24418 size-full\" src=\"https:\/\/www.ramonramon.org\/blog\/wp-content\/uploads\/evolucion-politica-2.png\" alt=\"\" width=\"1290\" height=\"600\" srcset=\"https:\/\/ramonramon.org\/blog\/wp-content\/uploads\/evolucion-politica-2.png 1290w, https:\/\/ramonramon.org\/blog\/wp-content\/uploads\/evolucion-politica-2-250x116.png 250w\" sizes=\"auto, (max-width: 1290px) 100vw, 1290px\" \/><\/p>\n","protected":false},"excerpt":{"rendered":"<p>Se puede decir que, de todos los medios, la Televisi\u00f3n es el que conservar\u00e1 siempre el lugar del medio m\u00e1s relacionado con la pol\u00edtica. Plataforma predilecta para la transmisi\u00f3n de noticias y para la viralizaci\u00f3n de contenidos en los a\u00f1os 80 y 90, la televisi\u00f3n hizo que la pol\u00edtica comenzara a verse como un espect\u00e1culo&hellip;&nbsp;<a href=\"https:\/\/ramonramon.org\/blog\/2018\/12\/27\/relacion-de-la-tv-y-la-politica\/\" rel=\"bookmark\">Leer m\u00e1s &raquo;<span class=\"screen-reader-text\">Relaci\u00f3n de la TV y la Pol\u00edtica: El antes y el ahora<\/span><\/a><\/p>\n","protected":false},"author":2070,"featured_media":24526,"comment_status":"open","ping_status":"open","sticky":false,"template":"","format":"standard","meta":{"neve_meta_sidebar":"","neve_meta_container":"","neve_meta_enable_content_width":"","neve_meta_content_width":0,"neve_meta_title_alignment":"","neve_meta_author_avatar":"","neve_post_elements_order":"","neve_meta_disable_header":"","neve_meta_disable_footer":"","neve_meta_disable_title":"","footnotes":""},"categories":[2008,8],"tags":[],"class_list":["post-24426","post","type-post","status-publish","format-standard","has-post-thumbnail","hentry","category-comunicacion","category-elecciones"],"aioseo_notices":[],"_links":{"self":[{"href":"https:\/\/ramonramon.org\/blog\/wp-json\/wp\/v2\/posts\/24426","targetHints":{"allow":["GET"]}}],"collection":[{"href":"https:\/\/ramonramon.org\/blog\/wp-json\/wp\/v2\/posts"}],"about":[{"href":"https:\/\/ramonramon.org\/blog\/wp-json\/wp\/v2\/types\/post"}],"author":[{"embeddable":true,"href":"https:\/\/ramonramon.org\/blog\/wp-json\/wp\/v2\/users\/2070"}],"replies":[{"embeddable":true,"href":"https:\/\/ramonramon.org\/blog\/wp-json\/wp\/v2\/comments?post=24426"}],"version-history":[{"count":0,"href":"https:\/\/ramonramon.org\/blog\/wp-json\/wp\/v2\/posts\/24426\/revisions"}],"wp:featuredmedia":[{"embeddable":true,"href":"https:\/\/ramonramon.org\/blog\/wp-json\/wp\/v2\/media\/24526"}],"wp:attachment":[{"href":"https:\/\/ramonramon.org\/blog\/wp-json\/wp\/v2\/media?parent=24426"}],"wp:term":[{"taxonomy":"category","embeddable":true,"href":"https:\/\/ramonramon.org\/blog\/wp-json\/wp\/v2\/categories?post=24426"},{"taxonomy":"post_tag","embeddable":true,"href":"https:\/\/ramonramon.org\/blog\/wp-json\/wp\/v2\/tags?post=24426"}],"curies":[{"name":"wp","href":"https:\/\/api.w.org\/{rel}","templated":true}]}}