{"id":243,"date":"2007-03-23T15:43:00","date_gmt":"2007-03-23T13:43:00","guid":{"rendered":"https:\/\/www.ramonramon.org\/blog\/2007\/03\/23\/el-responsable-de-la-posible-discriminacion-de-los-ciudadanos-ante-la-e-administracion-ya-tiene-nombre\/"},"modified":"2020-03-22T13:28:41","modified_gmt":"2020-03-22T12:28:41","slug":"el-responsable-de-la-posible-discriminacion-de-los-ciudadanos-ante-la-e-administracion-ya-tiene-nombre","status":"publish","type":"post","link":"https:\/\/ramonramon.org\/blog\/2007\/03\/23\/el-responsable-de-la-posible-discriminacion-de-los-ciudadanos-ante-la-e-administracion-ya-tiene-nombre\/","title":{"rendered":"El responsable de la posible discriminaci\u00f3n de los ciudadanos ante la e-Administraci\u00f3n ya tiene nombre"},"content":{"rendered":"<p>Seg\u00fan puedo enterarme por Barrapunto y sobre todo por el <a href=\"http:\/\/fernando-acero.livejournal.com\/33572.html\">blog de Fernando Acero<\/a>, resulta que la persona que se opone a la libertad es <a href=\"http:\/\/www.map.es\/prensa\/notas_de_prensa\/notas\/2006\/04\/2006_04_28.html\">Juan Miguel M\u00e1rquez<\/a>, malague\u00f1o de nacimiento.  Si se confirma todo esto, es una pena que habiendo nacido en el sur no haya adquirido parte de la sensibilidad que tienen las Comunidades de Andaluc\u00eda y Extremadura con el software libre y los est\u00e1ndares abiertos.<br \/>Lo m\u00e1s ir\u00f3nico de todo no es solo que su sucesor era un convencido de la libertad tecnol\u00f3gica, sino que en una reciente entrevista Juan Miguel M\u00e1rquez dice:<\/p>\n<h2>\u00abLo ideal ser\u00eda que todos los tr\u00e1mites se pudieran realizar sin la presencia f\u00edsica del interesado\u00bb<\/h2>\n<p>pero por otro lado, a una importante cantidad de ciudadanos nos niega el acceso.  \u00a1\u00a1 Me lo expliquen !!<\/p>\n<p>Como entiendo que este se\u00f1or debe ser un convencido de las Nuevas Tecnolog\u00edas y la libertad, y seguramente estar\u00e1 informado de la actualidad tecnol\u00f3gica, m\u00e1s en un puesto como el suyo, reto a Juan Miguel M\u00e1rquez a que nos explique p\u00fablicamente si verdaderamente se opone a la libertad tecnol\u00f3gica o por el contrario no tenemos toda la informaci\u00f3n.  De todo coraz\u00f3n espero que pueda explicarnos todos estos posibles malentendidos o en su defecto nos de razones concretas y sensatas por las que se opone a que todos los espa\u00f1oles tengamos los mismos derechos ante la administraci\u00f3n p\u00fablica.<\/p>\n","protected":false},"excerpt":{"rendered":"<p>Seg\u00fan puedo enterarme por Barrapunto y sobre todo por el blog de Fernando Acero, resulta que la persona que se opone a la libertad es Juan Miguel M\u00e1rquez, malague\u00f1o de nacimiento. Si se confirma todo esto, es una pena que habiendo nacido en el sur no haya adquirido parte de la sensibilidad que tienen las&hellip;&nbsp;<a href=\"https:\/\/ramonramon.org\/blog\/2007\/03\/23\/el-responsable-de-la-posible-discriminacion-de-los-ciudadanos-ante-la-e-administracion-ya-tiene-nombre\/\" rel=\"bookmark\">Leer m\u00e1s &raquo;<span class=\"screen-reader-text\">El responsable de la posible discriminaci\u00f3n de los ciudadanos ante la e-Administraci\u00f3n ya tiene nombre<\/span><\/a><\/p>\n","protected":false},"author":2070,"featured_media":0,"comment_status":"open","ping_status":"open","sticky":false,"template":"","format":"standard","meta":{"neve_meta_sidebar":"","neve_meta_container":"","neve_meta_enable_content_width":"","neve_meta_content_width":0,"neve_meta_title_alignment":"","neve_meta_author_avatar":"","neve_post_elements_order":"","neve_meta_disable_header":"","neve_meta_disable_footer":"","neve_meta_disable_title":"","footnotes":""},"categories":[23],"tags":[],"class_list":["post-243","post","type-post","status-publish","format-standard","hentry","category-personal"],"aioseo_notices":[],"_links":{"self":[{"href":"https:\/\/ramonramon.org\/blog\/wp-json\/wp\/v2\/posts\/243","targetHints":{"allow":["GET"]}}],"collection":[{"href":"https:\/\/ramonramon.org\/blog\/wp-json\/wp\/v2\/posts"}],"about":[{"href":"https:\/\/ramonramon.org\/blog\/wp-json\/wp\/v2\/types\/post"}],"author":[{"embeddable":true,"href":"https:\/\/ramonramon.org\/blog\/wp-json\/wp\/v2\/users\/2070"}],"replies":[{"embeddable":true,"href":"https:\/\/ramonramon.org\/blog\/wp-json\/wp\/v2\/comments?post=243"}],"version-history":[{"count":0,"href":"https:\/\/ramonramon.org\/blog\/wp-json\/wp\/v2\/posts\/243\/revisions"}],"wp:attachment":[{"href":"https:\/\/ramonramon.org\/blog\/wp-json\/wp\/v2\/media?parent=243"}],"wp:term":[{"taxonomy":"category","embeddable":true,"href":"https:\/\/ramonramon.org\/blog\/wp-json\/wp\/v2\/categories?post=243"},{"taxonomy":"post_tag","embeddable":true,"href":"https:\/\/ramonramon.org\/blog\/wp-json\/wp\/v2\/tags?post=243"}],"curies":[{"name":"wp","href":"https:\/\/api.w.org\/{rel}","templated":true}]}}