{"id":24,"date":"2006-02-17T20:32:00","date_gmt":"2006-02-17T18:32:00","guid":{"rendered":"https:\/\/www.ramonramon.org\/blog\/2006\/02\/17\/termino-la-ii-conferencia-internacional-todo-un-exito\/"},"modified":"2006-02-17T20:32:00","modified_gmt":"2006-02-17T18:32:00","slug":"termino-la-ii-conferencia-internacional-todo-un-exito","status":"publish","type":"post","link":"https:\/\/ramonramon.org\/blog\/2006\/02\/17\/termino-la-ii-conferencia-internacional-todo-un-exito\/","title":{"rendered":"Termin\u00f3 la II Conferencia Internacional: TODO UN \u00c9XITO"},"content":{"rendered":"<p>Reci\u00e9n terminada la II Conferencia y tras varios d\u00edas de intensa actividad, un horario fren\u00e9tico, noches de largas \u00abreuniones\u00bb y pocas horas de sue\u00f1o,  y sobre todo -como en anteriores ocasiones- mezcla de enormes sentimientos  y sensaciones agridulces.<br \/>Por un lado, se echa de menos a todos los amigos, conocidos, compa\u00f1eros ,&#8230;. que se marchan a sus ciudades de origen, por otro, todas las actividades, bonitas reuniones, encuentros, experiencias,&#8230;. y por otro, recordar todo lo positivo, los nuevos amigos-compa\u00f1eros, el saludar a personas tan brillantes, tantas y tantas que mejor ni enumerarlas, ver que siguen siendo personas cercanas, con las que aunque sean 5 minutos de charla, siempre, siempre se aprende.<br \/>Y como no, el \u00e9xito que ha supuesto la participaci\u00f3n conjunta de Hispalinux e Iniciativa Focus, la enorme plataforma de voluntariado que hemos creado ( desbordada nuestras previsiones), la enorme implicaci\u00f3n de los mismos, el \u00e9xito de todas las aplicaciones y proyectos presentados,&#8230; y el enorme grado de implicaci\u00f3n una vez m\u00e1s de los dinamizadores de Guadalinfo, que siguen demostrando su elevado grado de implicaci\u00f3n y ganas de hacer un buen trabajo (siento que esto le pueda molestar a algunas personas, las cuales creo que todos conocemos).<\/p>\n","protected":false},"excerpt":{"rendered":"<p>Reci\u00e9n terminada la II Conferencia y tras varios d\u00edas de intensa actividad, un horario fren\u00e9tico, noches de largas \u00abreuniones\u00bb y pocas horas de sue\u00f1o, y sobre todo -como en anteriores ocasiones- mezcla de enormes sentimientos y sensaciones agridulces.Por un lado, se echa de menos a todos los amigos, conocidos, compa\u00f1eros ,&#8230;. que se marchan a&hellip;&nbsp;<a href=\"https:\/\/ramonramon.org\/blog\/2006\/02\/17\/termino-la-ii-conferencia-internacional-todo-un-exito\/\" rel=\"bookmark\">Leer m\u00e1s &raquo;<span class=\"screen-reader-text\">Termin\u00f3 la II Conferencia Internacional: TODO UN \u00c9XITO<\/span><\/a><\/p>\n","protected":false},"author":2070,"featured_media":0,"comment_status":"open","ping_status":"open","sticky":false,"template":"","format":"standard","meta":{"neve_meta_sidebar":"","neve_meta_container":"","neve_meta_enable_content_width":"","neve_meta_content_width":0,"neve_meta_title_alignment":"","neve_meta_author_avatar":"","neve_post_elements_order":"","neve_meta_disable_header":"","neve_meta_disable_footer":"","neve_meta_disable_title":"","footnotes":""},"categories":[23],"tags":[],"class_list":["post-24","post","type-post","status-publish","format-standard","hentry","category-personal"],"aioseo_notices":[],"aioseo_head":"\n\t\t<!-- All in One SEO Pro 4.9.9 - aioseo.com -->\n\t<meta name=\"description\" content=\"Reci\u00e9n terminada la II Conferencia y tras varios d\u00edas de intensa actividad, un horario fren\u00e9tico, noches de largas &quot;reuniones&quot; y pocas horas de sue\u00f1o, y sobre todo -como en anteriores ocasiones- mezcla de enormes sentimientos y sensaciones agridulces.Por un lado, se echa de menos a todos los amigos, conocidos, compa\u00f1eros ,.... que se marchan a\" \/>\n\t<meta name=\"robots\" content=\"max-image-preview:large\" \/>\n\t<meta name=\"author\" content=\"Ram\u00f3n Ram\u00f3n\"\/>\n\t<link rel=\"canonical\" href=\"https:\/\/ramonramon.org\/blog\/2006\/02\/17\/termino-la-ii-conferencia-internacional-todo-un-exito\/\" \/>\n\t<meta name=\"generator\" content=\"All in One SEO Pro (AIOSEO) 4.9.9\" \/>\n\n\t\t<!-- Google tag (gtag.js) -->\n<script async src=\"https:\/\/www.googletagmanager.com\/gtag\/js?id=G-5BVWGR1LLZ\"><\/script>\n<script>\n  window.dataLayer = window.dataLayer || [];\n  function gtag(){dataLayer.push(arguments);}\n  gtag('js', new Date());\n\n  gtag('config', 'G-5BVWGR1LLZ');\n<\/script>\n\t\t<meta property=\"og:locale\" content=\"es_ES\" \/>\n\t\t<meta property=\"og:site_name\" content=\"Ram\u00f3n Ram\u00f3n - Comunicaci\u00f3n pol\u00edtica y campa\u00f1as electorales\" \/>\n\t\t<meta property=\"og:type\" content=\"article\" \/>\n\t\t<meta property=\"og:title\" content=\"Termin\u00f3 la II Conferencia Internacional: TODO UN \u00c9XITO\" \/>\n\t\t<meta property=\"og:description\" content=\"Reci\u00e9n terminada la II Conferencia y tras varios d\u00edas de intensa actividad, un horario fren\u00e9tico, noches de largas &quot;reuniones&quot; y pocas horas de sue\u00f1o, y sobre todo -como en anteriores ocasiones- mezcla de enormes sentimientos y sensaciones agridulces.Por un lado, se echa de menos a todos los amigos, conocidos, compa\u00f1eros ,.... que se marchan a\" \/>\n\t\t<meta property=\"og:url\" content=\"https:\/\/ramonramon.org\/blog\/2006\/02\/17\/termino-la-ii-conferencia-internacional-todo-un-exito\/\" \/>\n\t\t<meta property=\"og:image\" content=\"https:\/\/ramonramon.org\/blog\/wp-content\/uploads\/2023\/12\/cropped-Marca-RR-03_trans.png\" \/>\n\t\t<meta property=\"og:image:secure_url\" content=\"https:\/\/ramonramon.org\/blog\/wp-content\/uploads\/2023\/12\/cropped-Marca-RR-03_trans.png\" \/>\n\t\t<meta property=\"og:image:width\" content=\"2560\" \/>\n\t\t<meta property=\"og:image:height\" content=\"1709\" \/>\n\t\t<meta property=\"article:published_time\" content=\"2006-02-17T18:32:00+00:00\" \/>\n\t\t<meta property=\"article:modified_time\" content=\"2006-02-17T18:32:00+00:00\" \/>\n\t\t<meta property=\"article:publisher\" content=\"https:\/\/www.facebook.com\/ramonramon\" \/>\n\t\t<meta name=\"twitter:card\" content=\"summary_large_image\" \/>\n\t\t<meta name=\"twitter:site\" content=\"@ramonramon\" \/>\n\t\t<meta name=\"twitter:title\" content=\"Termin\u00f3 la II Conferencia Internacional: TODO UN \u00c9XITO\" \/>\n\t\t<meta name=\"twitter:description\" content=\"Reci\u00e9n terminada la II Conferencia y tras varios d\u00edas de intensa actividad, un horario fren\u00e9tico, noches de largas &quot;reuniones&quot; y pocas horas de sue\u00f1o, y sobre todo -como en anteriores ocasiones- mezcla de enormes sentimientos y sensaciones agridulces.Por un lado, se echa de menos a todos los amigos, conocidos, compa\u00f1eros ,.... que se marchan a\" \/>\n\t\t<meta name=\"twitter:image\" content=\"https:\/\/ramonramon.org\/blog\/wp-content\/uploads\/2023\/12\/cropped-Marca-RR-03_trans.png\" \/>\n\t\t<script type=\"application\/ld+json\" class=\"aioseo-schema\">\n\t\t\t{\"@context\":\"https:\\\/\\\/schema.org\",\"@graph\":[{\"@type\":\"BlogPosting\",\"@id\":\"https:\\\/\\\/ramonramon.org\\\/blog\\\/2006\\\/02\\\/17\\\/termino-la-ii-conferencia-internacional-todo-un-exito\\\/#blogposting\",\"name\":\"Termin\\u00f3 la II Conferencia Internacional: TODO UN \\u00c9XITO\",\"headline\":\"Termin\\u00f3 la II Conferencia Internacional: TODO UN \\u00c9XITO\",\"author\":{\"@id\":\"https:\\\/\\\/ramonramon.org\\\/blog\\\/author\\\/admin\\\/#author\"},\"publisher\":{\"@id\":\"https:\\\/\\\/ramonramon.org\\\/blog\\\/#person\"},\"image\":{\"@type\":\"ImageObject\",\"@id\":\"https:\\\/\\\/ramonramon.org\\\/blog\\\/2006\\\/02\\\/17\\\/termino-la-ii-conferencia-internacional-todo-un-exito\\\/#articleImage\",\"url\":\"https:\\\/\\\/ramonramon.org\\\/blog\\\/wp-content\\\/litespeed\\\/avatar\\\/42364fa67ab8a86686700065303abe2d.jpg?ver=1788115634\",\"width\":96,\"height\":96,\"caption\":\"Ram\\u00f3n Ram\\u00f3n\"},\"datePublished\":\"2006-02-17T20:32:00+01:00\",\"dateModified\":\"2006-02-17T20:32:00+01:00\",\"inLanguage\":\"es-ES\",\"commentCount\":6,\"mainEntityOfPage\":{\"@id\":\"https:\\\/\\\/ramonramon.org\\\/blog\\\/2006\\\/02\\\/17\\\/termino-la-ii-conferencia-internacional-todo-un-exito\\\/#webpage\"},\"isPartOf\":{\"@id\":\"https:\\\/\\\/ramonramon.org\\\/blog\\\/2006\\\/02\\\/17\\\/termino-la-ii-conferencia-internacional-todo-un-exito\\\/#webpage\"},\"articleSection\":\"Personal\"},{\"@type\":\"BreadcrumbList\",\"@id\":\"https:\\\/\\\/ramonramon.org\\\/blog\\\/2006\\\/02\\\/17\\\/termino-la-ii-conferencia-internacional-todo-un-exito\\\/#breadcrumblist\",\"itemListElement\":[{\"@type\":\"ListItem\",\"@id\":\"https:\\\/\\\/ramonramon.org\\\/blog#listItem\",\"position\":1,\"name\":\"Inicio\",\"item\":\"https:\\\/\\\/ramonramon.org\\\/blog\",\"nextItem\":{\"@type\":\"ListItem\",\"@id\":\"https:\\\/\\\/ramonramon.org\\\/blog\\\/category\\\/personal\\\/#listItem\",\"name\":\"Personal\"}},{\"@type\":\"ListItem\",\"@id\":\"https:\\\/\\\/ramonramon.org\\\/blog\\\/category\\\/personal\\\/#listItem\",\"position\":2,\"name\":\"Personal\",\"item\":\"https:\\\/\\\/ramonramon.org\\\/blog\\\/category\\\/personal\\\/\",\"nextItem\":{\"@type\":\"ListItem\",\"@id\":\"https:\\\/\\\/ramonramon.org\\\/blog\\\/2006\\\/02\\\/17\\\/termino-la-ii-conferencia-internacional-todo-un-exito\\\/#listItem\",\"name\":\"Termin\\u00f3 la II Conferencia Internacional: TODO UN \\u00c9XITO\"},\"previousItem\":{\"@type\":\"ListItem\",\"@id\":\"https:\\\/\\\/ramonramon.org\\\/blog#listItem\",\"name\":\"Inicio\"}},{\"@type\":\"ListItem\",\"@id\":\"https:\\\/\\\/ramonramon.org\\\/blog\\\/2006\\\/02\\\/17\\\/termino-la-ii-conferencia-internacional-todo-un-exito\\\/#listItem\",\"position\":3,\"name\":\"Termin\\u00f3 la II Conferencia Internacional: TODO UN \\u00c9XITO\",\"previousItem\":{\"@type\":\"ListItem\",\"@id\":\"https:\\\/\\\/ramonramon.org\\\/blog\\\/category\\\/personal\\\/#listItem\",\"name\":\"Personal\"}}]},{\"@type\":\"Person\",\"@id\":\"https:\\\/\\\/ramonramon.org\\\/blog\\\/#person\",\"name\":\"Ram\\u00f3n Ram\\u00f3n\",\"image\":{\"@type\":\"ImageObject\",\"@id\":\"https:\\\/\\\/ramonramon.org\\\/blog\\\/2006\\\/02\\\/17\\\/termino-la-ii-conferencia-internacional-todo-un-exito\\\/#personImage\",\"url\":\"https:\\\/\\\/ramonramon.org\\\/blog\\\/wp-content\\\/litespeed\\\/avatar\\\/42364fa67ab8a86686700065303abe2d.jpg?ver=1788115634\",\"width\":96,\"height\":96,\"caption\":\"Ram\\u00f3n Ram\\u00f3n\"}},{\"@type\":\"Person\",\"@id\":\"https:\\\/\\\/ramonramon.org\\\/blog\\\/author\\\/admin\\\/#author\",\"url\":\"https:\\\/\\\/ramonramon.org\\\/blog\\\/author\\\/admin\\\/\",\"name\":\"Ram\\u00f3n Ram\\u00f3n\",\"image\":{\"@type\":\"ImageObject\",\"@id\":\"https:\\\/\\\/ramonramon.org\\\/blog\\\/2006\\\/02\\\/17\\\/termino-la-ii-conferencia-internacional-todo-un-exito\\\/#authorImage\",\"url\":\"https:\\\/\\\/ramonramon.org\\\/blog\\\/wp-content\\\/litespeed\\\/avatar\\\/42364fa67ab8a86686700065303abe2d.jpg?ver=1788115634\",\"width\":96,\"height\":96,\"caption\":\"Ram\\u00f3n Ram\\u00f3n\"}},{\"@type\":\"WebPage\",\"@id\":\"https:\\\/\\\/ramonramon.org\\\/blog\\\/2006\\\/02\\\/17\\\/termino-la-ii-conferencia-internacional-todo-un-exito\\\/#webpage\",\"url\":\"https:\\\/\\\/ramonramon.org\\\/blog\\\/2006\\\/02\\\/17\\\/termino-la-ii-conferencia-internacional-todo-un-exito\\\/\",\"name\":\"Termin\\u00f3 la II Conferencia Internacional: TODO UN \\u00c9XITO\",\"description\":\"Reci\\u00e9n terminada la II Conferencia y tras varios d\\u00edas de intensa actividad, un horario fren\\u00e9tico, noches de largas \\\"reuniones\\\" y pocas horas de sue\\u00f1o, y sobre todo -como en anteriores ocasiones- mezcla de enormes sentimientos y sensaciones agridulces.Por un lado, se echa de menos a todos los amigos, conocidos, compa\\u00f1eros ,.... que se marchan a\",\"inLanguage\":\"es-ES\",\"isPartOf\":{\"@id\":\"https:\\\/\\\/ramonramon.org\\\/blog\\\/#website\"},\"breadcrumb\":{\"@id\":\"https:\\\/\\\/ramonramon.org\\\/blog\\\/2006\\\/02\\\/17\\\/termino-la-ii-conferencia-internacional-todo-un-exito\\\/#breadcrumblist\"},\"author\":{\"@id\":\"https:\\\/\\\/ramonramon.org\\\/blog\\\/author\\\/admin\\\/#author\"},\"creator\":{\"@id\":\"https:\\\/\\\/ramonramon.org\\\/blog\\\/author\\\/admin\\\/#author\"},\"datePublished\":\"2006-02-17T20:32:00+01:00\",\"dateModified\":\"2006-02-17T20:32:00+01:00\"},{\"@type\":\"WebSite\",\"@id\":\"https:\\\/\\\/ramonramon.org\\\/blog\\\/#website\",\"url\":\"https:\\\/\\\/ramonramon.org\\\/blog\\\/\",\"name\":\"RAMON RAMON\",\"description\":\"Comunicaci\\u00f3n pol\\u00edtica y campa\\u00f1as electorales\",\"inLanguage\":\"es-ES\",\"publisher\":{\"@id\":\"https:\\\/\\\/ramonramon.org\\\/blog\\\/#person\"}}]}\n\t\t<\/script>\n\t\t<!-- All in One SEO Pro -->\r\n\t\t<title>Termin\u00f3 la II Conferencia Internacional: TODO UN \u00c9XITO<\/title>\n\n","aioseo_head_json":{"title":"Termin\u00f3 la II Conferencia Internacional: TODO UN \u00c9XITO","description":"Reci\u00e9n terminada la II Conferencia y tras varios d\u00edas de intensa actividad, un horario fren\u00e9tico, noches de largas \"reuniones\" y pocas horas de sue\u00f1o, y sobre todo -como en anteriores ocasiones- mezcla de enormes sentimientos y sensaciones agridulces.Por un lado, se echa de menos a todos los amigos, conocidos, compa\u00f1eros ,.... que se marchan a","canonical_url":"https:\/\/ramonramon.org\/blog\/2006\/02\/17\/termino-la-ii-conferencia-internacional-todo-un-exito\/","robots":"max-image-preview:large","keywords":"","webmasterTools":{"miscellaneous":"&lt;!-- Google tag (gtag.js) --&gt;\n&lt;script async src=\"https:\/\/www.googletagmanager.com\/gtag\/js?id=G-5BVWGR1LLZ\"&gt;&lt;\/script&gt;\n&lt;script&gt;\n  window.dataLayer = window.dataLayer || [];\n  function gtag(){dataLayer.push(arguments);}\n  gtag('js', new Date());\n\n  gtag('config', 'G-5BVWGR1LLZ');\n&lt;\/script&gt;"},"schema":{"@context":"https:\/\/schema.org","@graph":[{"@type":"BlogPosting","@id":"https:\/\/ramonramon.org\/blog\/2006\/02\/17\/termino-la-ii-conferencia-internacional-todo-un-exito\/#blogposting","name":"Termin\u00f3 la II Conferencia Internacional: TODO UN \u00c9XITO","headline":"Termin\u00f3 la II Conferencia Internacional: TODO UN \u00c9XITO","author":{"@id":"https:\/\/ramonramon.org\/blog\/author\/admin\/#author"},"publisher":{"@id":"https:\/\/ramonramon.org\/blog\/#person"},"image":{"@type":"ImageObject","@id":"https:\/\/ramonramon.org\/blog\/2006\/02\/17\/termino-la-ii-conferencia-internacional-todo-un-exito\/#articleImage","url":"https:\/\/ramonramon.org\/blog\/wp-content\/litespeed\/avatar\/42364fa67ab8a86686700065303abe2d.jpg?ver=1788115634","width":96,"height":96,"caption":"Ram\u00f3n Ram\u00f3n"},"datePublished":"2006-02-17T20:32:00+01:00","dateModified":"2006-02-17T20:32:00+01:00","inLanguage":"es-ES","commentCount":6,"mainEntityOfPage":{"@id":"https:\/\/ramonramon.org\/blog\/2006\/02\/17\/termino-la-ii-conferencia-internacional-todo-un-exito\/#webpage"},"isPartOf":{"@id":"https:\/\/ramonramon.org\/blog\/2006\/02\/17\/termino-la-ii-conferencia-internacional-todo-un-exito\/#webpage"},"articleSection":"Personal"},{"@type":"BreadcrumbList","@id":"https:\/\/ramonramon.org\/blog\/2006\/02\/17\/termino-la-ii-conferencia-internacional-todo-un-exito\/#breadcrumblist","itemListElement":[{"@type":"ListItem","@id":"https:\/\/ramonramon.org\/blog#listItem","position":1,"name":"Inicio","item":"https:\/\/ramonramon.org\/blog","nextItem":{"@type":"ListItem","@id":"https:\/\/ramonramon.org\/blog\/category\/personal\/#listItem","name":"Personal"}},{"@type":"ListItem","@id":"https:\/\/ramonramon.org\/blog\/category\/personal\/#listItem","position":2,"name":"Personal","item":"https:\/\/ramonramon.org\/blog\/category\/personal\/","nextItem":{"@type":"ListItem","@id":"https:\/\/ramonramon.org\/blog\/2006\/02\/17\/termino-la-ii-conferencia-internacional-todo-un-exito\/#listItem","name":"Termin\u00f3 la II Conferencia Internacional: TODO UN \u00c9XITO"},"previousItem":{"@type":"ListItem","@id":"https:\/\/ramonramon.org\/blog#listItem","name":"Inicio"}},{"@type":"ListItem","@id":"https:\/\/ramonramon.org\/blog\/2006\/02\/17\/termino-la-ii-conferencia-internacional-todo-un-exito\/#listItem","position":3,"name":"Termin\u00f3 la II Conferencia Internacional: TODO UN \u00c9XITO","previousItem":{"@type":"ListItem","@id":"https:\/\/ramonramon.org\/blog\/category\/personal\/#listItem","name":"Personal"}}]},{"@type":"Person","@id":"https:\/\/ramonramon.org\/blog\/#person","name":"Ram\u00f3n Ram\u00f3n","image":{"@type":"ImageObject","@id":"https:\/\/ramonramon.org\/blog\/2006\/02\/17\/termino-la-ii-conferencia-internacional-todo-un-exito\/#personImage","url":"https:\/\/ramonramon.org\/blog\/wp-content\/litespeed\/avatar\/42364fa67ab8a86686700065303abe2d.jpg?ver=1788115634","width":96,"height":96,"caption":"Ram\u00f3n Ram\u00f3n"}},{"@type":"Person","@id":"https:\/\/ramonramon.org\/blog\/author\/admin\/#author","url":"https:\/\/ramonramon.org\/blog\/author\/admin\/","name":"Ram\u00f3n Ram\u00f3n","image":{"@type":"ImageObject","@id":"https:\/\/ramonramon.org\/blog\/2006\/02\/17\/termino-la-ii-conferencia-internacional-todo-un-exito\/#authorImage","url":"https:\/\/ramonramon.org\/blog\/wp-content\/litespeed\/avatar\/42364fa67ab8a86686700065303abe2d.jpg?ver=1788115634","width":96,"height":96,"caption":"Ram\u00f3n Ram\u00f3n"}},{"@type":"WebPage","@id":"https:\/\/ramonramon.org\/blog\/2006\/02\/17\/termino-la-ii-conferencia-internacional-todo-un-exito\/#webpage","url":"https:\/\/ramonramon.org\/blog\/2006\/02\/17\/termino-la-ii-conferencia-internacional-todo-un-exito\/","name":"Termin\u00f3 la II Conferencia Internacional: TODO UN \u00c9XITO","description":"Reci\u00e9n terminada la II Conferencia y tras varios d\u00edas de intensa actividad, un horario fren\u00e9tico, noches de largas \"reuniones\" y pocas horas de sue\u00f1o, y sobre todo -como en anteriores ocasiones- mezcla de enormes sentimientos y sensaciones agridulces.Por un lado, se echa de menos a todos los amigos, conocidos, compa\u00f1eros ,.... que se marchan a","inLanguage":"es-ES","isPartOf":{"@id":"https:\/\/ramonramon.org\/blog\/#website"},"breadcrumb":{"@id":"https:\/\/ramonramon.org\/blog\/2006\/02\/17\/termino-la-ii-conferencia-internacional-todo-un-exito\/#breadcrumblist"},"author":{"@id":"https:\/\/ramonramon.org\/blog\/author\/admin\/#author"},"creator":{"@id":"https:\/\/ramonramon.org\/blog\/author\/admin\/#author"},"datePublished":"2006-02-17T20:32:00+01:00","dateModified":"2006-02-17T20:32:00+01:00"},{"@type":"WebSite","@id":"https:\/\/ramonramon.org\/blog\/#website","url":"https:\/\/ramonramon.org\/blog\/","name":"RAMON RAMON","description":"Comunicaci\u00f3n pol\u00edtica y campa\u00f1as electorales","inLanguage":"es-ES","publisher":{"@id":"https:\/\/ramonramon.org\/blog\/#person"}}]},"og:locale":"es_ES","og:site_name":"Ram\u00f3n Ram\u00f3n - Comunicaci\u00f3n pol\u00edtica y campa\u00f1as electorales","og:type":"article","og:title":"Termin\u00f3 la II Conferencia Internacional: TODO UN \u00c9XITO","og:description":"Reci\u00e9n terminada la II Conferencia y tras varios d\u00edas de intensa actividad, un horario fren\u00e9tico, noches de largas &quot;reuniones&quot; y pocas horas de sue\u00f1o, y sobre todo -como en anteriores ocasiones- mezcla de enormes sentimientos y sensaciones agridulces.Por un lado, se echa de menos a todos los amigos, conocidos, compa\u00f1eros ,.... que se marchan a","og:url":"https:\/\/ramonramon.org\/blog\/2006\/02\/17\/termino-la-ii-conferencia-internacional-todo-un-exito\/","og:image":"https:\/\/ramonramon.org\/blog\/wp-content\/uploads\/2023\/12\/cropped-Marca-RR-03_trans.png","og:image:secure_url":"https:\/\/ramonramon.org\/blog\/wp-content\/uploads\/2023\/12\/cropped-Marca-RR-03_trans.png","og:image:width":2560,"og:image:height":1709,"article:published_time":"2006-02-17T18:32:00+00:00","article:modified_time":"2006-02-17T18:32:00+00:00","article:publisher":"https:\/\/www.facebook.com\/ramonramon","twitter:card":"summary_large_image","twitter:site":"@ramonramon","twitter:title":"Termin\u00f3 la II Conferencia Internacional: TODO UN \u00c9XITO","twitter:description":"Reci\u00e9n terminada la II Conferencia y tras varios d\u00edas de intensa actividad, un horario fren\u00e9tico, noches de largas &quot;reuniones&quot; y pocas horas de sue\u00f1o, y sobre todo -como en anteriores ocasiones- mezcla de enormes sentimientos y sensaciones agridulces.Por un lado, se echa de menos a todos los amigos, conocidos, compa\u00f1eros ,.... que se marchan a","twitter:image":"https:\/\/ramonramon.org\/blog\/wp-content\/uploads\/2023\/12\/cropped-Marca-RR-03_trans.png"},"aioseo_meta_data":{"post_id":"24","title":null,"description":null,"keywords":null,"keyphrases":null,"primary_term":null,"canonical_url":null,"og_title":null,"og_description":null,"og_object_type":"default","og_image_type":"default","og_image_url":null,"og_image_width":null,"og_image_height":null,"og_image_custom_url":null,"og_image_custom_fields":null,"og_video":null,"og_custom_url":null,"og_article_section":null,"og_article_tags":null,"twitter_use_og":false,"twitter_card":"default","twitter_image_type":"default","twitter_image_url":null,"twitter_image_custom_url":null,"twitter_image_custom_fields":null,"twitter_title":null,"twitter_description":null,"schema":{"blockGraphs":[],"customGraphs":[],"default":{"data":{"Article":[],"Course":[],"Dataset":[],"FAQPage":[],"Movie":[],"Person":[],"Product":[],"ProductReview":[],"Car":[],"Recipe":[],"Service":[],"SoftwareApplication":[],"WebPage":[]},"graphName":"","isEnabled":true},"graphs":[]},"schema_type":"default","schema_type_options":null,"pillar_content":false,"robots_default":true,"robots_noindex":false,"robots_noarchive":false,"robots_nosnippet":false,"robots_nofollow":false,"robots_noimageindex":false,"robots_noodp":false,"robots_notranslate":false,"robots_max_snippet":null,"robots_max_videopreview":null,"robots_max_imagepreview":"large","priority":null,"frequency":null,"local_seo":null,"seo_analyzer_scan_date":"2026-06-28 16:25:06","breadcrumb_settings":null,"limit_modified_date":false,"ai":null,"created":"2023-08-04 02:30:02","updated":"2026-06-28 16:25:06","focus_keyword":null,"truseo":null,"additional_keywords":null,"truseo_locale":null},"aioseo_breadcrumb":"<div class=\"aioseo-breadcrumbs\"><span class=\"aioseo-breadcrumb\">\n\t<a href=\"https:\/\/ramonramon.org\/blog\" title=\"Inicio\">Inicio<\/a>\n<\/span><span class=\"aioseo-breadcrumb-separator\">&raquo;<\/span><span class=\"aioseo-breadcrumb\">\n\t<a href=\"https:\/\/ramonramon.org\/blog\/category\/personal\/\" title=\"Personal\">Personal<\/a>\n<\/span><span class=\"aioseo-breadcrumb-separator\">&raquo;<\/span><span class=\"aioseo-breadcrumb\">\n\tTermin\u00f3 la II Conferencia Internacional: TODO UN \u00c9XITO\n<\/span><\/div>","aioseo_breadcrumb_json":[{"label":"Inicio","link":"https:\/\/ramonramon.org\/blog"},{"label":"Personal","link":"https:\/\/ramonramon.org\/blog\/category\/personal\/"},{"label":"Termin\u00f3 la II Conferencia Internacional: TODO UN \u00c9XITO","link":"https:\/\/ramonramon.org\/blog\/2006\/02\/17\/termino-la-ii-conferencia-internacional-todo-un-exito\/"}],"_links":{"self":[{"href":"https:\/\/ramonramon.org\/blog\/wp-json\/wp\/v2\/posts\/24","targetHints":{"allow":["GET"]}}],"collection":[{"href":"https:\/\/ramonramon.org\/blog\/wp-json\/wp\/v2\/posts"}],"about":[{"href":"https:\/\/ramonramon.org\/blog\/wp-json\/wp\/v2\/types\/post"}],"author":[{"embeddable":true,"href":"https:\/\/ramonramon.org\/blog\/wp-json\/wp\/v2\/users\/2070"}],"replies":[{"embeddable":true,"href":"https:\/\/ramonramon.org\/blog\/wp-json\/wp\/v2\/comments?post=24"}],"version-history":[{"count":0,"href":"https:\/\/ramonramon.org\/blog\/wp-json\/wp\/v2\/posts\/24\/revisions"}],"wp:attachment":[{"href":"https:\/\/ramonramon.org\/blog\/wp-json\/wp\/v2\/media?parent=24"}],"wp:term":[{"taxonomy":"category","embeddable":true,"href":"https:\/\/ramonramon.org\/blog\/wp-json\/wp\/v2\/categories?post=24"},{"taxonomy":"post_tag","embeddable":true,"href":"https:\/\/ramonramon.org\/blog\/wp-json\/wp\/v2\/tags?post=24"}],"curies":[{"name":"wp","href":"https:\/\/api.w.org\/{rel}","templated":true}]}}