{"id":23515,"date":"2018-08-31T18:19:23","date_gmt":"2018-08-31T16:19:23","guid":{"rendered":"https:\/\/www.ramonramon.org\/blog\/?p=23515"},"modified":"2020-03-22T15:06:15","modified_gmt":"2020-03-22T14:06:15","slug":"elecciones-alrededor-del-mundo-en-2019","status":"publish","type":"post","link":"https:\/\/ramonramon.org\/blog\/2018\/08\/31\/elecciones-alrededor-del-mundo-en-2019\/","title":{"rendered":"Elecciones alrededor del mundo en 2019"},"content":{"rendered":"<p>Para este 2019 los procesos electorales ser\u00e1n protagonistas a nivel mundial. En al menos 7 pa\u00edses latinoamericanos se elegir\u00e1 nuevas autoridades nacionales, como tambi\u00e9n a nivel legislativo, regional y local, as\u00ed como en Europa y Asia con elecciones presidenciales y parlamentarias.<\/p>\n<p>En este post te contar\u00e9 sobre las m\u00e1s importantes y lo que se elige.<\/p>\n<p><img loading=\"lazy\" decoding=\"async\" src=\"https:\/\/www.ramonramon.org\/blog\/wp-content\/uploads\/elecciones-votos-850x478.jpg\" alt=\"\" width=\"692\" height=\"389\" class=\"alignnone wp-image-23603\" \/><\/p>\n<p><strong><u>Am\u00e9rica Latina<\/u><\/strong><\/p>\n<p><strong>Elecciones generales Argentina<\/strong><\/p>\n<p>\u00bfCu\u00e1ndo?<\/p>\n<p>Domingo 27 de octubre de 2019 (1\u00aa vuelta)<\/p>\n<p>Domingo 24 de noviembre de 2019 (2\u00aa vuelta)<\/p>\n<p>\u00bfQu\u00e9 se elige?<\/p>\n<p>Presidente, vicepresidente diputados, senadores y parlamentarios<\/p>\n<p>Las elecciones presidenciales de Argentina para el periodo del 10 de diciembre de 2019 al 10 de diciembre de 2023, desgraciadamente se viven entre un clima de recesi\u00f3n e inflaci\u00f3n lo cual le complica las cosas al actual presidente Mauricio Macri que est\u00e1 habilitado para postularse a un nuevo mandato de cuatro a\u00f1os.<\/p>\n<p>Adem\u00e1s de elegir presidente y vicepresidente, los argentinos votar\u00e1n 130 diputados, 24 senadores y 43 parlamentarios del Parlasur.<\/p>\n<p><strong>Elecciones generales Bolivia<\/strong><\/p>\n<p>\u00bfCu\u00e1ndo?<\/p>\n<p>2019<\/p>\n<p>\u00bfQu\u00e9 se elige?<\/p>\n<p>Presidente y vicepresidentes, 130 diputados y 36 senadores para el per\u00edodo gubernamental 2020-2025<\/p>\n<p>El presidente actual Evo Morales, quien ha ganado tres comicios presidenciales consecutivos y suma 12 a\u00f1os, seis meses y 23 d\u00edas como Jefe de Estado busca un cuarto mandato en 2019.<\/p>\n<p><strong>Elecciones generales El Salvador<\/strong><\/p>\n<p>\u00bfCu\u00e1ndo?<\/p>\n<p>Domingo 3 de febrero de 2019, en caso de que ninguno de los partidos pol\u00edticos o coaliciones obtenga el requisito de la mitad +1 de los votos v\u00e1lidos emitidos, se celebrar\u00e1 la segunda vuelta el domingo 10 de marzo entre los dos partidos pol\u00edticos o coaliciones que hayan obtenido mayor cantidad de votos.<\/p>\n<p>\u00bfQu\u00e9 se elige?<\/p>\n<p>Estas elecciones definir\u00e1n a los nuevos titulares de la Presidencia y la Vicepresidencia de la Rep\u00fablica para el per\u00edodo que comenzar\u00e1 el 1 de junio de 2019 hasta el 30 de mayo de 2024 el oficialismo se enfrenta con la posibilidad de mantenerse por tercer per\u00edodo consecutivo al frente del Poder Ejecutivo o de cederlo a alguna de las fuerzas de oposici\u00f3n.<\/p>\n<p><strong>Elecciones presidenciales Uruguay<\/strong><\/p>\n<p>\u00bfCu\u00e1ndo?<\/p>\n<p>Domingo 27 de octubre de 2019, en caso de que ninguno de los candidatos llegue a una adhesi\u00f3n del 50 % +1 del total de votos se realizar\u00e1 una segunda vuelta, el d\u00eda domingo 24 de noviembre de 2019.<\/p>\n<p>\u00bfQu\u00e9 se elige?<\/p>\n<p>Presidente para el periodo de 2020 al 2025.<\/p>\n<p>El mismo d\u00eda se eligen 30 senadores y 99 diputados que integrar\u00e1n la XLIX Legislatura del Poder Legislativo de Uruguay.<\/p>\n<p><strong>Elecciones generales Panam\u00e1<\/strong><\/p>\n<p>\u00bfCu\u00e1ndo?<\/p>\n<p>Domingo 5 de mayo de 2019<\/p>\n<p>\u00bfQu\u00e9 se elige?<\/p>\n<p>En esta consulta se elegir\u00e1 al presidente y vicepresidente de la Rep\u00fablica, diputados al Parlamento Centroamericano, diputados a la Asamblea Nacional, alcaldes, representantes de corregimiento y concejales, todos con sus respectivos suplentes.<\/p>\n<p>Cerca de 2,7 millones de paname\u00f1os est\u00e1n convocados a participar en las elecciones de mayo, en las que elegir\u00e1n al sucesor del actual presidente, Juan Carlos Varela, que no puede presentarse para ser reelegido.<\/p>\n<p><strong>Elecciones regionales y locales Colombia\u00a0<\/strong><\/p>\n<p>\u00bfCu\u00e1ndo?<\/p>\n<p><span>Domingo 27 de octubre de\u00a0<\/span>2019<\/p>\n<p>\u00bfQu\u00e9 se elige?<\/p>\n<p>Dignatarios\u00a0<span>departamentales, municipales y distritales.<\/span><\/p>\n<p><span>Las elecciones en Colombia contar\u00e1n con un nuevo actor: la Fuerza Alternativa Revolucionaria del Com\u00fan (FARC), que se la jugar\u00e1n por obtener puestos de poder, sobre todo en las regiones y los municipios en donde tuvieron influencia durante los a\u00f1os de conflicto armado con el Estado.<\/span><\/p>\n<p><strong>Elecciones seccionales Ecuador<\/strong><\/p>\n<p>\u00bfCu\u00e1ndo?<\/p>\n<p><span>24 de marzo de 2019<\/span><\/p>\n<p>\u00bfQu\u00e9 se elige?<\/p>\n<p><span>Prefectos, viceprefectos, alcaldes, concejales urbanos, concejales rurales, vocales principales de las juntas parroquiales y siete consejeros del\u00a0<\/span>CPCCS ( consejo de participaci\u00f3n ciudadana y control social)<\/p>\n<p><span>En total se elegir\u00e1n 11\u00a0059 autoridades entre principales y suplentes (en el caso de concejales, vocales de juntas y consejeros del CPCCS).<\/span><\/p>\n<p>&nbsp;<\/p>\n<p><strong><u>Europa<\/u><\/strong><\/p>\n<p><strong>Elecciones generales Dinamarca<\/strong><\/p>\n<p>\u00bfCu\u00e1ndo?<\/p>\n<p>17 de junio de 2019<\/p>\n<p>\u00bfQu\u00e9 se elige?<\/p>\n<p>Parlamento<\/p>\n<p>179 miembros del <em>Folketing<\/em> (Parlamento unicameral de Dinamarca. Su nombre significa \u201cAsamblea del Gobierno del pueblo\u201d). 175 miembros se elegir\u00e1n en Dinamarca propiamente dicho, dos en las Islas Feroe y dos en Groenlandia.<\/p>\n<p><a href=\"https:\/\/es.wikipedia.org\/wiki\/Consejo_de_Participaci%C3%B3n_Ciudadana_y_Control_Social\" title=\"\"><\/a><\/p>\n<p><strong>Elecciones generales Polonia <\/strong><\/p>\n<p>\u00bfCu\u00e1ndo?<\/p>\n<p>Noviembre de 2019<\/p>\n<p>\u00bfQu\u00e9 se elige?<\/p>\n<p>Parlamento<\/p>\n<p>Se eligen 460 miembros del <em>Sejm<\/em> (c\u00e1mara baja del parlamento polaco) y 100 senadores.<\/p>\n<p><strong>Elecciones presidenciales Ucrania <\/strong><\/p>\n<p>\u00bfCu\u00e1ndo?<\/p>\n<p>31 de marzo de 2019<\/p>\n<p>\u00bfQu\u00e9 se elige?<\/p>\n<p>Presidente para el per\u00edodo 2019-2024<\/p>\n<p><strong>Elecciones al Parlamento Europeo de 2019 en Espa\u00f1a<\/strong><\/p>\n<p>\u00bfCu\u00e1ndo?<\/p>\n<p>26 de mayo de 2019<\/p>\n<p>\u00bfQu\u00e9 se elige?<\/p>\n<p>Las elecciones municipales de Espa\u00f1a de 2019 se har\u00e1n coincidir con las elecciones europeas, as\u00ed como otras elecciones de distinto \u00e1mbito administrativo, caso de las elecciones auton\u00f3micas en trece regiones de Espa\u00f1a (todas excepto Andaluc\u00eda, Catalu\u00f1a, Pa\u00eds Vasco y Galicia).<\/p>\n<p><strong><u>Asia <\/u><\/strong><\/p>\n<p><strong>Elecciones generales de India<\/strong><\/p>\n<p>\u00bfCu\u00e1ndo?<\/p>\n<p>Mayo de 2019<\/p>\n<p>\u00bfQu\u00e9 se elige?<\/p>\n<p>Parlamento<\/p>\n<p>Los 543 del decimos\u00e9ptimo <em>Lok Sabha<\/em> (c\u00e1mara baja del Parlamento de la India)<\/p>\n<p>Las campa\u00f1as electorales siempre son son un desaf\u00edo, el objetivo es conectar con la ciudadan\u00eda mediante tu discurso y tu estrategia, ya sea que te encuentres en Am\u00e9rica latina o hasta la lejana Asia, aqu\u00ed te dejo estos post para que los\u00a0 revises y se que te ser\u00e1n de gran ayuda.<\/p>\n<p class=\"hestia-title entry-title\"><a href=\"https:\/\/www.ramonramon.org\/blog\/2018\/08\/30\/los-7-consejos-basicos-para-afrontar-una-campana-electoral-exitosa\/\">Los 7 consejos b\u00e1sicos para afrontar una campa\u00f1a electoral exitosa<\/a><\/p>\n<p class=\"hestia-title entry-title\">10 claves para ganar una campa\u00f1a electoral<\/p>\n<p>&nbsp;<\/p>\n","protected":false},"excerpt":{"rendered":"<p>Para este 2019 los procesos electorales ser\u00e1n protagonistas a nivel mundial. En al menos 7 pa\u00edses latinoamericanos se elegir\u00e1 nuevas autoridades nacionales, como tambi\u00e9n a nivel legislativo, regional y local, as\u00ed como en Europa y Asia con elecciones presidenciales y parlamentarias. En este post te contar\u00e9 sobre las m\u00e1s importantes y lo que se elige.&hellip;&nbsp;<a href=\"https:\/\/ramonramon.org\/blog\/2018\/08\/31\/elecciones-alrededor-del-mundo-en-2019\/\" rel=\"bookmark\">Leer m\u00e1s &raquo;<span class=\"screen-reader-text\">Elecciones alrededor del mundo en 2019<\/span><\/a><\/p>\n","protected":false},"author":2271,"featured_media":23603,"comment_status":"open","ping_status":"open","sticky":false,"template":"","format":"standard","meta":{"neve_meta_sidebar":"","neve_meta_container":"","neve_meta_enable_content_width":"","neve_meta_content_width":0,"neve_meta_title_alignment":"","neve_meta_author_avatar":"","neve_post_elements_order":"","neve_meta_disable_header":"","neve_meta_disable_footer":"","neve_meta_disable_title":"","footnotes":""},"categories":[8],"tags":[1982,1934],"class_list":["post-23515","post","type-post","status-publish","format-standard","has-post-thumbnail","hentry","category-elecciones","tag-elecciones","tag-politica"],"aioseo_notices":[],"_links":{"self":[{"href":"https:\/\/ramonramon.org\/blog\/wp-json\/wp\/v2\/posts\/23515","targetHints":{"allow":["GET"]}}],"collection":[{"href":"https:\/\/ramonramon.org\/blog\/wp-json\/wp\/v2\/posts"}],"about":[{"href":"https:\/\/ramonramon.org\/blog\/wp-json\/wp\/v2\/types\/post"}],"author":[{"embeddable":true,"href":"https:\/\/ramonramon.org\/blog\/wp-json\/wp\/v2\/users\/2271"}],"replies":[{"embeddable":true,"href":"https:\/\/ramonramon.org\/blog\/wp-json\/wp\/v2\/comments?post=23515"}],"version-history":[{"count":0,"href":"https:\/\/ramonramon.org\/blog\/wp-json\/wp\/v2\/posts\/23515\/revisions"}],"wp:featuredmedia":[{"embeddable":true,"href":"https:\/\/ramonramon.org\/blog\/wp-json\/wp\/v2\/media\/23603"}],"wp:attachment":[{"href":"https:\/\/ramonramon.org\/blog\/wp-json\/wp\/v2\/media?parent=23515"}],"wp:term":[{"taxonomy":"category","embeddable":true,"href":"https:\/\/ramonramon.org\/blog\/wp-json\/wp\/v2\/categories?post=23515"},{"taxonomy":"post_tag","embeddable":true,"href":"https:\/\/ramonramon.org\/blog\/wp-json\/wp\/v2\/tags?post=23515"}],"curies":[{"name":"wp","href":"https:\/\/api.w.org\/{rel}","templated":true}]}}