{"id":22643,"date":"2018-03-29T10:24:35","date_gmt":"2018-03-29T16:24:35","guid":{"rendered":"https:\/\/www.ramonramon.org\/blog\/?p=22643"},"modified":"2018-03-29T10:33:12","modified_gmt":"2018-03-29T16:33:12","slug":"comunicacion-politica-y-sociedad-red","status":"publish","type":"post","link":"https:\/\/ramonramon.org\/blog\/2018\/03\/29\/comunicacion-politica-y-sociedad-red\/","title":{"rendered":"Comunicaci\u00f3n pol\u00edtica y Sociedad Red"},"content":{"rendered":"<p><strong>La comunicaci\u00f3n pol\u00edtica est\u00e1 fuertemente vinculada a la nueva Sociedad Red de la cual somos parte. Las tecnolog\u00edas y las redes sociales son herramientas que nos permiten conectar y conversar.<\/strong><\/p>\n<p>\u00bfC\u00f3mo utilizar la Tecnopol\u00edtica para crear comunidad y convertir datos en votos?<br \/>\nComparto mi ponencia en Campaign Tech 2018, Guadalajara.<\/p>\n<div class=\"nv-iframe-embed\"><iframe loading=\"lazy\" title=\"Comunicaci\u00f3n pol\u00edtica y Sociedad Red\" width=\"1200\" height=\"675\" src=\"https:\/\/www.youtube.com\/embed\/BLCF8rxMmSo?feature=oembed\" frameborder=\"0\" allow=\"accelerometer; autoplay; clipboard-write; encrypted-media; gyroscope; picture-in-picture; web-share\" referrerpolicy=\"strict-origin-when-cross-origin\" allowfullscreen><\/iframe><\/div>\n<p>Adem\u00e1s, durante el evento, tuve la oportunidad de conversar con \u00ab<a href=\"https:\/\/www.youtube.com\/watch?v=ZL4t_Mzgpqc\" target=\"_blank\" rel=\"noopener\">7 segundos<\/a>\u00bb acerca de las elecciones en M\u00e9xico y el uso de la tecnolog\u00eda en campa\u00f1as electorales.<\/p>\n<div class=\"nv-iframe-embed\"><iframe loading=\"lazy\" title=\"Comunicaci\u00f3n Pol\u00edtica - Ram\u00f3n Ram\u00f3n\" width=\"1200\" height=\"675\" src=\"https:\/\/www.youtube.com\/embed\/ZL4t_Mzgpqc?feature=oembed\" frameborder=\"0\" allow=\"accelerometer; autoplay; clipboard-write; encrypted-media; gyroscope; picture-in-picture; web-share\" referrerpolicy=\"strict-origin-when-cross-origin\" allowfullscreen><\/iframe><\/div>\n<p><strong><em>Comparte este art\u00edculo en <a href=\"https:\/\/twitter.com\/intent\/tweet?text=Recomiendo+%22Comunicaci%C3%B3n+pol%C3%ADtica+y+Sociedad+Red%22,+conferencia+de+@ramonramon+en+http:\/\/bit.ly\/2GhZfjU\" target=\"_blank\" rel=\"noopener\">Twitter<\/a> haciendo <a href=\"https:\/\/twitter.com\/intent\/tweet?text=Recomiendo+%22Comunicaci%C3%B3n+pol%C3%ADtica+y+Sociedad+Red%22,+conferencia+de+@ramonramon+en+http:\/\/bit.ly\/2GhZfjU\" target=\"_blank\" rel=\"noopener\">clic aqu\u00ed<\/a><\/em><\/p>\n<p>Relacionado:<\/strong><\/p>\n<p><a href=\"https:\/\/www.ramonramon.org\/blog\/2018\/01\/26\/elecciones-mexico-2018-la-ciudadania-las-nuevas-tecnologias-tienen-poder\/\" target=\"_blank\" rel=\"noopener\">&#8211; Elecciones M\u00e9xico 2018: La ciudadan\u00eda y las nuevas tecnolog\u00edas tienen el poder<\/a><strong><br \/>\n<\/strong><a href=\"https:\/\/www.ramonramon.org\/blog\/2018\/02\/14\/tecnopolitica-convierte-datos-votos\/\" target=\"_blank\" rel=\"noopener\">&#8211; Tecnool\u00edtica: convierte datos en votos<\/a><\/p>\n","protected":false},"excerpt":{"rendered":"<p>La comunicaci\u00f3n pol\u00edtica est\u00e1 fuertemente vinculada a la nueva Sociedad Red de la cual somos parte. Las tecnolog\u00edas y las redes sociales son herramientas que nos permiten conectar y conversar. \u00bfC\u00f3mo utilizar la Tecnopol\u00edtica para crear comunidad y convertir datos en votos? Comparto mi ponencia en Campaign Tech 2018, Guadalajara. Adem\u00e1s, durante el evento, tuve&hellip;&nbsp;<a href=\"https:\/\/ramonramon.org\/blog\/2018\/03\/29\/comunicacion-politica-y-sociedad-red\/\" rel=\"bookmark\">Leer m\u00e1s &raquo;<span class=\"screen-reader-text\">Comunicaci\u00f3n pol\u00edtica y Sociedad Red<\/span><\/a><\/p>\n","protected":false},"author":2070,"featured_media":22646,"comment_status":"open","ping_status":"open","sticky":false,"template":"","format":"standard","meta":{"neve_meta_sidebar":"","neve_meta_container":"","neve_meta_enable_content_width":"","neve_meta_content_width":0,"neve_meta_title_alignment":"","neve_meta_author_avatar":"","neve_post_elements_order":"","neve_meta_disable_header":"","neve_meta_disable_footer":"","neve_meta_disable_title":"","footnotes":""},"categories":[23],"tags":[1806],"class_list":["post-22643","post","type-post","status-publish","format-standard","has-post-thumbnail","hentry","category-personal","tag-comunicacion-politica"],"aioseo_notices":[],"_links":{"self":[{"href":"https:\/\/ramonramon.org\/blog\/wp-json\/wp\/v2\/posts\/22643","targetHints":{"allow":["GET"]}}],"collection":[{"href":"https:\/\/ramonramon.org\/blog\/wp-json\/wp\/v2\/posts"}],"about":[{"href":"https:\/\/ramonramon.org\/blog\/wp-json\/wp\/v2\/types\/post"}],"author":[{"embeddable":true,"href":"https:\/\/ramonramon.org\/blog\/wp-json\/wp\/v2\/users\/2070"}],"replies":[{"embeddable":true,"href":"https:\/\/ramonramon.org\/blog\/wp-json\/wp\/v2\/comments?post=22643"}],"version-history":[{"count":0,"href":"https:\/\/ramonramon.org\/blog\/wp-json\/wp\/v2\/posts\/22643\/revisions"}],"wp:featuredmedia":[{"embeddable":true,"href":"https:\/\/ramonramon.org\/blog\/wp-json\/wp\/v2\/media\/22646"}],"wp:attachment":[{"href":"https:\/\/ramonramon.org\/blog\/wp-json\/wp\/v2\/media?parent=22643"}],"wp:term":[{"taxonomy":"category","embeddable":true,"href":"https:\/\/ramonramon.org\/blog\/wp-json\/wp\/v2\/categories?post=22643"},{"taxonomy":"post_tag","embeddable":true,"href":"https:\/\/ramonramon.org\/blog\/wp-json\/wp\/v2\/tags?post=22643"}],"curies":[{"name":"wp","href":"https:\/\/api.w.org\/{rel}","templated":true}]}}