{"id":22572,"date":"2018-11-26T22:47:21","date_gmt":"2018-11-26T21:47:21","guid":{"rendered":"https:\/\/www.ramonramon.org\/blog\/?p=22572"},"modified":"2021-09-24T21:06:26","modified_gmt":"2021-09-24T19:06:26","slug":"puede-la-politica-entrar-en-las-casas-la-comunicacion-disruptiva-de-edgardo-araya-y-su-tinder","status":"publish","type":"post","link":"https:\/\/ramonramon.org\/blog\/2018\/11\/26\/puede-la-politica-entrar-en-las-casas-la-comunicacion-disruptiva-de-edgardo-araya-y-su-tinder\/","title":{"rendered":"\u00bfPuede la Pol\u00edtica entrar en las casas? La comunicaci\u00f3n disruptiva de Edgardo Araya y su Tinder"},"content":{"rendered":"<p><span><\/span><span><\/span><span><\/span><span><\/span><span><\/span>El descr\u00e9dito de la clase pol\u00edtica en general y por lo tanto de la propia pol\u00edtica, entendida como partitocracia, sigue en aumento.\u00a0 Tanto es as\u00ed, que la ciudadan\u00eda repele todo lo que tenga que ver con la pol\u00edtica.\u00a0 Siempre digo que<a href=\"https:\/\/www.ramonramon.org\/blog\/2011\/05\/19\/nuestra-spanishrevolution\/\"> el 15M en Espa\u00f1a (mayo 2011) trajo algunos cambios -cada d\u00eda parece que se evaporan m\u00e1s-, pero el principal fue el de recuperar el inter\u00e9s de la ciudadan\u00eda por la Pol\u00edtica<\/a>.\u00a0 En mayo de 2011 y de una forma disruptiva se recuper\u00f3 la importancia de la Pol\u00edtica, de la verdadera, aquella que sirve para que la ciudadan\u00eda construya Sociedad.<\/p>\n<p><span><\/span><span><\/span>\u00bfLa Pol\u00edtica, y la escribo en may\u00fasculas, puede ser un tema de conversaci\u00f3n general?\u00a0 Estoy <a href=\"https:\/\/www.ramonramon.org\/blog\/2011\/05\/30\/sevilla-29-de-mayo-%c2%bfescucharan-ahora-a-la-spanishrevolution\/\">convencido que en el 2011 as\u00ed lo fue en Espa\u00f1a<\/a>, eso no quita que sigan llen\u00e1ndose los campos de f\u00fatbol y no los espacios p\u00fablicos de debate pol\u00edtico-social.\u00a0 Se repite la tan repetida cita romana: \u00abAl pueblo pan y circo\u00bb.<\/p>\n<p><span><\/span><span><\/span><span><\/span><span><\/span><span><\/span>Hace unos a\u00f1os se gener\u00f3 un gran debate en torno a la participaci\u00f3n del reci\u00e9n electo secretario general de los socialistas espa\u00f1oles <a href=\"http:\/\/www.eldiario.es\/politica\/Pedro-Sanchez-desembarca-television-acierto_0_305169709.html\"><span><\/span><span><\/span><span><\/span><span><\/span><span><\/span>en programas de televisi\u00f3n que nada ten\u00edan que ver con la \u00abTV seria o educada\u00bb<\/a><span><\/span><span><\/span><span><\/span><span><\/span><span><\/span>.\u00a0 Algunos expertos lo catalogaban de error, otros de acierto, &#8230; opiniones como siempre para todos los gustos.\u00a0 Si me preguntan, yo creo que la ciudadan\u00eda est\u00e1 cansada de propuestas rancias, de viej@s pol\u00edtic@s -independientemente de la edad de las candidaturas-, de antiguas maneras de comunicar (\u00bfno se dieron cuenta que hoy hay muchas maneras de conocer a una candidata, independientemente de ir a escucharla a u mitin?<\/p>\n<p><span><\/span><span><\/span><span><\/span><span><\/span><span><\/span>En las pasadas elecciones presidenciales en Costa Rica, al que considero un buen amigo, un buen hombre y una magn\u00edfica persona tuvo la desgracia de no tener el reconocimiento que debiera como candidato y eso le dejo siempre muy debajo en las encuestas.\u00a0 Sin entrar en la problem\u00e1tica del sistema democr\u00e1tico tico, y como son las encuestas las que definen las posibilidades de medios y recursos, Edgardo hizo una campa\u00f1a disruptiva en la que pude colaborar.\u00a0 De todas las acciones que se hicieron, como <a href=\"https:\/\/www.elpais.cr\/2018\/01\/24\/frente-amplio-realizara-el-primer-spot-electoral-colaborativo\/\"><span><\/span><span><\/span><span><\/span><span><\/span><span><\/span>el primer spot colaborativo de la historia de la comunicaci\u00f3n pol\u00edtica<\/a><span><\/span><span><\/span><span><\/span><span><\/span><span><\/span> o un facebook live 24 horas\u00a0 (nada que ver con lo que mostraron en House of Cards),<\/p>\n<blockquote><p>\u00a0Este <em><span><\/span><span><\/span><span><\/span><span><\/span><span><\/span>spot<\/em><span><\/span><span><\/span><span><\/span><span><\/span><span><\/span> con licencia creative commons es una nueva sorpresa del FA, quienes han llamado la atenci\u00f3n de muchos y muchas con su manejo propagand\u00edstico para estas elecciones, en las cuales se postula como candidato a la presidencia, el diputado y ambientalista, Edgardo Araya Sibaja.<\/p><\/blockquote>\n<p><span><\/span><span><\/span><span><\/span><span><\/span><span><\/span>si algo destac\u00f3 por encima de todo, fue subir su perfil a Tinder.\u00a0 <a href=\"https:\/\/elcomercio.pe\/mundo\/latinoamerica\/candidato-ingresa-sitio-citas-tinder-buscar-votos-noticia-486808\"><span><\/span><span><\/span><span><\/span><span><\/span>Si, si, a Tinder<\/a>.<\/p>\n<p><center><iframe loading=\"lazy\" width=\"560\" height=\"315\" src=\"https:\/\/www.youtube.com\/embed\/5SSJX9NQ3HY\" frameborder=\"0\" allow=\"accelerometer; autoplay; encrypted-media; gyroscope; picture-in-picture\" allowfullscreen=\"allowfullscreen\"><\/iframe><\/center>Lo que, sin lugar a dudas, fue una jugada arriesgada del equipo de campa\u00f1a pero como el propio candidato dijo: \u00abes una manera de innovar, es una manera de comunicarse con la gente, de utilizar todas las plataformas que hay y sobre todo, <strong><span><\/span><span><\/span><span><\/span><span><\/span><span><\/span>una manera de acercar la pol\u00edtica a las personas y que no se sienten atra\u00eddas por las pol\u00edticas.\u00a0 Es una manera de decirles que la pol\u00edtica les va a incidir, quieran o no quieran, est\u00e9n interesados o no en la pol\u00edtica; pero sobre todo una manera de aproximarme a otro tipo de p\u00fablico que no est\u00e1 en los medios tradicionales<\/strong>\u00bb<\/p>\n<p><span><\/span><span><\/span><span><\/span><span><\/span><span><\/span>Chap\u00f3 por mi amigo, lo clav\u00f3.\u00a0 Ya est\u00e1 bien de ser \u00abpolite\u00bbs, super t\u00e9cnicos y correctos, de usar argot pol\u00edtico, la gente est\u00e1 cansada de la \u00abpartidocracia\u00bb, de los discursos sin emoci\u00f3n, de palabras huecas por muy bonitas que sean\u00a0 y sobre todo, de las viejas agrupaciones o sedes, de los argumentarios o consignas pol\u00edticas.\u00a0\u00a0 En esta Sociedad de la hiperconexi\u00f3n y la infoxicaci\u00f3n necesitamos la informaci\u00f3n directa, sintetizada y sobre todo que nos llegue por la herramienta o canal que elegimos, no por la que los pol\u00edticos decidan.<\/p>\n<p><span><\/span><span><\/span><span><\/span><span><\/span><span><\/span>La acci\u00f3n disruptiva de Edgardo le dio la vuelta al continente y adem\u00e1s de todos los medios de Costa Rica otros muchos de pa\u00edses como <a href=\"https:\/\/www.infobae.com\/america\/america-latina\/2018\/01\/05\/un-candidato-presidencial-de-costa-rica-ingreso-al-sitio-de-citas-tinder-para-buscar-votos\/\">Argentina<\/a>, <a href=\"https:\/\/ecodiario.eleconomista.es\/politica-eAm\/noticias\/8849775\/01\/18\/Un-candidato-ingresa-al-sitio-de-citas-Tinder-para-buscar-votos-en-Costa-Rica.html\">Espa\u00f1a<\/a>, <a href=\"https:\/\/rpp.pe\/mundo\/latinoamerica\/un-candidato-presidencial-costarricense-entro-a-tinder-en-busca-de-votos-noticia-1098629\">Per\u00fa<\/a> o M\u00e9xico tambi\u00e9n recogieron la valent\u00eda de este gran candidato y persona.<\/p>\n<p><span><\/span><span><\/span><span><\/span><span><\/span><span><\/span>Si bien no tuvimos el \u00e9xito que nos hubiera gustado en la elecci\u00f3n, los principales cert\u00e1menes de comunicaci\u00f3n pol\u00edtica de Iberoam\u00e9rica reconocieron el trabajo con <a href=\"https:\/\/www.ramonramon.org\/blog\/2018\/08\/13\/4-nominaciones-en-los-napolitan-victory-awards\/\"><span><\/span><span><\/span><span><\/span><span><\/span><span><\/span>numerosas nominaciones durante este a\u00f1o<\/a>, lo que sin lugar a dudas, es una peque\u00f1a recompensa al trabajo tan arduo que se realiz\u00f3.<\/p>\n","protected":false},"excerpt":{"rendered":"<p>El descr\u00e9dito de la clase pol\u00edtica en general y por lo tanto de la propia pol\u00edtica, entendida como partitocracia, sigue en aumento.\u00a0 Tanto es as\u00ed, que la ciudadan\u00eda repele todo lo que tenga que ver con la pol\u00edtica.\u00a0 Siempre digo que el 15M en Espa\u00f1a (mayo 2011) trajo algunos cambios -cada d\u00eda parece que se&hellip;&nbsp;<a href=\"https:\/\/ramonramon.org\/blog\/2018\/11\/26\/puede-la-politica-entrar-en-las-casas-la-comunicacion-disruptiva-de-edgardo-araya-y-su-tinder\/\" rel=\"bookmark\">Leer m\u00e1s &raquo;<span class=\"screen-reader-text\">\u00bfPuede la Pol\u00edtica entrar en las casas? La comunicaci\u00f3n disruptiva de Edgardo Araya y su Tinder<\/span><\/a><\/p>\n","protected":false},"author":2070,"featured_media":23327,"comment_status":"open","ping_status":"open","sticky":false,"template":"","format":"standard","meta":{"neve_meta_sidebar":"","neve_meta_container":"","neve_meta_enable_content_width":"","neve_meta_content_width":0,"neve_meta_title_alignment":"","neve_meta_author_avatar":"","neve_post_elements_order":"","neve_meta_disable_header":"","neve_meta_disable_footer":"","neve_meta_disable_title":"","footnotes":""},"categories":[2008,8,24],"tags":[2124,1806],"class_list":["post-22572","post","type-post","status-publish","format-standard","has-post-thumbnail","hentry","category-comunicacion","category-elecciones","category-redes-sociales","tag-campana-politica","tag-comunicacion-politica"],"aioseo_notices":[],"_links":{"self":[{"href":"https:\/\/ramonramon.org\/blog\/wp-json\/wp\/v2\/posts\/22572","targetHints":{"allow":["GET"]}}],"collection":[{"href":"https:\/\/ramonramon.org\/blog\/wp-json\/wp\/v2\/posts"}],"about":[{"href":"https:\/\/ramonramon.org\/blog\/wp-json\/wp\/v2\/types\/post"}],"author":[{"embeddable":true,"href":"https:\/\/ramonramon.org\/blog\/wp-json\/wp\/v2\/users\/2070"}],"replies":[{"embeddable":true,"href":"https:\/\/ramonramon.org\/blog\/wp-json\/wp\/v2\/comments?post=22572"}],"version-history":[{"count":0,"href":"https:\/\/ramonramon.org\/blog\/wp-json\/wp\/v2\/posts\/22572\/revisions"}],"wp:featuredmedia":[{"embeddable":true,"href":"https:\/\/ramonramon.org\/blog\/wp-json\/wp\/v2\/media\/23327"}],"wp:attachment":[{"href":"https:\/\/ramonramon.org\/blog\/wp-json\/wp\/v2\/media?parent=22572"}],"wp:term":[{"taxonomy":"category","embeddable":true,"href":"https:\/\/ramonramon.org\/blog\/wp-json\/wp\/v2\/categories?post=22572"},{"taxonomy":"post_tag","embeddable":true,"href":"https:\/\/ramonramon.org\/blog\/wp-json\/wp\/v2\/tags?post=22572"}],"curies":[{"name":"wp","href":"https:\/\/api.w.org\/{rel}","templated":true}]}}