{"id":22460,"date":"2017-10-31T10:55:41","date_gmt":"2017-10-31T16:55:41","guid":{"rendered":"https:\/\/www.ramonramon.org\/blog\/?p=22460"},"modified":"2020-03-22T15:06:14","modified_gmt":"2020-03-22T14:06:14","slug":"politica-y-ciudadania","status":"publish","type":"post","link":"https:\/\/ramonramon.org\/blog\/2017\/10\/31\/politica-y-ciudadania\/","title":{"rendered":"Pol\u00edtica y ciudadan\u00eda: el poder de las TIC"},"content":{"rendered":"<p><img loading=\"lazy\" decoding=\"async\" class=\"alignnone wp-image-22479 size-medium\" src=\"https:\/\/www.ramonramon.org\/blog\/wp-content\/uploads\/Los_mon\u00f3logos_extensos_no_tienen-tw-850x478.png\" alt=\"\" width=\"850\" height=\"478\" \/><\/p>\n<p><span style=\"font-weight: 400;\">Las Tecnolog\u00edas de la Informaci\u00f3n y la Comunicaci\u00f3n (TIC) cambiaron nuestra manera de consumir y compartir informaci\u00f3n. Los dispositivos m\u00f3viles, como celulares y tabletas, ganan terreno entre los ciudadanos y la informaci\u00f3n se viraliza r\u00e1pidamente. En este sentido, como usuarios abandonamos la pasividad del circuito cl\u00e1sico emisor-receptor y podemos ahora generar contenido, modificarlo y entrar en la conversaci\u00f3n. El p\u00fablico adquiere un protagonismo central gracias al nuevo paradigma de la comunicaci\u00f3n, y se convierte en productor de informaci\u00f3n. La expansi\u00f3n de sitios web y blogs, y plataformas sociales como Facebook, Twitter o Instagram, permiten compartir y expresar opiniones que pueden ser, a su vez, compartidas por otros usuarios, as\u00ed como el periodismo colaborativo, son un ejemplo del nuevo entorno en el cual nos movemos.<\/span><\/p>\n<p><span style=\"font-weight: 400;\">De forma permanente nos comunicamos a trav\u00e9s de redes sociales y aplicaciones de mensajer\u00eda, que rompen fronteras y nos conectan de manera inmediata con las personas. El car\u00e1cter masivo de los nuevos medios hace que dirigentes pol\u00edticos y gobiernos utilicen estas nuevas tecnolog\u00edas para \u201ccomunicarse\u201d con la ciudadan\u00eda. A su vez, la sociedad toma a las redes sociales como medio de expresi\u00f3n y manifiestan pensamientos y opiniones a trav\u00e9s de ellas. <a href=\"https:\/\/twitter.com\/intent\/tweet?text=%E2%80%9DHay+un+receptor+activo+que+recibe+el+mensaje,+lo+procesa,+comenta+y+comparte+en+su+comunidad%E2%80%9D+@MatiServedia+%F0%9F%91%89+%20http:\/\/bit.ly\/2iMogIQ\">Hay un receptor activo que no solamente recibe el mensaje sino que lo procesa, lo comenta y lo comparte<\/a>. <\/span><\/p>\n<p><span style=\"font-weight: 400;\">Manuel Castells, soci\u00f3logo espa\u00f1ol, introdujo el concepto<a href=\"https:\/\/www.ramonramon.org\/blog\/2014\/02\/11\/la-comunicacion-politica-y-los-valores-2-0\/\"> \u201cSociedad-Red\u201d<\/a>, el cual hace referencia al papel que juega internet como principal medio de comunicaci\u00f3n, interacci\u00f3n y organizaci\u00f3n en esta nueva sociedad. Con respecto a la comunicaci\u00f3n pol\u00edtica, el autor afirma que internet \u201c<strong>podr\u00eda ser un instrumento de participaci\u00f3n ciudadana extraordinario<\/strong>\u201d, podr\u00eda ser un instrumento de informaci\u00f3n de la clase pol\u00edtica, de los gobiernos y de los partidos a los ciudadanos en su conjunto y de relaci\u00f3n interactiva. Pero se observa que, en general, esta comunicaci\u00f3n no se produce, ya que los pol\u00edticos se limitan simplemente a volcar informaci\u00f3n en la red, descartando y dejando de lado la opini\u00f3n de la ciudadan\u00eda. Castells afirma que el problema no es de internet sino que el problema es del sistema pol\u00edtico. \u201c<strong>Hay que cambiar la pol\u00edtica para cambiar internet y, entonces, el uso pol\u00edtico de internet puede revertir en un cambio de la pol\u00edtica misma<\/strong>\u201d. (Castells, M. 2001: Internet y la Sociedad Red).<\/span><\/p>\n<p><span style=\"font-weight: 400;\">Pol\u00edticos y candidatos participan en el ciberespacio con el objetivo de acercarse a su electorado, muchas veces generando efectos negativos en la comunicaci\u00f3n por no contar con una estrategia clara. Cada red social tiene su lenguaje propio y su propia din\u00e1mica de funcionamiento. Es importante conocer en profundidad a nuestro p\u00fablico, a nuestros seguidores y a nuestros po<\/span><span style=\"font-weight: 400;\">tenciales votantes con el objetivo de poder segmentar y crear conversaciones que generen impacto.<\/span><\/p>\n<p style=\"text-align: right;\"><em>Comparte este art\u00edculo en <a href=\"https:\/\/twitter.com\/intent\/tweet?text=Pol%C3%ADtica+y+ciudadan%C3%ADa:+El+poder+de+las+TIC+por+@matiservedia+en+@rrycia+%F0%9F%91%89+%20http:\/\/bit.ly\/2zm9D6k\">Twitter<\/a> haciendo <a href=\"https:\/\/twitter.com\/intent\/tweet?text=Pol%C3%ADtica+y+ciudadan%C3%ADa:+El+poder+de+las+TIC+por+@matiservedia+en+@rrycia+%F0%9F%91%89+%20http:\/\/bit.ly\/2zm9D6k\">clic aqu\u00ed<\/a><\/em><\/p>\n<p><b>\u00bfQu\u00e9 debemos tener en cuenta al momento de comenzar la gesti\u00f3n de la comunicaci\u00f3n para un pol\u00edtico o gobierno en internet?<\/b><\/p>\n<p><span style=\"font-weight: 400;\">En primer lugar, realizar una evaluaci\u00f3n de nuestro p\u00fablico. Existen herramientas que nos indican edad, g\u00e9nero, ubicaci\u00f3n, intereses y hasta los horarios en los cuales se conectan los usuarios a las distintas plataformas sociales.<\/span><\/p>\n<p><span style=\"font-weight: 400;\">En segundo lugar, estudiar en profundidad los medios que vamos a utilizar para la comunicaci\u00f3n. Los medios var\u00edan su lenguaje y sus recursos seg\u00fan la plataforma. Repetir una misma publicaci\u00f3n en distintas redes es un error. Los usuarios de Instagram no buscan lo mismo cuando navegan en Facebook. El reto est\u00e1 en adaptarnos a cada plataforma con publicaciones atractivas, que impacten y generen emociones.<\/span><\/p>\n<p>Los internautas est\u00e1n atentos y no perdonan errores. Crean contenidos que apuntan a la diversi\u00f3n y depender\u00e1 de la estrategia que utilicemos si queremos aprovecharlos y ganar posicionamiento, o enfadarnos y seguir fuera de la conversaci\u00f3n.<\/p>\n Tweet del presidente de Argentina Mauricio Macri que gener\u00f3 una respuesta negativa por parte de un usuario de la red social.\n<figure id=\"attachment_22463\" aria-describedby=\"caption-attachment-22463\" style=\"width: 498px\" class=\"wp-caption alignnone\"><img loading=\"lazy\" decoding=\"async\" class=\"wp-image-22463 size-full\" src=\"https:\/\/www.ramonramon.org\/blog\/wp-content\/uploads\/vargas-lleras-ejemplo-e1509141720617.png\" alt=\"Facebook Germ\u00e1n Vargas Lleras\" width=\"498\" height=\"583\" srcset=\"https:\/\/ramonramon.org\/blog\/wp-content\/uploads\/vargas-lleras-ejemplo-e1509141720617.png 498w, https:\/\/ramonramon.org\/blog\/wp-content\/uploads\/vargas-lleras-ejemplo-e1509141720617-120x141.png 120w\" sizes=\"auto, (max-width: 498px) 100vw, 498px\" \/><figcaption id=\"caption-attachment-22463\" class=\"wp-caption-text\">Germ\u00e1n Vargas Lleras, Ex Vicepresidente de la Rep\u00fablica de Colombia, utiliz\u00f3 de manera positiva una imagen que circulaba en las redes con el objetivo de ridiculizarlo.<\/figcaption><\/figure>\n<p><span style=\"font-weight: 400;\">Un ejemplo de plataformas bien utilizadas es el que practica el partido \u201cPodemos\u201d en Espa\u00f1a. Utilizan mensajes concretos, con dise\u00f1os simples y conectan las acciones <em>online<\/em> con las <em>offline<\/em>.<\/span><\/p>\n<figure id=\"attachment_22464\" aria-describedby=\"caption-attachment-22464\" style=\"width: 502px\" class=\"wp-caption alignnone\"><img loading=\"lazy\" decoding=\"async\" class=\"wp-image-22464\" src=\"https:\/\/www.ramonramon.org\/blog\/wp-content\/uploads\/INSTAGRAM-PODEMOS.png\" alt=\"Instagram de Podemos\" width=\"502\" height=\"501\" srcset=\"https:\/\/ramonramon.org\/blog\/wp-content\/uploads\/INSTAGRAM-PODEMOS.png 594w, https:\/\/ramonramon.org\/blog\/wp-content\/uploads\/INSTAGRAM-PODEMOS-141x141.png 141w\" sizes=\"auto, (max-width: 502px) 100vw, 502px\" \/><figcaption id=\"caption-attachment-22464\" class=\"wp-caption-text\">Publicaci\u00f3n en Instagram www.instagram.com\/ahorapodemos<\/figcaption><\/figure>\n<p><span style=\"font-weight: 400;\">En Facebook comparten videos cortos con novedades, apariciones de sus l\u00edderes en medios tradicionales y realizan transmisiones en vivo, que invitan a la participaci\u00f3n a trav\u00e9s de reacciones y comentarios.<\/span><\/p>\n<figure id=\"attachment_22465\" aria-describedby=\"caption-attachment-22465\" style=\"width: 498px\" class=\"wp-caption alignnone\"><img loading=\"lazy\" decoding=\"async\" class=\"wp-image-22465 size-full\" src=\"https:\/\/www.ramonramon.org\/blog\/wp-content\/uploads\/facebook-podemos.png\" alt=\"Facebook de Podemos\" width=\"498\" height=\"534\" srcset=\"https:\/\/ramonramon.org\/blog\/wp-content\/uploads\/facebook-podemos.png 498w, https:\/\/ramonramon.org\/blog\/wp-content\/uploads\/facebook-podemos-131x141.png 131w\" sizes=\"auto, (max-width: 498px) 100vw, 498px\" \/><figcaption id=\"caption-attachment-22465\" class=\"wp-caption-text\"><br \/> Publicaci\u00f3n en Facebook www.facebook.com\/ahorapodemos<\/figcaption><\/figure>\n<figure id=\"attachment_22466\" aria-describedby=\"caption-attachment-22466\" style=\"width: 587px\" class=\"wp-caption alignnone\"><img loading=\"lazy\" decoding=\"async\" class=\"wp-image-22466 size-full\" src=\"https:\/\/www.ramonramon.org\/blog\/wp-content\/uploads\/Twitter-podemos.png\" alt=\"Twitter de pODEMOS\" width=\"587\" height=\"390\" srcset=\"https:\/\/ramonramon.org\/blog\/wp-content\/uploads\/Twitter-podemos.png 587w, https:\/\/ramonramon.org\/blog\/wp-content\/uploads\/Twitter-podemos-212x141.png 212w, https:\/\/ramonramon.org\/blog\/wp-content\/uploads\/Twitter-podemos-360x240.png 360w\" sizes=\"auto, (max-width: 587px) 100vw, 587px\" \/><figcaption id=\"caption-attachment-22466\" class=\"wp-caption-text\">Publicaci\u00f3n en Twitter https:\/\/twitter.com\/ahorapodemos<\/figcaption><\/figure>\n<p><span style=\"font-weight: 400;\">La comunicaci\u00f3n pol\u00edtica en los nuevos medios no tiene que asemejarse a la propaganda ni a la publicidad. Los nuevos dirigentes deben necesariamente dialogar si desean aprovechar internet para hacer pol\u00edtica. Los mon\u00f3logos extensos no tienen adeptos ni sentido en este nuevo paradigma de la comunicaci\u00f3n. Estar en la red supone estar abiertos a una instancia de conversaci\u00f3n y dar lugar al di\u00e1logo. En este sentido, es necesario responder siempre a preguntas y comentarios que usuarios de las distintas plataformas presentan. Es preciso entender que no solamente encontraremos publicaciones de adherentes y simpatizantes sino tambi\u00e9n de opositores. Lo importante es utilizar los medios como una instancia de debate de los temas p\u00fablicos. Si logramos esto, si entramos verdaderamente en la l\u00f3gica de la conversaci\u00f3n, muy probablemente se alcance un \u00e9xito natural, por s\u00ed s\u00f3lo, un voz a voz que circula por cuenta propia. No se trata ya de lanzar slogans o consignas, sino de compartir, hablar, aportar datos de inter\u00e9s y, sobre todo, escuchar.<\/span><\/p>\n<p><span style=\"font-weight: 400;\">La comunicaci\u00f3n pol\u00edtica en redes sociales requiere mucho m\u00e1s que la simple apertura de un perfil, una p\u00e1gina de Facebook o una cuenta en Twitter. Se necesitan objetivos claros, una estrategia de comunicaci\u00f3n bien pensada y estar predispuestos a entender que necesariamente necesitamos escuchar para poder construir y crear v\u00ednculos. El potencial de las TIC, bien gestionadas y utilizadas, es inmenso.<\/span><\/p>\n","protected":false},"excerpt":{"rendered":"<p>Las Tecnolog\u00edas de la Informaci\u00f3n y la Comunicaci\u00f3n (TIC) cambiaron nuestra manera de consumir y compartir informaci\u00f3n. Los dispositivos m\u00f3viles, como celulares y tabletas, ganan terreno entre los ciudadanos y la informaci\u00f3n se viraliza r\u00e1pidamente. En este sentido, como usuarios abandonamos la pasividad del circuito cl\u00e1sico emisor-receptor y podemos ahora generar contenido, modificarlo y entrar&hellip;&nbsp;<a href=\"https:\/\/ramonramon.org\/blog\/2017\/10\/31\/politica-y-ciudadania\/\" rel=\"bookmark\">Leer m\u00e1s &raquo;<span class=\"screen-reader-text\">Pol\u00edtica y ciudadan\u00eda: el poder de las TIC<\/span><\/a><\/p>\n","protected":false},"author":2263,"featured_media":0,"comment_status":"open","ping_status":"open","sticky":false,"template":"","format":"standard","meta":{"neve_meta_sidebar":"","neve_meta_container":"","neve_meta_enable_content_width":"","neve_meta_content_width":0,"neve_meta_title_alignment":"","neve_meta_author_avatar":"","neve_post_elements_order":"","neve_meta_disable_header":"","neve_meta_disable_footer":"","neve_meta_disable_title":"","footnotes":""},"categories":[2008,8,24],"tags":[1806],"class_list":["post-22460","post","type-post","status-publish","format-standard","hentry","category-comunicacion","category-elecciones","category-redes-sociales","tag-comunicacion-politica"],"aioseo_notices":[],"_links":{"self":[{"href":"https:\/\/ramonramon.org\/blog\/wp-json\/wp\/v2\/posts\/22460","targetHints":{"allow":["GET"]}}],"collection":[{"href":"https:\/\/ramonramon.org\/blog\/wp-json\/wp\/v2\/posts"}],"about":[{"href":"https:\/\/ramonramon.org\/blog\/wp-json\/wp\/v2\/types\/post"}],"author":[{"embeddable":true,"href":"https:\/\/ramonramon.org\/blog\/wp-json\/wp\/v2\/users\/2263"}],"replies":[{"embeddable":true,"href":"https:\/\/ramonramon.org\/blog\/wp-json\/wp\/v2\/comments?post=22460"}],"version-history":[{"count":0,"href":"https:\/\/ramonramon.org\/blog\/wp-json\/wp\/v2\/posts\/22460\/revisions"}],"wp:attachment":[{"href":"https:\/\/ramonramon.org\/blog\/wp-json\/wp\/v2\/media?parent=22460"}],"wp:term":[{"taxonomy":"category","embeddable":true,"href":"https:\/\/ramonramon.org\/blog\/wp-json\/wp\/v2\/categories?post=22460"},{"taxonomy":"post_tag","embeddable":true,"href":"https:\/\/ramonramon.org\/blog\/wp-json\/wp\/v2\/tags?post=22460"}],"curies":[{"name":"wp","href":"https:\/\/api.w.org\/{rel}","templated":true}]}}