{"id":22335,"date":"2017-07-17T08:00:54","date_gmt":"2017-07-17T13:00:54","guid":{"rendered":"https:\/\/www.ramonramon.org\/blog\/?p=22335"},"modified":"2018-06-22T12:11:51","modified_gmt":"2018-06-22T17:11:51","slug":"los-millennials-las-emociones-la-forma-politica","status":"publish","type":"post","link":"https:\/\/ramonramon.org\/blog\/2017\/07\/17\/los-millennials-las-emociones-la-forma-politica\/","title":{"rendered":"Los millennials, las emociones y la forma de hacer pol\u00edtica"},"content":{"rendered":"<figure id=\"attachment_22336\" aria-describedby=\"caption-attachment-22336\" style=\"width: 850px\" class=\"wp-caption alignnone\"><img loading=\"lazy\" decoding=\"async\" class=\"wp-image-22336 size-medium\" src=\"https:\/\/www.ramonramon.org\/blog\/wp-content\/uploads\/Millenial-Consumer-850x478.jpg\" alt=\"\" width=\"850\" height=\"478\" \/><figcaption id=\"caption-attachment-22336\" class=\"wp-caption-text\">[Photo credit: <a href=\"http:\/\/www.opticiantraining.org\/\">Optician Training<\/a>]<\/figcaption><\/figure>\n<p align=\"justify\">Las Tecnolog\u00edas de la Informaci\u00f3n y la Comunicaci\u00f3n ya no son medios ajenos a la propia naturaleza de los v\u00ednculos sociales, como antes se pensaba. Ahora las y los usuarios compartimos en las plataformas digitales casi todo sobre lo que vivimos d\u00eda a d\u00eda. De tal forma que podemos ver mensajes cargados de emociones y experiencias.<\/p>\n<p align=\"justify\">La <a href=\"https:\/\/www.ramonramon.org\/blog\/2017\/06\/22\/la-piedra-rosetta-los-tres-idiomas-comunicar-una-campana-politica\/\">comunicaci\u00f3n pol\u00edtica ha cambiado<\/a> tambi\u00e9n en funci\u00f3n de lo que esperan recibir las y los usuarios, cada vez m\u00e1s exigentes y cr\u00edticos. No todos son <i>mille<\/i><i>n<\/i><i>nials<\/i>, cierto, sin embargo por la gran demanda de este sector usuario, mucho de lo qu\u00e9 se comunica y c\u00f3mo se comunica gira en torno a la inmediatez de la informaci\u00f3n y la intensa actividad de la poblaci\u00f3n activa tecnol\u00f3gicamente hablando.<\/p>\n<p align=\"justify\">Para construir una buena estrategia de comunicaci\u00f3n en materia pol\u00edtica, los representantes populares y\/o los aspirantes deben ponderar los mensajes que generen empat\u00eda con las emociones y deseos de los seguidores, un poco m\u00e1s all\u00e1 de s\u00f3lo las necesidades. De nada sirve ya una comunicaci\u00f3n unidireccional en donde no se escuche ni atienda los mensajes de quienes se toman unos segundos para recibir la informaci\u00f3n que comunican y m\u00e1s a\u00fan, de responder o replicar lo que se les ofrece.<\/p>\n<p align=\"justify\">Se calcula que en M\u00e9xico existen aproximadamente 46 millones de <i>millen<\/i><i>n<\/i><i>ials<\/i>, de entre 15 a 34 a\u00f1os, aunque no existe un dato preciso del rango de edad para algunos especialistas el l\u00edmite m\u00e1ximo son los 38 a\u00f1os, es decir todos aquellos que nacimos despu\u00e9s de 1980 y que somos nativos de la Era Digital. Lo que nos convierte en un universo de personas conectadas de manera virtual a muchas formas de comunicaci\u00f3n y fuentes de informaci\u00f3n instant\u00e1nea, que va desde la mensajer\u00eda hasta las redes sociales, conectadas principalmente desde las vivencias personales.<\/p>\n<p align=\"justify\">Diariamente, millones de usuarias y usuarios de la tecnolog\u00eda buscan en cualquier medio tecnol\u00f3gico la soluci\u00f3n a una necesidad, desde buscar empleo hasta encontrar pareja. Los temas de la pol\u00edtica no son la excepci\u00f3n. Tampoco se trata de reducir todo a un mensaje con palabras \u201cbonitas\u201d, una buena estrategia de comunicaci\u00f3n debe tener sustento en hechos reales y lograr un impactar profundamente en qui\u00e9n recibe el mensaje.<\/p>\n<p align=\"justify\">Los <a href=\"https:\/\/www.ramonramon.org\/blog\/2017\/05\/08\/la-comunicacion-politica-tiempos-tecnologicos-paradoja-parece-no-fin-2\/\">pol\u00edticos<\/a> de ahora deben tener la plena convicci\u00f3n de atender las demandas de los ciudadanos y usuarios que le siguen en sus plataformas digitales, contar con la sensibilidad para entender que antes de cualquier medio de noticias, est\u00e1n los ojos de millones de personas que en dos segundos pueden echar abajo toda una estrategia de comunicaci\u00f3n.<\/p>\n<p align=\"justify\">Ante la inmediatez de la informaci\u00f3n y las altas expectativas de los j\u00f3venes que nacieron \u2013 nacimos \u2013 con el milenio, una buena <a href=\"https:\/\/www.ramonramon.org\/blog\/2017\/07\/11\/lo-viral-ya-no-garantiza-exito-capitalizar-conocimiento-votos\/\">campa\u00f1a pol\u00edtico-electoral<\/a> debe tener sus fundamentos en elementos clave:<\/p>\n<ul>\n<li>\n<p align=\"justify\">Contar con un equipo altamente calificado y experimentado, capaz de contener y minimizar los da\u00f1os a la imagen de la figura pol\u00edtica o la instituci\u00f3n que le promueve. Sabemos que para muchas figuras pol\u00edticas es una tarea tit\u00e1nica responder cada uno de los mensajes y comentarios por la gran cantidad que reciben, por lo anterior es fundamental contar con una persona al frente que tenga la sensibilidad de entender y responder con pulcritud a las demandas de comunicaci\u00f3n.<\/p>\n<\/li>\n<li>\n<p align=\"justify\">Una estrategia de contenidos basada en las emociones, soluciones reales viables, efectivas y que puedan ser tangibles. De nada sirve ya lanzar mensajes \u201cpositivos\u201d y promesas de campa\u00f1a, las palabras se las lleva el viento pero el internet es para siempre. Si en campa\u00f1a se realizan planteamientos el pol\u00edtico debe tener el compromiso de cumplir o, la sociedad y los usuarios se lo reclamar\u00e1n severamente.<\/p>\n<\/li>\n<li>\n<p align=\"justify\">Ejes de acci\u00f3n con una estructura incluyente. Debemos apostar por la integraci\u00f3n del mayor n\u00famero de personas al mensaje central, de tal forma que las estrategias y mensajes que discriminen o segreguen a un sector de la poblaci\u00f3n est\u00e1n condenados al fracaso. La cultura pol\u00edtica debe considerar el respeto pleno de los derechos de todas y todos, sin caer en la hipocres\u00eda, las personas que aspiren a gobernar o legislar desde cualquier nivel de gobierno deben entender que sus ideolog\u00edas personales y ego\u00edstas no tienen cabida en el \u00e1mbito p\u00fablico. Gobernar\u00e1n o legislar\u00e1n para millones de personas, no para unas cuantas.<\/p>\n<\/li>\n<\/ul>\n<p align=\"justify\">M\u00e1s all\u00e1 de creencias religiosas, ideolog\u00edas de izquierda o de derecha, aspiraciones econ\u00f3micas o de negocio, la democracia de nuestros d\u00edas debe concebirse como una forma de construir una sociedad m\u00e1s justa, mejor informada y sobre todo m\u00e1s humana. De esto pueden decirnos mucho los <i>millen<\/i><i>n<\/i><i>ials<\/i> que diariamente documentan sus <a href=\"https:\/\/www.ramonramon.org\/blog\/2017\/06\/28\/descubriendo-feeling-aprendiendo-las-cosas-corazon\/\">emociones<\/a>, demandas y aspiraciones.<\/p>\n<p align=\"justify\">S\u00ed, podemos aprender mucho de los <i>millen<\/i><i>n<\/i><i>ials<\/i> si logramos ver m\u00e1s all\u00e1 de los mensajes de insatisfacci\u00f3n o s\u00e1tira. Hasta en los <i>memes<\/i> y chistes existe una gran cantidad de contenidos que nos dan luz si dejamos de subestimar a este sector de la poblaci\u00f3n. Recordemos que muchos son electores o lo ser\u00e1n en los pr\u00f3ximos a\u00f1os, si no volteamos a darles atenci\u00f3n corremos el riesgo de perder la oportunidad de conocerles mejor y llevarnos una muy grata sorpresa.<\/p>\n","protected":false},"excerpt":{"rendered":"<p>Las Tecnolog\u00edas de la Informaci\u00f3n y la Comunicaci\u00f3n ya no son medios ajenos a la propia naturaleza de los v\u00ednculos sociales, como antes se pensaba. Ahora las y los usuarios compartimos en las plataformas digitales casi todo sobre lo que vivimos d\u00eda a d\u00eda. De tal forma que podemos ver mensajes cargados de emociones y&hellip;&nbsp;<a href=\"https:\/\/ramonramon.org\/blog\/2017\/07\/17\/los-millennials-las-emociones-la-forma-politica\/\" rel=\"bookmark\">Leer m\u00e1s &raquo;<span class=\"screen-reader-text\">Los millennials, las emociones y la forma de hacer pol\u00edtica<\/span><\/a><\/p>\n","protected":false},"author":2255,"featured_media":22336,"comment_status":"open","ping_status":"open","sticky":false,"template":"","format":"standard","meta":{"neve_meta_sidebar":"","neve_meta_container":"","neve_meta_enable_content_width":"","neve_meta_content_width":0,"neve_meta_title_alignment":"","neve_meta_author_avatar":"","neve_post_elements_order":"","neve_meta_disable_header":"","neve_meta_disable_footer":"","neve_meta_disable_title":"","footnotes":""},"categories":[2008,8,24],"tags":[1806,259,2001,787],"class_list":["post-22335","post","type-post","status-publish","format-standard","has-post-thumbnail","hentry","category-comunicacion","category-elecciones","category-redes-sociales","tag-comunicacion-politica","tag-democracia","tag-redes-sociales","tag-twitter"],"aioseo_notices":[],"_links":{"self":[{"href":"https:\/\/ramonramon.org\/blog\/wp-json\/wp\/v2\/posts\/22335","targetHints":{"allow":["GET"]}}],"collection":[{"href":"https:\/\/ramonramon.org\/blog\/wp-json\/wp\/v2\/posts"}],"about":[{"href":"https:\/\/ramonramon.org\/blog\/wp-json\/wp\/v2\/types\/post"}],"author":[{"embeddable":true,"href":"https:\/\/ramonramon.org\/blog\/wp-json\/wp\/v2\/users\/2255"}],"replies":[{"embeddable":true,"href":"https:\/\/ramonramon.org\/blog\/wp-json\/wp\/v2\/comments?post=22335"}],"version-history":[{"count":0,"href":"https:\/\/ramonramon.org\/blog\/wp-json\/wp\/v2\/posts\/22335\/revisions"}],"wp:featuredmedia":[{"embeddable":true,"href":"https:\/\/ramonramon.org\/blog\/wp-json\/wp\/v2\/media\/22336"}],"wp:attachment":[{"href":"https:\/\/ramonramon.org\/blog\/wp-json\/wp\/v2\/media?parent=22335"}],"wp:term":[{"taxonomy":"category","embeddable":true,"href":"https:\/\/ramonramon.org\/blog\/wp-json\/wp\/v2\/categories?post=22335"},{"taxonomy":"post_tag","embeddable":true,"href":"https:\/\/ramonramon.org\/blog\/wp-json\/wp\/v2\/tags?post=22335"}],"curies":[{"name":"wp","href":"https:\/\/api.w.org\/{rel}","templated":true}]}}