{"id":21455,"date":"2016-09-02T13:00:12","date_gmt":"2016-09-02T11:00:12","guid":{"rendered":"https:\/\/www.ramonramon.org\/blog\/?p=21455"},"modified":"2020-11-23T10:07:25","modified_gmt":"2020-11-23T09:07:25","slug":"curso-la-cepal-oea-gobierno-digital-la-del-gobiernoabierto","status":"publish","type":"post","link":"https:\/\/ramonramon.org\/blog\/2016\/09\/02\/curso-la-cepal-oea-gobierno-digital-la-del-gobiernoabierto\/","title":{"rendered":"Curso de la CEPAL y OEA: Gobierno Digital en la era del #GobiernoAbierto"},"content":{"rendered":"<h3 style=\"text-align: justify;\">Este pr\u00f3ximo 4 de septiembre finaliza el periodo para <a href=\"http:\/\/sigcaportal.cepal.org\/portalController.do;jsessionid=AEFFDA30B4AAD7F366D87244E3453091\">postular<\/a> al Curso semipresencial de <strong>Gobierno Digital en la era del Gobierno Abierto<\/strong> de la CEPAL y OEA.<\/h3>\n<p style=\"text-align: justify;\">Este curso que se celebra durante <strong>3 semanas<\/strong>, dos de ellas online (a trav\u00e9s del Campus Virtual de la OEA\/DGPE entre los d\u00edas <strong>12 al 23 de septiembre de 2016<\/strong>) y la tercera de forma presencial en la Sub-sede de la CEPAL en M\u00e9xico DF (entre los d\u00edas <strong>3 al 7 de octubre de 2016<\/strong>), est\u00e1 avalado por la Organizaci\u00f3n de los Estados Americanos (<strong>OEA<\/strong>) y la Comisi\u00f3n Econ\u00f3mica para Am\u00e9rica <a href=\"https:\/\/www.ramonramon.org\/blog\/wp-content\/uploads\/CEPAL_oea-e1472813407991.jpg\"><img loading=\"lazy\" decoding=\"async\" class=\"alignright wp-image-21460\" src=\"https:\/\/www.ramonramon.org\/blog\/wp-content\/uploads\/CEPAL_oea-e1472813407991.jpg\" alt=\"gobierno abierto\" width=\"272\" height=\"272\" srcset=\"https:\/\/ramonramon.org\/blog\/wp-content\/uploads\/CEPAL_oea-e1472813407991.jpg 400w, https:\/\/ramonramon.org\/blog\/wp-content\/uploads\/CEPAL_oea-e1472813407991-141x141.jpg 141w\" sizes=\"auto, (max-width: 272px) 100vw, 272px\" \/><\/a>Latina y el Caribe (<strong>CEPAL<\/strong>) de Naciones Unidas. Tiene una duraci\u00f3n equivalente a <strong>60 horas<\/strong> did\u00e1cticas, 20 horas virtuales y 40 horas presenciales.<\/p>\n<p style=\"text-align: justify;\">Como en <a href=\"https:\/\/www.ramonramon.org\/blog\/tag\/cepal\/\">anteriores convocatorias y cursos relacionados<\/a>, me siento muy honrado de ser parte del profesorado del mismo, agradeci\u00e9ndoles a las <a href=\"https:\/\/twitter.com\/FormacionOEA\/status\/771417272581758977\">compa\u00f1eras de Formaci\u00f3n de la OEA y de ILPES la confianza depositada en m\u00ed<\/a>.<\/p>\n<p style=\"text-align: justify;\">Es, como todos los alumnos que han pasado por el curso as\u00ed indican, una magn\u00edfica oportunidad para conocer las oportunidades que brindan las pol\u00edticas de <a href=\"https:\/\/www.ramonramon.org\/blog\/tag\/gobierno-abierto\/\">Gobierno Abierto<\/a> para la ciudadan\u00eda y las administraciones p\u00fablicas.<\/p>\n<blockquote>\n<p style=\"text-align: justify;\">El curso est\u00e1 orientado a profesionales provenientes de los gobiernos de la regi\u00f3n, en el tramo alto de su carrera funcionaria, y con responsabilidades en la formulaci\u00f3n estrat\u00e9gica, ejecuci\u00f3n y control de planes de gobierno electr\u00f3nico, planes de acci\u00f3n de gobierno abierto y programas de modernizaci\u00f3n de la gesti\u00f3n p\u00fablica en el marco de agendas o estrategias digitales, gobiernos en l\u00ednea, gobiernos electr\u00f3nicos locales, o cualquier tarea relacionada con la aplicaci\u00f3n de las TIC en el sector p\u00fablico. Tambi\u00e9n podr\u00e1n postular personas pertenecientes a organizaciones de la sociedad civil, ONGs, academia o ciudadanos que deseen fortalecer sus capacidades en estas materias.<\/p>\n<\/blockquote>\n<p>De hecho, los alumnos del \u00faltimo curso nos compart\u00edan sus impresiones con expresiones como:<\/p>\n<blockquote><p>\u00abUna experiencia enriquecedora y motivadora. Poco f\u00e1cil pero muy \u00fatil. Interdisciplinaria, Transversal. Intergeneracional.<br \/>\nEncuentras: Humor, Generosidad, Empat\u00eda, Flexibilidad, Amistad, Hermandad<\/p>\n<p>Te llevas: preguntas e inquietudes, un v\u00ednculo establecido para que siempre puedas volver! \u00ab<\/p><\/blockquote>\n<p>Como indico, este pr\u00f3ximo <a href=\"http:\/\/www.cepal.org\/es\/cursos\/gobierno-digital-la-era-gobierno-abierto-0\">4 de septiembre se cierra el plazo para poder postular al curso<\/a>, por lo que a\u00fan tienes oportunidad de participar en el mismo.<\/p>\n<p style=\"text-align: justify;\">Qu\u00e9 se puede encontrar\/esperar de la participaci\u00f3n en este curso en cuanto a contenidos: Marco metodol\u00f3gico y conceptual de apoyo a los procesos de digitalizaci\u00f3n para aplicar en las Instituciones.<\/p>\n<ul>\n<li style=\"text-align: justify;\">las dimensiones del gobierno digital<\/li>\n<li style=\"text-align: justify;\">an\u00e1lisis estrat\u00e9gico de los principales desaf\u00edos<\/li>\n<li style=\"text-align: justify;\">dise\u00f1o e implementaci\u00f3n de proyectos digitales<\/li>\n<li style=\"text-align: justify;\">las claves de las nuevas tecnolog\u00edas y su lenguaje<\/li>\n<li style=\"text-align: justify;\">modelos, casos y buenas pr\u00e1cticas internacionales en t\u00e9cnicas de diagn\u00f3stico de madurez de capacidades y apertura de datos<\/li>\n<li style=\"text-align: justify;\">principios y valores del gobierno abierto<\/li>\n<li style=\"text-align: justify;\">conocimientos t\u00e9cnicos b\u00e1sicos para la integraci\u00f3n y apertura de datos.<\/li>\n<li style=\"text-align: justify;\">trabajo equipo, calidez humana y un mont\u00f3n de compa\u00f1er@s por todos los pa\u00edses de la Regi\u00f3n con ganas de colaborar y abrir las administraciones p\u00fablicas.<\/li>\n<\/ul>\n","protected":false},"excerpt":{"rendered":"<p>Este pr\u00f3ximo 4 de septiembre finaliza el periodo para postular al Curso semipresencial de Gobierno Digital en la era del Gobierno Abierto de la CEPAL y OEA. Este curso que se celebra durante 3 semanas, dos de ellas online (a trav\u00e9s del Campus Virtual de la OEA\/DGPE entre los d\u00edas 12 al 23 de septiembre&hellip;&nbsp;<a href=\"https:\/\/ramonramon.org\/blog\/2016\/09\/02\/curso-la-cepal-oea-gobierno-digital-la-del-gobiernoabierto\/\" rel=\"bookmark\">Leer m\u00e1s &raquo;<span class=\"screen-reader-text\">Curso de la CEPAL y OEA: Gobierno Digital en la era del #GobiernoAbierto<\/span><\/a><\/p>\n","protected":false},"author":2070,"featured_media":28734,"comment_status":"open","ping_status":"open","sticky":false,"template":"","format":"standard","meta":{"neve_meta_sidebar":"","neve_meta_container":"","neve_meta_enable_content_width":"","neve_meta_content_width":0,"neve_meta_title_alignment":"","neve_meta_author_avatar":"","neve_post_elements_order":"","neve_meta_disable_header":"","neve_meta_disable_footer":"","neve_meta_disable_title":"","footnotes":""},"categories":[2009],"tags":[1970,1595,1248],"class_list":["post-21455","post","type-post","status-publish","format-standard","has-post-thumbnail","hentry","category-ogov","tag-cepal","tag-curso","tag-gobierno-abierto"],"aioseo_notices":[],"_links":{"self":[{"href":"https:\/\/ramonramon.org\/blog\/wp-json\/wp\/v2\/posts\/21455","targetHints":{"allow":["GET"]}}],"collection":[{"href":"https:\/\/ramonramon.org\/blog\/wp-json\/wp\/v2\/posts"}],"about":[{"href":"https:\/\/ramonramon.org\/blog\/wp-json\/wp\/v2\/types\/post"}],"author":[{"embeddable":true,"href":"https:\/\/ramonramon.org\/blog\/wp-json\/wp\/v2\/users\/2070"}],"replies":[{"embeddable":true,"href":"https:\/\/ramonramon.org\/blog\/wp-json\/wp\/v2\/comments?post=21455"}],"version-history":[{"count":0,"href":"https:\/\/ramonramon.org\/blog\/wp-json\/wp\/v2\/posts\/21455\/revisions"}],"wp:featuredmedia":[{"embeddable":true,"href":"https:\/\/ramonramon.org\/blog\/wp-json\/wp\/v2\/media\/28734"}],"wp:attachment":[{"href":"https:\/\/ramonramon.org\/blog\/wp-json\/wp\/v2\/media?parent=21455"}],"wp:term":[{"taxonomy":"category","embeddable":true,"href":"https:\/\/ramonramon.org\/blog\/wp-json\/wp\/v2\/categories?post=21455"},{"taxonomy":"post_tag","embeddable":true,"href":"https:\/\/ramonramon.org\/blog\/wp-json\/wp\/v2\/tags?post=21455"}],"curies":[{"name":"wp","href":"https:\/\/api.w.org\/{rel}","templated":true}]}}