{"id":21366,"date":"2016-07-19T03:56:22","date_gmt":"2016-07-19T01:56:22","guid":{"rendered":"https:\/\/www.ramonramon.org\/blog\/?p=21366"},"modified":"2023-01-22T13:25:44","modified_gmt":"2023-01-22T12:25:44","slug":"software-libre-destruye-empleo","status":"publish","type":"post","link":"https:\/\/ramonramon.org\/blog\/2016\/07\/19\/software-libre-destruye-empleo\/","title":{"rendered":"El software libre destruye empleo"},"content":{"rendered":"<p style=\"text-align: justify;\">\u00abCon la creaci\u00f3n de leyes que protejan la soberan\u00eda tecnol\u00f3gica y por lo tanto que fomenten el software libre se puede destruir empleo local\u00bb, <a href=\"https:\/\/www.ramonramon.org\/blog\/2014\/10\/03\/el-software-libre-es-solo-para-paises-ricos-o-para-momentos-de-bonanza-economica-y-despilfarro\/\">otra de las afirmaciones con las que nos intentan enga\u00f1ar<\/a>. Esta es la aberraci\u00f3n con la que me encontr\u00e9 <a href=\"https:\/\/www.ramonramon.org\/blog\/2016\/07\/07\/nueva-mision-nuevo-pais-ecuador\/\">al llegar a Ecuador.<\/a><\/p>\n<p style=\"text-align: justify;\">En Ecuador tras la aprobaci\u00f3n del <strong>decreto presidencial 1014<\/strong> y comenz\u00f3 con <a href=\"https:\/\/www.ramonramon.org\/blog\/2011\/12\/10\/ecuador-soberania-tecnologica-y-software-libre\/\">grandes progresos<\/a>, pronto \u00ab<em>creada la ley creada la trampa<\/em>\u00bb y el poderoso lobby de la industria privativa fue disminuyendo los grandes avances as\u00ed como silenciando mediante el <a href=\"https:\/\/www.ramonramon.org\/blog\/2013\/02\/23\/ecuador-la-posible-traicion-a-la-revolucion-ciudadana-y-la-voluntad-de-solucionarlo\/\">correspondiente trabajo de lobbies que se acabara con tan importante avance<\/a>, teniendo a\u00fan la oportunidad de ser referentes mundiales.<\/p>\n<p style=\"text-align: justify;\"><a href=\"https:\/\/www.ramonramon.org\/blog\/wp-content\/uploads\/ingenios_1.jpg\"><img loading=\"lazy\" decoding=\"async\" class=\"wp-image-21377 alignleft\" src=\"https:\/\/www.ramonramon.org\/blog\/wp-content\/uploads\/ingenios_1.jpg\" alt=\"Codigo Ingenios\" width=\"449\" height=\"259\" srcset=\"https:\/\/ramonramon.org\/blog\/wp-content\/uploads\/ingenios_1.jpg 558w, https:\/\/ramonramon.org\/blog\/wp-content\/uploads\/ingenios_1-244x141.jpg 244w\" sizes=\"auto, (max-width: 449px) 100vw, 449px\" \/><\/a>Por eso, el <span dir=\"auto\">C\u00f3digo Org\u00e1nico de Econom\u00eda Social del Conocimiento e Innovaci\u00f3n o tambi\u00e9n denominado <strong>C\u00f3digo Ingenios<\/strong>, que se est\u00e1<strong> convirtiendo en un ejemplo internacional<\/strong><\/span>, y que se mire por donde se mire, solo aporta significativos beneficios para la Sociedad ecuatoriana:<\/p>\n<ul>\n<li><a href=\"http:\/\/www.propiedadintelectual.gob.ec\/codigo-ingenios-punto-de-partida-para-hacer-del-conocimiento-una-politica-de-estado\/\">C\u00f3digo Ingenios, punto de partida para hacer del conocimiento una pol\u00edtica de Estado<\/a><\/li>\n<li id=\"page-title\" class=\"title\"><a href=\"http:\/\/www.andes.info.ec\/es\/noticias\/codigo-ingenios-proyecto-ley-pensado-talento-humano.html-0\">C\u00f3digo INGENIOS, un proyecto de ley pensado por y para el talento humano<\/a><\/li>\n<li class=\"title\"><span id=\"ctrlcopy\"><\/span>Salir de la esclavitud que significa la ignorancia. El conocimiento es libertas, es justica<\/li>\n<\/ul>\n<p style=\"text-align: justify;\">pretende retomar la senda de la generaci\u00f3n de riqueza y empleo mediante el Conocimiento y la <a href=\"https:\/\/www.ramonramon.org\/blog\/2012\/06\/12\/soberania-tecnologica-vs-neutralidad\/\">Soberan\u00eda Tecnol\u00f3gica<\/a>.\u00a0 Por si fuera poco todo ello, impresiona tambi\u00e9n como en la redacci\u00f3n del C\u00f3digo Ingenios se ha trabajado de forma colaborativa y abierta, habiendo participado casi 40.000 ecuatorianos.\u00a0 Mientras, y de forma paralela, con pocos recursos y con mucho coraz\u00f3n, tambi\u00e9n se siguen liberando los ministerios, aqu\u00ed el avance del mismo.<\/p>\n<p style=\"text-align: justify;\">Claro, las transnacionales para no perder su gran negocio: revender una y otra vez lo ya construido, y seguir manteniendo un modelo de negocio que se basa en ocultar el conocimiento no les gusta la idea.\u00a0 De igual manera, los revendedores locales, aquellos que se quedan con una \u00ednfima parte de todas las divisas que salen del pa\u00eds tambi\u00e9n intentan seguir manteniendo el injusto modelo econ\u00f3mico, que no productivo.\u00a0 Si algo tengo claro: <a href=\"https:\/\/www.ramonramon.org\/blog\/2014\/01\/09\/software-libre-la-receta-contra-la-corrupcion\/\">Software Libre, la receta contra la corrupci\u00f3n<\/a>.<\/p>\n<p style=\"text-align: justify;\">Y entre otras barbaridades se han dedicado a lo que saben hacer bien, generar FUD, desinformaci\u00f3n, usar datos inventados y asustar a pol\u00edticos, en esta ocasi\u00f3n se lanzaron con la rocambolesca idea de que si se aprobaba el C\u00f3digo Ingenios <a href=\"http:\/\/4pelagatos.com\/2016\/06\/15\/codigo-de-ingenios-15-000-empleos-menos\/\">se destruir\u00edan 15.000 empleos<\/a>.\u00a0 Justo lo opuesto a lo que ya se hab\u00eda incluso expresado por expertos internacionales, pero adem\u00e1s, algo que contradice a lo logrado en cualquier pa\u00eds:\u00a0 <a href=\"https:\/\/www.ramonramon.org\/blog\/2009\/07\/24\/asturias-y-cenatic-el-software-libre-crea-riqueza-y-empleo\/\"><strong>El software libre genera empleo de calidad y riqueza en lo local<\/strong><\/a>.<\/p>\n<p style=\"text-align: justify;\">Y digo que esas cifras son una barbaridad, ya no solo porque el software libre genera empleo, redistribuye la riqueza, genera independencia y oportunidades laborales en lo local, sino porque adem\u00e1s, ni todo el sector TIC ecuatoriano (incluyendo vendedores de hardware, maquinarias, dise\u00f1adores,&#8230;.) alcanza la cifra de 15.000 empleos.\u00a0 Tras se refutada la cifra, r\u00e1pidamente los representantes de la industria del software privativo <a href=\"https:\/\/twitter.com\/asle_ec\/status\/751219574943715328\">rebajaron las cifras a 7000<\/a> y parece que en varias ocasiones m\u00e1s siguen baj\u00e1ndola. Y aqu\u00ed algunos mitos de la industria del miedo y privativo que los compa\u00f1eros de ASLE van aclarando punto por punto.<\/p>\n<p style=\"text-align: justify;\">El \u00faltimo d\u00eda de mi estancia en Quito, y gracias a la Faculta de Ciencias Econ\u00f3micas de la <a href=\"https:\/\/www.ramonramon.org\/blog\/wp-content\/uploads\/photo210184730576005063.jpg\"><img loading=\"lazy\" decoding=\"async\" class=\"alignright wp-image-21378\" src=\"https:\/\/www.ramonramon.org\/blog\/wp-content\/uploads\/photo210184730576005063.jpg\" alt=\"soberania tecnologica\" width=\"311\" height=\"175\" srcset=\"https:\/\/ramonramon.org\/blog\/wp-content\/uploads\/photo210184730576005063.jpg 1280w, https:\/\/ramonramon.org\/blog\/wp-content\/uploads\/photo210184730576005063-250x141.jpg 250w, https:\/\/ramonramon.org\/blog\/wp-content\/uploads\/photo210184730576005063-850x478.jpg 850w, https:\/\/ramonramon.org\/blog\/wp-content\/uploads\/photo210184730576005063-1200x675.jpg 1200w\" sizes=\"auto, (max-width: 311px) 100vw, 311px\" \/><\/a>Universidad Central de Ecuador, as\u00ed como de mi anfitri\u00f3n, el admirado David Villamar, pude tener una conferencia sobre todos estos temas con alumnos de la Universidad as\u00ed como todo el que quiso. Aunque insist\u00ed en varias ocasiones, no hubo nadie de la industria privativa, o al menos no que quisiera participar en el debate.\u00a0 A\u00fan as\u00ed, durante 2 horas pudimos conversar sobre lo que significa la Soberan\u00eda Tecnol\u00f3gica y la oportunidad que para Ecuador es la Sociedad del Conocimiento. As\u00ed como:<\/p>\n<ul>\n<li><em>La <strong>soberan\u00eda tecnol\u00f3gica<\/strong> es el resultado de la <strong>libertad<\/strong>, entendida como <strong>no dominaci\u00f3n<\/strong>, de los estados frente a los poderes tecnol\u00f3gicos (ostentados por corporaciones tecnol\u00f3gicas privadas).<\/em><\/li>\n<li><em>La base de la soberan\u00eda tecnol\u00f3gica es la <strong>garant\u00eda de la ciudadan\u00eda en libertad<\/strong>, s\u00f3lo posible mediante la educaci\u00f3n (en sentido amplio y en concreto la educaci\u00f3n tecnol\u00f3gica) y la investigaci\u00f3n (la Universidad).<\/em><\/li>\n<\/ul>\n<p style=\"text-align: justify;\">Por \u00faltimo, y no menos importante, nos encontramos con la pregunta trampa de siempre, si defendemos la libertad porque imponemos el uso del software libre.\u00a0 Ante esto, yo siempre tengo la misma respuesta, libertad en casa o en la empresa privada, en las administraciones p\u00fablicas no se puede despilfarrar el dinero p\u00fablico, no se puede dejar que se deje de actuar por favorecer a todos los intereses empresariales, <a href=\"https:\/\/www.ramonramon.org\/blog\/2011\/08\/25\/software-libre\/\">Software Libre en los gobiernos, la \u00fanica opci\u00f3n. <\/a><\/p>\n<p style=\"text-align: justify;\">Y lo que es a\u00fan m\u00e1s importante:<\/p>\n<h4 style=\"text-align: right;\"><a href=\"https:\/\/www.ramonramon.org\/blog\/2015\/01\/26\/el-software-libre-es-un-compromiso-con-la-democracia\/\" rel=\"bookmark\">El software libre es un compromiso con la democracia<\/a><\/h4>\n","protected":false},"excerpt":{"rendered":"<p>\u00abCon la creaci\u00f3n de leyes que protejan la soberan\u00eda tecnol\u00f3gica y por lo tanto que fomenten el software libre se puede destruir empleo local\u00bb, otra de las afirmaciones con las que nos intentan enga\u00f1ar. Esta es la aberraci\u00f3n con la que me encontr\u00e9 al llegar a Ecuador. En Ecuador tras la aprobaci\u00f3n del decreto presidencial&hellip;&nbsp;<a href=\"https:\/\/ramonramon.org\/blog\/2016\/07\/19\/software-libre-destruye-empleo\/\" rel=\"bookmark\">Leer m\u00e1s &raquo;<span class=\"screen-reader-text\">El software libre destruye empleo<\/span><\/a><\/p>\n","protected":false},"author":2070,"featured_media":0,"comment_status":"open","ping_status":"open","sticky":false,"template":"","format":"standard","meta":{"neve_meta_sidebar":"","neve_meta_container":"","neve_meta_enable_content_width":"","neve_meta_content_width":0,"neve_meta_title_alignment":"","neve_meta_author_avatar":"","neve_post_elements_order":"","neve_meta_disable_header":"","neve_meta_disable_footer":"","neve_meta_disable_title":"","footnotes":""},"categories":[3,9],"tags":[309,1993,2003],"class_list":["post-21366","post","type-post","status-publish","format-standard","hentry","category-administraciones-publicas","category-empleo","tag-ecuador","tag-empleo","tag-software-libre"],"aioseo_notices":[],"_links":{"self":[{"href":"https:\/\/ramonramon.org\/blog\/wp-json\/wp\/v2\/posts\/21366","targetHints":{"allow":["GET"]}}],"collection":[{"href":"https:\/\/ramonramon.org\/blog\/wp-json\/wp\/v2\/posts"}],"about":[{"href":"https:\/\/ramonramon.org\/blog\/wp-json\/wp\/v2\/types\/post"}],"author":[{"embeddable":true,"href":"https:\/\/ramonramon.org\/blog\/wp-json\/wp\/v2\/users\/2070"}],"replies":[{"embeddable":true,"href":"https:\/\/ramonramon.org\/blog\/wp-json\/wp\/v2\/comments?post=21366"}],"version-history":[{"count":0,"href":"https:\/\/ramonramon.org\/blog\/wp-json\/wp\/v2\/posts\/21366\/revisions"}],"wp:attachment":[{"href":"https:\/\/ramonramon.org\/blog\/wp-json\/wp\/v2\/media?parent=21366"}],"wp:term":[{"taxonomy":"category","embeddable":true,"href":"https:\/\/ramonramon.org\/blog\/wp-json\/wp\/v2\/categories?post=21366"},{"taxonomy":"post_tag","embeddable":true,"href":"https:\/\/ramonramon.org\/blog\/wp-json\/wp\/v2\/tags?post=21366"}],"curies":[{"name":"wp","href":"https:\/\/api.w.org\/{rel}","templated":true}]}}