{"id":2130,"date":"2009-06-26T09:46:59","date_gmt":"2009-06-26T07:46:59","guid":{"rendered":"https:\/\/www.ramonramon.org\/blog\/?p=2130"},"modified":"2020-03-22T13:01:56","modified_gmt":"2020-03-22T12:01:56","slug":"e-verano-org-2009-reconocimiento-oficial-de-la-uned","status":"publish","type":"post","link":"https:\/\/ramonramon.org\/blog\/2009\/06\/26\/e-verano-org-2009-reconocimiento-oficial-de-la-uned\/","title":{"rendered":"e-verano.org 2009: reconocimiento oficial de la UNED"},"content":{"rendered":"<p>Fruto de la magn\u00edfica colaboraci\u00f3n entre la ETSI Inform\u00e1tica de la UNED e Iniciativa Focus, y las diferentes actividades que durante estos a\u00f1os se han venido realizando, hace unos meses se firm\u00f3 un convenio de colaboraci\u00f3n para la realizaci\u00f3n de diversos eventos encaminados a la divulgaci\u00f3n de las nuevas tecnolog\u00edas y el conocimiento libre, e igualmente el reconocimiento oficial de todos los cursos de e-verano.org 2009 , por lo que los mismos igualmente ser\u00edan reconocidos por cr\u00e9ditos de libre configuraci\u00f3n.\u00a0 Este \u00faltimo tr\u00e1mite fue primero aprobado en la Comisi\u00f3n de Ordenaci\u00f3n Acad\u00e9mica del 19 de  junio de 2009 y posteriormente ratificado ayer, 25 junio, en el Consejo de Gobierno.<\/p>\n<p>Consideramos una importante noticia para todos los alumnos que a\u00f1o tras a\u00f1o participan en nuestros eventos y cursos de e-verano.org, ya que este a\u00f1o, adem\u00e1s de toda la formaci\u00f3n y convivencia, tambi\u00e9n les valdr\u00e1 como cr\u00e9ditos de libre configuraci\u00f3n.<\/p>\n","protected":false},"excerpt":{"rendered":"<p>Fruto de la magn\u00edfica colaboraci\u00f3n entre la ETSI Inform\u00e1tica de la UNED e Iniciativa Focus, y las diferentes actividades que durante estos a\u00f1os se han venido realizando, hace unos meses se firm\u00f3 un convenio de colaboraci\u00f3n para la realizaci\u00f3n de diversos eventos encaminados a la divulgaci\u00f3n de las nuevas tecnolog\u00edas y el conocimiento libre, e&hellip;&nbsp;<a href=\"https:\/\/ramonramon.org\/blog\/2009\/06\/26\/e-verano-org-2009-reconocimiento-oficial-de-la-uned\/\" rel=\"bookmark\">Leer m\u00e1s &raquo;<span class=\"screen-reader-text\">e-verano.org 2009: reconocimiento oficial de la UNED<\/span><\/a><\/p>\n","protected":false},"author":2070,"featured_media":0,"comment_status":"open","ping_status":"open","sticky":false,"template":"","format":"standard","meta":{"neve_meta_sidebar":"","neve_meta_container":"","neve_meta_enable_content_width":"","neve_meta_content_width":0,"neve_meta_title_alignment":"","neve_meta_author_avatar":"","neve_post_elements_order":"","neve_meta_disable_header":"","neve_meta_disable_footer":"","neve_meta_disable_title":"","footnotes":""},"categories":[6],"tags":[304,836,480,792],"class_list":["post-2130","post","type-post","status-publish","format-standard","hentry","category-conocimientolibre","tag-e-verano","tag-e-verano-org","tag-jornadas","tag-uned"],"aioseo_notices":[],"_links":{"self":[{"href":"https:\/\/ramonramon.org\/blog\/wp-json\/wp\/v2\/posts\/2130","targetHints":{"allow":["GET"]}}],"collection":[{"href":"https:\/\/ramonramon.org\/blog\/wp-json\/wp\/v2\/posts"}],"about":[{"href":"https:\/\/ramonramon.org\/blog\/wp-json\/wp\/v2\/types\/post"}],"author":[{"embeddable":true,"href":"https:\/\/ramonramon.org\/blog\/wp-json\/wp\/v2\/users\/2070"}],"replies":[{"embeddable":true,"href":"https:\/\/ramonramon.org\/blog\/wp-json\/wp\/v2\/comments?post=2130"}],"version-history":[{"count":0,"href":"https:\/\/ramonramon.org\/blog\/wp-json\/wp\/v2\/posts\/2130\/revisions"}],"wp:attachment":[{"href":"https:\/\/ramonramon.org\/blog\/wp-json\/wp\/v2\/media?parent=2130"}],"wp:term":[{"taxonomy":"category","embeddable":true,"href":"https:\/\/ramonramon.org\/blog\/wp-json\/wp\/v2\/categories?post=2130"},{"taxonomy":"post_tag","embeddable":true,"href":"https:\/\/ramonramon.org\/blog\/wp-json\/wp\/v2\/tags?post=2130"}],"curies":[{"name":"wp","href":"https:\/\/api.w.org\/{rel}","templated":true}]}}