{"id":21021,"date":"2016-03-02T15:03:16","date_gmt":"2016-03-02T14:03:16","guid":{"rendered":"https:\/\/www.ramonramon.org\/blog\/?p=21021"},"modified":"2017-03-21T17:55:03","modified_gmt":"2017-03-21T23:55:03","slug":"tecnopolitica-campo-electoral-fin-del-poder-del-establishment","status":"publish","type":"post","link":"https:\/\/ramonramon.org\/blog\/2016\/03\/02\/tecnopolitica-campo-electoral-fin-del-poder-del-establishment\/","title":{"rendered":"#Tecnopol\u00edtica y el fin del poder del establishment"},"content":{"rendered":"<h3 style=\"text-align: justify;\">El poder de las multitudes conectadas contra los poderes y las estructuras de intermediaci\u00f3n tradicionales.<\/h3>\n<p style=\"text-align: justify;\">\u00bfQu\u00e9 es la <strong>Tecnopol\u00edtica<\/strong>? Es el empleo de tecnolog\u00edas para la organizaci\u00f3n y movilizaci\u00f3n de la ciudadan\u00eda con fines pol\u00edticos, que no partidistas. Dicho de otra manera, internet no solo ha cambiado la <a href=\"https:\/\/www.ramonramon.org\/blog\/2016\/02\/01\/ciberactivismo-y-tecnopolitica-la-ciudadania-empoderada-y-conectada-por-la-sociedad-red\/\"><img loading=\"lazy\" decoding=\"async\" class=\"alignright\" src=\"http:\/\/i2.wp.com\/ramonramon.org\/blog\/wp-content\/uploads\/VICumbreMundialComunicaci%C3%B3nPol%C3%ADtica.jpg?zoom=1.5&amp;resize=232%2C153\" alt=\"Tecnopol\u00edtica\" width=\"348\" height=\"229\" \/><\/a>forma en la que nos informamos y capacitamos, tambi\u00e9n ha proporcionado nuevas maneras de organizarnos (atrevi\u00e9ndome a apropiarme de la definici\u00f3n de <a href=\"https:\/\/ramonramon.org\/blog\/2014\/02\/11\/la-comunicacion-politica-y-los-valores-2-0\/\" target=\"_blank\">Sociedad-RED del admirado Castells<\/a>). O replicando la definici\u00f3n de <a href=\"https:\/\/datanalysis15m.wordpress.com\/2013\/06\/20\/lanzamiento-tecnopolitica-y-15m-la-potencia-de-las-multitudes-conectadas-el-sistema-red-15m-un-nuevo-paradigma-de-la-politica-distribuida\/\" target=\"_blank\">Toret y del grupo de investigaci\u00f3n @Datanalysis15m<\/a> :<\/p>\n<blockquote>\n<p style=\"text-align: justify;\"><strong>Tecnopol\u00edtica\u00a0<\/strong>: Uso t\u00e1ctico y estrat\u00e9gico de las herramientas digitales para la organizaci\u00f3n, comunicaci\u00f3n y acci\u00f3n colectiva. La capacidad de la multitudes conectadas, de los cerebros y cuerpos en red para crear y automodular la acci\u00f3n colectiva.<\/p>\n<\/blockquote>\n<p>\u00bfY para qu\u00e9 sirve la Tecnopol\u00edtica? Creo que una muy buena definici\u00f3n podemos obtenerla del best sellers <i>El Fin del Poder<\/i> :<\/p>\n<blockquote><p><a href=\"https:\/\/www.ramonramon.org\/blog\/wp-content\/uploads\/el-fin-del-poder-1.jpg\" rel=\"attachment wp-att-21051\"><img loading=\"lazy\" decoding=\"async\" class=\"alignleft wp-image-21051\" src=\"https:\/\/www.ramonramon.org\/blog\/wp-content\/uploads\/el-fin-del-poder-1.jpg\" alt=\"el fin del poder\" width=\"139\" height=\"213\" srcset=\"https:\/\/ramonramon.org\/blog\/wp-content\/uploads\/el-fin-del-poder-1.jpg 228w, https:\/\/ramonramon.org\/blog\/wp-content\/uploads\/el-fin-del-poder-1-92x141.jpg 92w\" sizes=\"auto, (max-width: 139px) 100vw, 139px\" \/><\/a>El poder est\u00e1 cambiando de manos: de grandes ej\u00e9rcitos disciplinados a ca\u00f3ticas bandas de insurgentes; de gigantescas corporaciones a agiles emprendedores; de los palacios presidenciales a las plazas p\u00fablicas. &#8230;La energ\u00eda iconoclasta de los micropoderes puede derrocar dictadores, acabar con los monopolios y abrir nuevas e incre\u00edbles oportunidades, pero tambi\u00e9n puede conducir al caos y la par\u00e1lisis.<\/p><\/blockquote>\n<p style=\"text-align: justify;\">o lo que es lo mismo, la tecnopol\u00edtica como causante de este fin del poder \ud83d\ude09<\/p>\n<p style=\"text-align: justify;\">Hace casi dos a\u00f1os que escrib\u00eda <a href=\"https:\/\/ramonramon.org\/blog\/2014\/05\/26\/debacle-de-la-politica-tradicional-europea-la-nueva-politica-del-siglo-xxi-y-la-ciudadania-digital\/\" target=\"_blank\">Debacle de la pol\u00edtica tradicional europea, la nueva pol\u00edtica del siglo XXI y la ciudadan\u00eda digital<\/a> refiri\u00e9ndome al fin del bipartidismo, fruto de una sacudida global de las estructuras pol\u00edticas y sociales tradicionales. Vivimos en una <a href=\"https:\/\/www.ramonramon.org\/blog\/2014\/03\/12\/politica-del-siglo-xxi-ciudadania\/\" target=\"_blank\">nueva Sociedad, regida por nuevos valores y nuevas maneras de comunicar<\/a> que los partidos pol\u00edticos tradicionales no han sabido entender.<\/p>\n<p style=\"text-align: justify;\">En ese sentido, el peri\u00f3dico mexicano El Financiero nos aporta datos rotundos sobre este cambio social y pol\u00edtico:\u00a0 <span style=\"text-decoration: underline;\">Actualmente solo 4 de los 34 pa\u00edses de la OCDE tienen un congreso en el que el partido de gobierno tenga mayor\u00eda absoluta. Hace 30 a\u00f1os, los grupos minoritarios ten\u00edan un 10% de los esca\u00f1os, hoy son el 55%<\/span>.<\/p>\n<p style=\"text-align: justify;\">Esta nueva sociedad-red hunde sus ra\u00edces en nuevos valores y principios de marcado car\u00e1cter pol\u00edtico (por cuanto son fen\u00f3menos deliberativos y de acci\u00f3n) causando en la pol\u00edtica \u2013entendida como establisment- una crisis de mediaci\u00f3n y representaci\u00f3n, agravada por una evidente falta de liderazgos. Una <a href=\"https:\/\/www.ramonramon.org\/blog\/2014\/02\/11\/la-comunicacion-politica-y-los-valores-2-0\/\" target=\"_blank\">nueva realidad pol\u00edtica impulsada por un cambio tecnol\u00f3gico<\/a> que, una vez m\u00e1s, es comunicativo.<\/p>\n","protected":false},"excerpt":{"rendered":"<p>El poder de las multitudes conectadas contra los poderes y las estructuras de intermediaci\u00f3n tradicionales. \u00bfQu\u00e9 es la Tecnopol\u00edtica? Es el empleo de tecnolog\u00edas para la organizaci\u00f3n y movilizaci\u00f3n de la ciudadan\u00eda con fines pol\u00edticos, que no partidistas. Dicho de otra manera, internet no solo ha cambiado la forma en la que nos informamos y&hellip;&nbsp;<a href=\"https:\/\/ramonramon.org\/blog\/2016\/03\/02\/tecnopolitica-campo-electoral-fin-del-poder-del-establishment\/\" rel=\"bookmark\">Leer m\u00e1s &raquo;<span class=\"screen-reader-text\">#Tecnopol\u00edtica y el fin del poder del establishment<\/span><\/a><\/p>\n","protected":false},"author":2070,"featured_media":0,"comment_status":"open","ping_status":"open","sticky":false,"template":"","format":"standard","meta":{"neve_meta_sidebar":"","neve_meta_container":"","neve_meta_enable_content_width":"","neve_meta_content_width":0,"neve_meta_title_alignment":"","neve_meta_author_avatar":"","neve_post_elements_order":"","neve_meta_disable_header":"","neve_meta_disable_footer":"","neve_meta_disable_title":"","footnotes":""},"categories":[2008,8],"tags":[1806,1947],"class_list":["post-21021","post","type-post","status-publish","format-standard","hentry","category-comunicacion","category-elecciones","tag-comunicacion-politica","tag-tecnopolitica"],"aioseo_notices":[],"_links":{"self":[{"href":"https:\/\/ramonramon.org\/blog\/wp-json\/wp\/v2\/posts\/21021","targetHints":{"allow":["GET"]}}],"collection":[{"href":"https:\/\/ramonramon.org\/blog\/wp-json\/wp\/v2\/posts"}],"about":[{"href":"https:\/\/ramonramon.org\/blog\/wp-json\/wp\/v2\/types\/post"}],"author":[{"embeddable":true,"href":"https:\/\/ramonramon.org\/blog\/wp-json\/wp\/v2\/users\/2070"}],"replies":[{"embeddable":true,"href":"https:\/\/ramonramon.org\/blog\/wp-json\/wp\/v2\/comments?post=21021"}],"version-history":[{"count":0,"href":"https:\/\/ramonramon.org\/blog\/wp-json\/wp\/v2\/posts\/21021\/revisions"}],"wp:attachment":[{"href":"https:\/\/ramonramon.org\/blog\/wp-json\/wp\/v2\/media?parent=21021"}],"wp:term":[{"taxonomy":"category","embeddable":true,"href":"https:\/\/ramonramon.org\/blog\/wp-json\/wp\/v2\/categories?post=21021"},{"taxonomy":"post_tag","embeddable":true,"href":"https:\/\/ramonramon.org\/blog\/wp-json\/wp\/v2\/tags?post=21021"}],"curies":[{"name":"wp","href":"https:\/\/api.w.org\/{rel}","templated":true}]}}