{"id":20864,"date":"2016-02-01T21:01:11","date_gmt":"2016-02-01T20:01:11","guid":{"rendered":"https:\/\/www.ramonramon.org\/blog\/?p=20864"},"modified":"2016-02-01T19:34:44","modified_gmt":"2016-02-01T18:34:44","slug":"ciberactivismo-y-tecnopolitica-la-ciudadania-empoderada-y-conectada-por-la-sociedad-red","status":"publish","type":"post","link":"https:\/\/ramonramon.org\/blog\/2016\/02\/01\/ciberactivismo-y-tecnopolitica-la-ciudadania-empoderada-y-conectada-por-la-sociedad-red\/","title":{"rendered":"Ciberactivismo y tecnopol\u00edtica, la ciudadan\u00eda empoderada y conectada por la Sociedad-Red"},"content":{"rendered":"<p style=\"text-align: justify;\">La Sociedad ha cambiado, y no es algo que haya ocurrido de la noche a la ma\u00f1ana, es un proceso evolutivo, paralelo a la irrupci\u00f3n de la tecnolog\u00eda en nuestra vida diaria. Vivimos una <a href=\"https:\/\/www.ramonramon.org\/blog\/2014\/02\/11\/la-comunicacion-politica-y-los-valores-2-0\/\" target=\"_blank\">nueva realidad pol\u00edtica impulsada por un cambio tecnol\u00f3gico<\/a> que afecta la Sociedad en su conjunto. En esta nueva <img loading=\"lazy\" decoding=\"async\" class=\"alignright\" src=\"http:\/\/i2.wp.com\/ramonramon.org\/blog\/wp-content\/uploads\/VICumbreMundialComunicaci%C3%B3nPol%C3%ADtica.jpg?zoom=1.5&amp;resize=298%2C197\" alt=\"Tecnopolitica\" width=\"232\" height=\"153\" \/>Sociedad 2.0,\u00a0 ya no son necesarios los roles de intermediaci\u00f3n de partidos pol\u00edticos y sindicatos, existen nuevos modelos de articulaci\u00f3n y movilizaci\u00f3n ciudadana, colectivos que basan su funcionamiento no en la anarqu\u00eda, sino en los valores de la \u00e9tica hacker y la adhocracia.<\/p>\n<p style=\"text-align: justify;\">Hace 4 a\u00f1os escrib\u00eda en <a title=\"Enlace a... El poder de la ciudadan\u00eda digital, o de la e-MASA #Tecnopolitica\" href=\"https:\/\/ramonramon.org\/blog\/2012\/09\/03\/el-poder-de-la-ciudadania-digital-o-de-la-e-masa\/\" rel=\"bookmark\">El poder de la ciudadan\u00eda digital, o de la e-MASA #Tecnopolitica<\/a> como la ciudadan\u00eda, que cada d\u00eda est\u00e1 m\u00e1s conectada e informada, usa las tecnolog\u00edas para mostrar su desencuentro con pol\u00edticas de siglos pasados, en las que no exist\u00eda posibilidad de participaci\u00f3n real y directa. Esta nueva <a href=\"https:\/\/www.ramonramon.org\/blog\/2012\/08\/30\/ciudadania-digital-y-el-derecho-a-la-libertad-tecnologica\/\" target=\"_blank\">ciudadan\u00eda digital<\/a> se moviliza convirti\u00e9ndose en \u201ce-Masa\u201d, o lo que es lo mismo, personas que interact\u00faan y se coordinan usando las nuevas herramientas de comunicaci\u00f3n. Esta nueva realidad, la Tecnopol\u00edtica, est\u00e1 sirviendo para que surjan novedosas formas de protesta,\u00a0 de movilizaci\u00f3n, queja\u2026 utilizando las redes sociales como parte de demostraci\u00f3n del poder colectivo.\u00a0 Multitud de <a href=\"https:\/\/ramonramon.org\/blog\/tag\/comunicacion-politica\/\" target=\"_blank\">plataformas canalizan la indignaci\u00f3n o el clickactivismo<\/a>, mayoritariamente mediante la recogida de firmas, difusi\u00f3n de causas sociales o la monitorizaci\u00f3n de lo p\u00fablico.<\/p>\n<p style=\"text-align: justify;\">Las tecnolog\u00edas, la Sociedad-Red, no solo trata de reivindicaci\u00f3n y protesta, tambi\u00e9n de construcci\u00f3n colectiva basada en la inteligencia colectiva, la denominada Innovaci\u00f3n Social Colaborativa.\u00a0 Al calor de esta nueva manera de cooperar-construir Sociedad surgen con fuerza pol\u00edticas p\u00fablicas de gobierno abierto. Con la ebullici\u00f3n de estas pol\u00edticas de gobierno abierto, <a title=\"Enlace a... El rol de las Redes Sociales en una agenda digital #GobiernoAbierto #oGov\" href=\"https:\/\/www.ramonramon.org\/blog\/2015\/08\/30\/el-rol-de-las-redes-sociales-en-una-agenda-digital-gobiernoabierto-ogov\/\" rel=\"bookmark\">las Redes Sociales ocupan un papel protagonista en cualquier agenda digital<\/a>, se convierten en magn\u00edficas aliadas para difundir nuevas acciones, as\u00ed como para generar estrategias de apropiaci\u00f3n de nuevos servicios y propuestas de participaci\u00f3n en la vida p\u00fablica.<\/p>\n<p style=\"text-align: justify;\">Mediante el empleo de plataformas digitales logramos que otras personas se impliquen en nuestras causas, problemas que antes no lograban llamar la atenci\u00f3n de los medios, ahora alcanzan cientos de miles de firmas y reconocimiento social.\u00a0 Surgen propuestas ciudadanas de control y fiscalizaci\u00f3n de las acciones de nuestros gobernantes, y en algunos casos, incluso son l\u00edderes pol\u00edticos los que usan las tecnolog\u00edas para pulsar la opini\u00f3n de la e-Masa o, incluso, movilizarla. Solo hay que recordar el caso de las pasadas <a href=\"https:\/\/www.ramonramon.org\/blog\/2015\/06\/12\/tras-las-elecciones-mexico-2015-nuevos-cambios-sociopoliticos-a-la-vista\/\" target=\"_blank\">elecciones intermedias mexicanas y la irrupci\u00f3n de nuevos liderazgos<\/a>, para comprender que algo ha cambiado, la Tecnopol\u00edtica ser\u00e1 cada vez m\u00e1s presente en cualquier campa\u00f1a o acci\u00f3n de comunicaci\u00f3n institucional.<\/p>\n<p style=\"text-align: justify;\">El reto en las pr\u00f3ximas elecciones ser\u00e1 entender e integrar las campa\u00f1as digitales, utilizar todo su potencial, pasar de la vieja pol\u00edtica a la pol\u00edtica del Siglo XXI.<\/p>\n<h3 style=\"text-align: right;\"><a href=\"https:\/\/www.ramonramon.org\/blog\/2015\/10\/26\/reto-las-campanas-digitales-mexico\/\" target=\"_blank\"><span class=\"sumo_twilighter_highlighted twilighter-6d228680\">Generar conexiones es la clave de una estrategia digital en una campa\u00f1a electoral. M\u00e9xico 2016 ser\u00e1 el de las campa\u00f1as del click<\/span><\/a><\/h3>\n<p style=\"text-align: justify;\">\n","protected":false},"excerpt":{"rendered":"<p>La Sociedad ha cambiado, y no es algo que haya ocurrido de la noche a la ma\u00f1ana, es un proceso evolutivo, paralelo a la irrupci\u00f3n de la tecnolog\u00eda en nuestra vida diaria. Vivimos una nueva realidad pol\u00edtica impulsada por un cambio tecnol\u00f3gico que afecta la Sociedad en su conjunto. En esta nueva Sociedad 2.0,\u00a0 ya&hellip;&nbsp;<a href=\"https:\/\/ramonramon.org\/blog\/2016\/02\/01\/ciberactivismo-y-tecnopolitica-la-ciudadania-empoderada-y-conectada-por-la-sociedad-red\/\" rel=\"bookmark\">Leer m\u00e1s &raquo;<span class=\"screen-reader-text\">Ciberactivismo y tecnopol\u00edtica, la ciudadan\u00eda empoderada y conectada por la Sociedad-Red<\/span><\/a><\/p>\n","protected":false},"author":2070,"featured_media":0,"comment_status":"open","ping_status":"open","sticky":false,"template":"","format":"standard","meta":{"neve_meta_sidebar":"","neve_meta_container":"","neve_meta_enable_content_width":"","neve_meta_content_width":0,"neve_meta_title_alignment":"","neve_meta_author_avatar":"","neve_post_elements_order":"","neve_meta_disable_header":"","neve_meta_disable_footer":"","neve_meta_disable_title":"","footnotes":""},"categories":[2008,8],"tags":[1806,1947],"class_list":["post-20864","post","type-post","status-publish","format-standard","hentry","category-comunicacion","category-elecciones","tag-comunicacion-politica","tag-tecnopolitica"],"aioseo_notices":[],"_links":{"self":[{"href":"https:\/\/ramonramon.org\/blog\/wp-json\/wp\/v2\/posts\/20864","targetHints":{"allow":["GET"]}}],"collection":[{"href":"https:\/\/ramonramon.org\/blog\/wp-json\/wp\/v2\/posts"}],"about":[{"href":"https:\/\/ramonramon.org\/blog\/wp-json\/wp\/v2\/types\/post"}],"author":[{"embeddable":true,"href":"https:\/\/ramonramon.org\/blog\/wp-json\/wp\/v2\/users\/2070"}],"replies":[{"embeddable":true,"href":"https:\/\/ramonramon.org\/blog\/wp-json\/wp\/v2\/comments?post=20864"}],"version-history":[{"count":0,"href":"https:\/\/ramonramon.org\/blog\/wp-json\/wp\/v2\/posts\/20864\/revisions"}],"wp:attachment":[{"href":"https:\/\/ramonramon.org\/blog\/wp-json\/wp\/v2\/media?parent=20864"}],"wp:term":[{"taxonomy":"category","embeddable":true,"href":"https:\/\/ramonramon.org\/blog\/wp-json\/wp\/v2\/categories?post=20864"},{"taxonomy":"post_tag","embeddable":true,"href":"https:\/\/ramonramon.org\/blog\/wp-json\/wp\/v2\/tags?post=20864"}],"curies":[{"name":"wp","href":"https:\/\/api.w.org\/{rel}","templated":true}]}}