{"id":204,"date":"2007-02-18T12:19:00","date_gmt":"2007-02-18T10:19:00","guid":{"rendered":"https:\/\/www.ramonramon.org\/blog\/2007\/02\/18\/dia-del-referendum-por-el-nuevo-estatuto-andaluz\/"},"modified":"2011-05-19T12:29:39","modified_gmt":"2011-05-19T10:29:39","slug":"dia-del-referendum-por-el-nuevo-estatuto-andaluz","status":"publish","type":"post","link":"https:\/\/ramonramon.org\/blog\/2007\/02\/18\/dia-del-referendum-por-el-nuevo-estatuto-andaluz\/","title":{"rendered":"D\u00eda del Refer\u00e9ndum por el nuevo Estatuto Andaluz"},"content":{"rendered":"<p>Si hace unos a\u00f1os me hubiesen dicho lo que me est\u00e1 ocurriendo estos d\u00edas, jam\u00e1s me lo hubiese cre\u00eddo.  Siempre he sido un convencido de la democracia y de la participaci\u00f3n, siempre he estado convenciendo a la gente para que fuese a votar, y sin embargo, llevo semanas pens\u00e1ndome si ir o no a votar hoy.  Lo mejor de todo es que hablando con el amigo Antonio Zugaldia, otro convencido, se encuentra en una situaci\u00f3n similar y as\u00ed ya hace semanas que viene adelant\u00e1ndolo: \u00abNi s\u00ed ni no, sino todo lo contrario\u00bb.<br \/>Que para personas con lo que considero un compromiso social y unos marcados valores progresistas, haya muchas dudas a la hora de ir a votar, demuestra que algo mal se est\u00e1 haciendo, \u00bfno?<br \/>A\u00fan as\u00ed, est\u00e1 claro, sea de una u otra forma, hay que ir, ya que m\u00e1s que un derecho lo considero una obligaci\u00f3n. Ahora dentro de un ratillo espero poder armarme de &#8230;. e ir a votar.<\/p>\n","protected":false},"excerpt":{"rendered":"<p>Si hace unos a\u00f1os me hubiesen dicho lo que me est\u00e1 ocurriendo estos d\u00edas, jam\u00e1s me lo hubiese cre\u00eddo. Siempre he sido un convencido de la democracia y de la participaci\u00f3n, siempre he estado convenciendo a la gente para que fuese a votar, y sin embargo, llevo semanas pens\u00e1ndome si ir o no a votar&hellip;&nbsp;<a href=\"https:\/\/ramonramon.org\/blog\/2007\/02\/18\/dia-del-referendum-por-el-nuevo-estatuto-andaluz\/\" rel=\"bookmark\">Leer m\u00e1s &raquo;<span class=\"screen-reader-text\">D\u00eda del Refer\u00e9ndum por el nuevo Estatuto Andaluz<\/span><\/a><\/p>\n","protected":false},"author":2070,"featured_media":0,"comment_status":"open","ping_status":"open","sticky":false,"template":"","format":"standard","meta":{"neve_meta_sidebar":"","neve_meta_container":"","neve_meta_enable_content_width":"","neve_meta_content_width":0,"neve_meta_title_alignment":"","neve_meta_author_avatar":"","neve_post_elements_order":"","neve_meta_disable_header":"","neve_meta_disable_footer":"","neve_meta_disable_title":"","footnotes":""},"categories":[23],"tags":[],"class_list":["post-204","post","type-post","status-publish","format-standard","hentry","category-personal"],"aioseo_notices":[],"_links":{"self":[{"href":"https:\/\/ramonramon.org\/blog\/wp-json\/wp\/v2\/posts\/204","targetHints":{"allow":["GET"]}}],"collection":[{"href":"https:\/\/ramonramon.org\/blog\/wp-json\/wp\/v2\/posts"}],"about":[{"href":"https:\/\/ramonramon.org\/blog\/wp-json\/wp\/v2\/types\/post"}],"author":[{"embeddable":true,"href":"https:\/\/ramonramon.org\/blog\/wp-json\/wp\/v2\/users\/2070"}],"replies":[{"embeddable":true,"href":"https:\/\/ramonramon.org\/blog\/wp-json\/wp\/v2\/comments?post=204"}],"version-history":[{"count":0,"href":"https:\/\/ramonramon.org\/blog\/wp-json\/wp\/v2\/posts\/204\/revisions"}],"wp:attachment":[{"href":"https:\/\/ramonramon.org\/blog\/wp-json\/wp\/v2\/media?parent=204"}],"wp:term":[{"taxonomy":"category","embeddable":true,"href":"https:\/\/ramonramon.org\/blog\/wp-json\/wp\/v2\/categories?post=204"},{"taxonomy":"post_tag","embeddable":true,"href":"https:\/\/ramonramon.org\/blog\/wp-json\/wp\/v2\/tags?post=204"}],"curies":[{"name":"wp","href":"https:\/\/api.w.org\/{rel}","templated":true}]}}