{"id":2030,"date":"2009-06-10T00:01:18","date_gmt":"2009-06-09T23:01:18","guid":{"rendered":"https:\/\/www.ramonramon.org\/blog\/?p=2030"},"modified":"2013-12-20T10:27:46","modified_gmt":"2013-12-20T09:27:46","slug":"martes-tecnologicos-informando-software-libre-y-sugarcrm","status":"publish","type":"post","link":"https:\/\/ramonramon.org\/blog\/2009\/06\/10\/martes-tecnologicos-informando-software-libre-y-sugarcrm\/","title":{"rendered":"Martes Tecnol\u00f3gicos inFORMANdo: Software libre y SugarCRM"},"content":{"rendered":"<p>Os pego mayor informaci\u00f3n sobre esta interesante charla\/taller que dar\u00e1 un buen amigo y compa\u00f1ero, Fernando Toro. Sin lugar a dudas, uno de los mejores t\u00e9cnicos que he conocido en toda mi vida y al que admiro y quiero.\u00a0 Os pego el mail que me han enviado, no as\u00ed la solicitud, ya que me ha llegado en un formato extra\u00f1o y cerrado, con muchos macros-scripts e historias raras de la multinacional norteamericana:<\/p>\n<p class=\"MsoNormal\" style=\"text-align: justify; line-height: 150%;\"><span style=\"font-family: Calibri; font-size: small;\"><span style=\"font-size: 12pt; line-height: 150%; font-family: Calibri;\"><br \/>\n<\/span><\/span>\n<\/p>\n<p class=\"MsoNormal\" style=\"text-align: justify; line-height: 150%;\"><span style=\"font-family: Calibri; font-size: small;\"><span style=\"font-size: 12pt; line-height: 150%; font-family: Calibri;\">La 6\u00aa de las jornadas se celebrar\u00e1 el pr\u00f3ximo d\u00eda   16 de\u00a0junio y llevar\u00e1 por t\u00edtulo <strong><span style=\"font-weight: bold;\">\u201c<span style=\"color: black;\"><span style=\"color: black;\">Software Libre y CRM: SugarCRM<\/span><\/span><\/span><\/strong><\/span><\/span><strong><\/strong><strong><span style=\"font-family: Times New Roman;\"><span style=\"font-weight: normal;\">\u201d.<\/span><\/span><\/strong><span style=\"font-family: Calibri;\"><span style=\"font-family: Calibri;\"> <\/span><\/span><\/p>\n<p class=\"MsoNormal\" style=\"background: white none repeat scroll 0% 50%; text-align: justify; line-height: 150%; -moz-background-clip: -moz-initial; -moz-background-origin: -moz-initial; -moz-background-inline-policy: -moz-initial;\"><span style=\"font-family: Calibri; font-size: small;\"><span style=\"font-size: 12pt; line-height: 150%; font-family: Calibri;\">En la misma, el ponente <strong><span style=\"font-weight: bold;\">Fernando Toro, Director T\u00e9cnico de CSYD<\/span><\/strong>, dar\u00e1 una visi\u00f3n   general de lo que es el software libre y qu\u00e9 ventajas e inconvenientes   presenta de cara al software propietario. Como aplicaci\u00f3n del software libre   a la\u00a0 gesti\u00f3n empresarial se analizar\u00e1 el gestor de clientes (CRM) de   software libre SugarCRM. En este sentido, se analizar\u00e1n las capacidades de   SugarCRM en la gesti\u00f3n de clientes, en la gesti\u00f3n de incidencias, en el   marketing y en la generaci\u00f3n de informes.<\/span><\/span><\/p>\n<p class=\"MsoNormal\" style=\"background: white none repeat scroll 0% 50%; text-align: justify; line-height: 150%; -moz-background-clip: -moz-initial; -moz-background-origin: -moz-initial; -moz-background-inline-policy: -moz-initial;\"><span style=\"font-family: Calibri; font-size: small;\"><span style=\"font-size: 12pt; line-height: 150%; font-family: Calibri;\"> Por \u00faltimo, se estudiar\u00e1 uno de los aspectos m\u00e1s   interesantes de SugarCRM: las posibilidades de integraci\u00f3n a trav\u00e9s del   desarrollo de m\u00f3dulos y uso de la    API.<\/span><\/span><\/p>\n<p class=\"MsoNormal\" style=\"text-align: justify; line-height: 150%;\"><span style=\"font-family: Calibri; font-size: small;\"><span style=\"font-size: 12pt; line-height: 150%; font-family: Calibri;\"> A continuaci\u00f3n detallamos algunos datos de inter\u00e9s   acerca de este ciclo de jornadas:<\/span><\/span><\/p>\n<p class=\"MsoNormal\" style=\"text-align: justify; line-height: 150%;\"><span style=\"font-family: Calibri; font-size: small;\"><span style=\"font-size: 12pt; line-height: 150%; font-family: Calibri;\">Fecha:\u00a0\u00a0\u00a0\u00a0   16 de\u00a0junio<\/span><\/span><\/p>\n<p class=\"MsoNormal\" style=\"text-align: justify; line-height: 150%;\"><span style=\"font-family: Calibri; font-size: small;\"><span style=\"font-size: 12pt; line-height: 150%; font-family: Calibri;\">Hora:\u00a0\u00a0\u00a0\u00a0\u00a0\u00a0   9.30 \u2013 12.30<\/span><\/span><\/p>\n<p class=\"MsoNormal\" style=\"margin-left: 70.5pt; text-align: justify; text-indent: -70.5pt; line-height: 150%;\"><span style=\"font-family: Calibri; font-size: small;\"><span style=\"font-size: 12pt; line-height: 150%; font-family: Calibri;\">Lugar:\u00a0\u00a0\u00a0\u00a0\u00a0   Sal\u00f3n de Actos de FORMAN (C\/ Severo Ochoa 30, Parque Tecnol\u00f3gico de Andaluc\u00eda   -PTA-)<\/span><\/span><\/p>\n<p class=\"MsoNormal\" style=\"text-align: justify; line-height: 150%;\"><span style=\"font-family: Calibri; font-size: small;\"><span style=\"font-size: 12pt; line-height: 150%; font-family: Calibri;\"> <\/span><\/span><\/p>\n<p class=\"MsoNormal\" style=\"text-align: justify; line-height: 150%;\"><span style=\"font-family: Calibri; font-size: small;\"><span style=\"font-size: 12pt; line-height: 150%; font-family: Calibri;\">Para   obtener una informaci\u00f3n m\u00e1s detallada acerca de estas jornadas, dir\u00edgete a   nuestra p\u00e1gina Web: <\/span><\/span><span style=\"font-family: Calibri; color: black;\"><span style=\"font-family: Calibri; color: windowtext; text-decoration: none;\">www.forman.es<\/span><\/span><span style=\"font-family: Calibri;\"><span style=\"font-family: Calibri;\">. Si deseas inscribirte en alguna de las   jornadas, puedes hacerlo enviando el formulario de inscripci\u00f3n adjunto (<em>que yo no adjunto pq me da mucha grima<\/em>), una   vez cumplimentado, a la siguiente direcci\u00f3n: <\/span><\/span><a href=\"mailto:jiiglesias@forman.es\"><span style=\"font-family: Calibri; color: black;\"><span style=\"font-family: Calibri; color: windowtext; text-decoration: none;\">jiiglesias@forman.es<\/span><\/span><\/a><span style=\"font-family: Calibri;\"><\/span><\/p>\n","protected":false},"excerpt":{"rendered":"<p>Os pego mayor informaci\u00f3n sobre esta interesante charla\/taller que dar\u00e1 un buen amigo y compa\u00f1ero, Fernando Toro. Sin lugar a dudas, uno de los mejores t\u00e9cnicos que he conocido en toda mi vida y al que admiro y quiero.\u00a0 Os pego el mail que me han enviado, no as\u00ed la solicitud, ya que me ha&hellip;&nbsp;<a href=\"https:\/\/ramonramon.org\/blog\/2009\/06\/10\/martes-tecnologicos-informando-software-libre-y-sugarcrm\/\" rel=\"bookmark\">Leer m\u00e1s &raquo;<span class=\"screen-reader-text\">Martes Tecnol\u00f3gicos inFORMANdo: Software libre y SugarCRM<\/span><\/a><\/p>\n","protected":false},"author":2070,"featured_media":0,"comment_status":"open","ping_status":"open","sticky":false,"template":"","format":"standard","meta":{"neve_meta_sidebar":"","neve_meta_container":"","neve_meta_enable_content_width":"","neve_meta_content_width":0,"neve_meta_title_alignment":"","neve_meta_author_avatar":"","neve_post_elements_order":"","neve_meta_disable_header":"","neve_meta_disable_footer":"","neve_meta_disable_title":"","footnotes":""},"categories":[16,27],"tags":[480,1996],"class_list":["post-2030","post","type-post","status-publish","format-standard","hentry","category-jornadas-software-libre","category-software-libre","tag-jornadas","tag-jornadas-software-libre"],"aioseo_notices":[],"_links":{"self":[{"href":"https:\/\/ramonramon.org\/blog\/wp-json\/wp\/v2\/posts\/2030","targetHints":{"allow":["GET"]}}],"collection":[{"href":"https:\/\/ramonramon.org\/blog\/wp-json\/wp\/v2\/posts"}],"about":[{"href":"https:\/\/ramonramon.org\/blog\/wp-json\/wp\/v2\/types\/post"}],"author":[{"embeddable":true,"href":"https:\/\/ramonramon.org\/blog\/wp-json\/wp\/v2\/users\/2070"}],"replies":[{"embeddable":true,"href":"https:\/\/ramonramon.org\/blog\/wp-json\/wp\/v2\/comments?post=2030"}],"version-history":[{"count":0,"href":"https:\/\/ramonramon.org\/blog\/wp-json\/wp\/v2\/posts\/2030\/revisions"}],"wp:attachment":[{"href":"https:\/\/ramonramon.org\/blog\/wp-json\/wp\/v2\/media?parent=2030"}],"wp:term":[{"taxonomy":"category","embeddable":true,"href":"https:\/\/ramonramon.org\/blog\/wp-json\/wp\/v2\/categories?post=2030"},{"taxonomy":"post_tag","embeddable":true,"href":"https:\/\/ramonramon.org\/blog\/wp-json\/wp\/v2\/tags?post=2030"}],"curies":[{"name":"wp","href":"https:\/\/api.w.org\/{rel}","templated":true}]}}