{"id":2006,"date":"2009-06-08T11:20:39","date_gmt":"2009-06-08T10:20:39","guid":{"rendered":"https:\/\/www.ramonramon.org\/blog\/?p=2006"},"modified":"2014-01-02T21:59:31","modified_gmt":"2014-01-02T20:59:31","slug":"publico-vs-privado-o-la-diferencia-de-precio-por-algo-muy-similar","status":"publish","type":"post","link":"https:\/\/ramonramon.org\/blog\/2009\/06\/08\/publico-vs-privado-o-la-diferencia-de-precio-por-algo-muy-similar\/","title":{"rendered":"P\u00fablico vs Privado, o la diferencia de precio por algo muy similar"},"content":{"rendered":"<p>Que lo 2.0 es una moda es algo que nadie discute, que existe un movimiento de personas y usuarios hacia todo lo que tenga que ver con las redes sociales, tampoco, e incluso que empresas, instituciones, pol\u00edticos,&#8230; est\u00e1n cada vez cercanos a este mundo de las redes sociales y lo 2.0 es tambi\u00e9n conocido, ahora hay que dar un paso m\u00e1s, y acercar al gran p\u00fablico hacia la Sociedad del Conocimiento Libre, hacia una Sociedad m\u00e1s justa, m\u00e1s formada y en la que compartir sea la principal premisa.<\/p>\n<p>Y mientras tanto, casualmente hoy me encuentro con un curso de la Universidad Camilo Jos\u00e9 Cela, denominado Web 2.0, la internet social, que en lineas generales tiene unos objetivos y contenidos similares a nuestro curso <a href=\"https:\/\/www.ramonramon.org\/blog\/2009\/05\/08\/e-veranoorg-2009-sigue-creciendo\/\">Redes Sociales y Pol\u00edtica 2.0<\/a> dentro del e-Verano.org 2009, algo que por otro lado es\u00a0 normal, nadie puede en este caso ser muy original, m\u00e1s all\u00e1 de ligeras pinceladas o el formato (en el que si que nos consideramos m\u00e1s innovadores). Hay muchas m\u00e1s cosas en com\u00fan, desde la fecha de realizaci\u00f3n, del 6 al 10 de julio, incluso en el n\u00famero de horas, ambos con 30 horas, o los ponentes, muchos son los mismos,&#8230;. pero hay una importante diferencia, el precio, ya que <a href=\"http:\/\/www.ucjc.edu\/index.php?section=estudios\/cursos-verano\/web-20\/desarrollo\">el curso de la Universidad Camilo Jos\u00e9 Cela cuesta 400 \u20ac<\/a> y el del e-verano.org, sin embargo, no tiene coste alguno.\u00a0 Cualquier persona interesada puede asistir a las 30 horas que dura el curso, y no tiene que pagar nada.\u00a0 Otra posibilidad m\u00e1s es que quiera alojarse y comer all\u00ed, en ese caso si que hay coste, pero es m\u00ednimo, y a cambio, puede disfrutar las 24 horas de los ponentes, instalaciones,&#8230;<\/p>\n","protected":false},"excerpt":{"rendered":"<p>Que lo 2.0 es una moda es algo que nadie discute, que existe un movimiento de personas y usuarios hacia todo lo que tenga que ver con las redes sociales, tampoco, e incluso que empresas, instituciones, pol\u00edticos,&#8230; est\u00e1n cada vez cercanos a este mundo de las redes sociales y lo 2.0 es tambi\u00e9n conocido, ahora&hellip;&nbsp;<a href=\"https:\/\/ramonramon.org\/blog\/2009\/06\/08\/publico-vs-privado-o-la-diferencia-de-precio-por-algo-muy-similar\/\" rel=\"bookmark\">Leer m\u00e1s &raquo;<span class=\"screen-reader-text\">P\u00fablico vs Privado, o la diferencia de precio por algo muy similar<\/span><\/a><\/p>\n","protected":false},"author":2070,"featured_media":0,"comment_status":"open","ping_status":"open","sticky":false,"template":"","format":"standard","meta":{"neve_meta_sidebar":"","neve_meta_container":"","neve_meta_enable_content_width":"","neve_meta_content_width":0,"neve_meta_title_alignment":"","neve_meta_author_avatar":"","neve_post_elements_order":"","neve_meta_disable_header":"","neve_meta_disable_footer":"","neve_meta_disable_title":"","footnotes":""},"categories":[6,24],"tags":[246,836,855],"class_list":["post-2006","post","type-post","status-publish","format-standard","hentry","category-conocimientolibre","category-redes-sociales","tag-cursos-verano","tag-e-verano-org","tag-e-verano-org-2009"],"aioseo_notices":[],"_links":{"self":[{"href":"https:\/\/ramonramon.org\/blog\/wp-json\/wp\/v2\/posts\/2006","targetHints":{"allow":["GET"]}}],"collection":[{"href":"https:\/\/ramonramon.org\/blog\/wp-json\/wp\/v2\/posts"}],"about":[{"href":"https:\/\/ramonramon.org\/blog\/wp-json\/wp\/v2\/types\/post"}],"author":[{"embeddable":true,"href":"https:\/\/ramonramon.org\/blog\/wp-json\/wp\/v2\/users\/2070"}],"replies":[{"embeddable":true,"href":"https:\/\/ramonramon.org\/blog\/wp-json\/wp\/v2\/comments?post=2006"}],"version-history":[{"count":0,"href":"https:\/\/ramonramon.org\/blog\/wp-json\/wp\/v2\/posts\/2006\/revisions"}],"wp:attachment":[{"href":"https:\/\/ramonramon.org\/blog\/wp-json\/wp\/v2\/media?parent=2006"}],"wp:term":[{"taxonomy":"category","embeddable":true,"href":"https:\/\/ramonramon.org\/blog\/wp-json\/wp\/v2\/categories?post=2006"},{"taxonomy":"post_tag","embeddable":true,"href":"https:\/\/ramonramon.org\/blog\/wp-json\/wp\/v2\/tags?post=2006"}],"curies":[{"name":"wp","href":"https:\/\/api.w.org\/{rel}","templated":true}]}}