{"id":19940,"date":"2015-05-13T14:54:26","date_gmt":"2015-05-13T12:54:26","guid":{"rendered":"https:\/\/www.ramonramon.org\/blog\/?p=19940"},"modified":"2023-01-12T18:31:13","modified_gmt":"2023-01-12T17:31:13","slug":"curso-internacional-de-gobierno-abierto-de-la-cepal-en-mexico-df","status":"publish","type":"post","link":"https:\/\/ramonramon.org\/blog\/2015\/05\/13\/curso-internacional-de-gobierno-abierto-de-la-cepal-en-mexico-df\/","title":{"rendered":"Curso Internacional de Gobierno Abierto de la CEPAL en M\u00e9xico DF"},"content":{"rendered":"<h4 style=\"text-align: justify;\">Cuarta Edici\u00f3n del Curso Internacional de Gobierno Abierto de la CEPAL, en esta ocasi\u00f3n se celebra en M\u00e9xico DF con participantes de 8 pa\u00edses de la Region.<\/h4>\n<p style=\"text-align: justify;\">Los pr\u00f3ximos d\u00edas <strong>18 al 22 de mayo<\/strong> se celebrar\u00e1 en la\u00a0\u00a0Sede Subregional de la <strong>CEPAL (Comisi\u00f3n Econ\u00f3mica para Am\u00e9rica Latina y el Caribe)<\/strong> en M\u00e9xico DF el Curso Internacional sobre \u201cGobierno Abierto\u201d .\u00a0 Como ya tuviera el honor de hacer en <a href=\"https:\/\/www.ramonramon.org\/blog\/?s=cepal\" target=\"_blank\" rel=\"noopener noreferrer\">anteriores ediciones<\/a>, impartir\u00e9 un m\u00f3dulo dentro del curso, m\u00e1s <a href=\"https:\/\/www.ramonramon.org\/blog\/wp-content\/uploads\/DSC03412.jpg\"><img loading=\"lazy\" decoding=\"async\" class=\"alignright  wp-image-19948\" src=\"https:\/\/www.ramonramon.org\/blog\/wp-content\/uploads\/DSC03412-360x240.jpg\" alt=\"Gobierno Abierto CEPAL\" width=\"271\" height=\"180\" srcset=\"https:\/\/ramonramon.org\/blog\/wp-content\/uploads\/DSC03412-360x240.jpg 360w, https:\/\/ramonramon.org\/blog\/wp-content\/uploads\/DSC03412-213x141.jpg 213w\" sizes=\"auto, (max-width: 271px) 100vw, 271px\" \/><\/a>concretamente: \u00ab<strong>Participaci\u00f3n ciudadana<\/strong>\u00ab, y en el mismo trataremos sobre:<\/p>\n<ul>\n<li>La participaci\u00f3n de los ciudadanos en Internet<\/li>\n<li>El rol de las redes sociales<\/li>\n<li>Generaci\u00f3n de una comunicaci\u00f3n efectiva<\/li>\n<\/ul>\n<p style=\"text-align: justify;\">Para ello, espero trasladar a los asistentes algunos conceptos y reflexiones tratadas en este blog con cierta regularidad, como son <a href=\"https:\/\/www.ramonramon.org\/blog\/2015\/02\/12\/presentacion-de-mi-ponencia-en-la-v-cumbre-mundial-de-comunicacion-politica\/\" target=\"_blank\" rel=\"noopener noreferrer\">Sociedad-Red, el valor de la tecnolog\u00eda aplicada a la comunicaci\u00f3n<\/a> o la importancia de la <a href=\"https:\/\/www.ramonramon.org\/blog\/2015\/01\/28\/software-libre-comunicacion-politica-o-gov-innovacion-social-colaborativa\/\" target=\"_blank\" rel=\"noopener noreferrer\">innovaci\u00f3n social colaborativa<\/a> dentro de las estrategias de participaci\u00f3n ciudadana.<\/p>\n<p style=\"text-align: justify;\"><span style=\"font-family: Calibri; font-size: medium;\">La <a href=\"http:\/\/www.cepal.org\/es\" target=\"_blank\" rel=\"noopener noreferrer\">CEPAL<\/a>, a trav\u00e9s del ILPES, realiza asesor\u00eda t\u00e9cnica, investigaci\u00f3n y capacitaci\u00f3n a los pa\u00edses de la regi\u00f3n para impulsar la promoci\u00f3n del gobierno abierto y los datos abiertos y fortalecer la transparencia, la rendici\u00f3n de cuentas y el acceso a la informaci\u00f3n. En este contexto, la formaci\u00f3n de capacidades es uno de sus grandes objetivos y este curso internacional (ya en su cuarta versi\u00f3n), se ha convertido en el m\u00e1s consolidado y reconocido en esta <\/span><a href=\"https:\/\/www.ramonramon.org\/blog\/wp-content\/uploads\/DSC03414.jpg\"><img loading=\"lazy\" decoding=\"async\" class=\"alignleft  wp-image-19950\" src=\"https:\/\/www.ramonramon.org\/blog\/wp-content\/uploads\/DSC03414-360x240.jpg\" alt=\"Gobierno Abierto CEPAL Mexico\" width=\"230\" height=\"153\" srcset=\"https:\/\/ramonramon.org\/blog\/wp-content\/uploads\/DSC03414-360x240.jpg 360w, https:\/\/ramonramon.org\/blog\/wp-content\/uploads\/DSC03414-213x141.jpg 213w\" sizes=\"auto, (max-width: 230px) 100vw, 230px\" \/><\/a><span style=\"font-family: Calibri; font-size: medium;\">materia.<\/span><\/p>\n<p style=\"text-align: justify;\">En esta edici\u00f3n ser\u00e1n 60 los alumnos participantes (el curso ha tenido una gran demanda), de al menos 8 pa\u00edses, con los que espero poder compartir conocimientos y reflexiones.<\/p>\n<p style=\"text-align: justify;\">Si a\u00fan tienes dudas de qu\u00e9 es <a href=\"https:\/\/www.ramonramon.org\/blog\/2013\/11\/27\/que-es-el-gobierno-abierto\/\" target=\"_blank\" rel=\"noopener noreferrer\">Gobierno Abierto, te invito a ver este v\u00eddeo<\/a>.<\/p>\n","protected":false},"excerpt":{"rendered":"<p>Cuarta Edici\u00f3n del Curso Internacional de Gobierno Abierto de la CEPAL, en esta ocasi\u00f3n se celebra en M\u00e9xico DF con participantes de 8 pa\u00edses de la Region. Los pr\u00f3ximos d\u00edas 18 al 22 de mayo se celebrar\u00e1 en la\u00a0\u00a0Sede Subregional de la CEPAL (Comisi\u00f3n Econ\u00f3mica para Am\u00e9rica Latina y el Caribe) en M\u00e9xico DF el&hellip;&nbsp;<a href=\"https:\/\/ramonramon.org\/blog\/2015\/05\/13\/curso-internacional-de-gobierno-abierto-de-la-cepal-en-mexico-df\/\" rel=\"bookmark\">Leer m\u00e1s &raquo;<span class=\"screen-reader-text\">Curso Internacional de Gobierno Abierto de la CEPAL en M\u00e9xico DF<\/span><\/a><\/p>\n","protected":false},"author":2070,"featured_media":0,"comment_status":"open","ping_status":"open","sticky":false,"template":"","format":"standard","meta":{"neve_meta_sidebar":"","neve_meta_container":"","neve_meta_enable_content_width":"","neve_meta_content_width":0,"neve_meta_title_alignment":"","neve_meta_author_avatar":"","neve_post_elements_order":"","neve_meta_disable_header":"","neve_meta_disable_footer":"","neve_meta_disable_title":"","footnotes":""},"categories":[2008,2009],"tags":[1970,1248,546],"class_list":["post-19940","post","type-post","status-publish","format-standard","hentry","category-comunicacion","category-ogov","tag-cepal","tag-gobierno-abierto","tag-mexico"],"aioseo_notices":[],"_links":{"self":[{"href":"https:\/\/ramonramon.org\/blog\/wp-json\/wp\/v2\/posts\/19940","targetHints":{"allow":["GET"]}}],"collection":[{"href":"https:\/\/ramonramon.org\/blog\/wp-json\/wp\/v2\/posts"}],"about":[{"href":"https:\/\/ramonramon.org\/blog\/wp-json\/wp\/v2\/types\/post"}],"author":[{"embeddable":true,"href":"https:\/\/ramonramon.org\/blog\/wp-json\/wp\/v2\/users\/2070"}],"replies":[{"embeddable":true,"href":"https:\/\/ramonramon.org\/blog\/wp-json\/wp\/v2\/comments?post=19940"}],"version-history":[{"count":0,"href":"https:\/\/ramonramon.org\/blog\/wp-json\/wp\/v2\/posts\/19940\/revisions"}],"wp:attachment":[{"href":"https:\/\/ramonramon.org\/blog\/wp-json\/wp\/v2\/media?parent=19940"}],"wp:term":[{"taxonomy":"category","embeddable":true,"href":"https:\/\/ramonramon.org\/blog\/wp-json\/wp\/v2\/categories?post=19940"},{"taxonomy":"post_tag","embeddable":true,"href":"https:\/\/ramonramon.org\/blog\/wp-json\/wp\/v2\/tags?post=19940"}],"curies":[{"name":"wp","href":"https:\/\/api.w.org\/{rel}","templated":true}]}}