{"id":19807,"date":"2015-03-13T19:30:06","date_gmt":"2015-03-13T18:30:06","guid":{"rendered":"https:\/\/www.ramonramon.org\/blog\/?p=19807"},"modified":"2021-09-24T21:04:52","modified_gmt":"2021-09-24T19:04:52","slug":"el-nuevo-mapa-politico-en-espana","status":"publish","type":"post","link":"https:\/\/ramonramon.org\/blog\/2015\/03\/13\/el-nuevo-mapa-politico-en-espana\/","title":{"rendered":"El Nuevo Mapa Pol\u00edtico en Espa\u00f1a"},"content":{"rendered":"<p style=\"text-align: justify;\">El mapa pol\u00edtico en Espa\u00f1a est\u00e1 cambiando a pasos agigantados. Tanto es as\u00ed, que el tradicional bipartidismo est\u00e1\u00a0 \u201csaltando por los aires\u201d tras el auge de partidos como <strong>Podemos y Ciudadanos.<\/strong><\/p>\n<p style=\"text-align: justify;\">En el \u00faltimo sondeo realizado por <a href=\"http:\/\/elpais.com\/elpais\/2015\/03\/07\/media\/1425753123_358981.html\">Metroscopia en marzo<\/a>, podemos ver la evoluci\u00f3n que est\u00e1n teniendo los partidos pol\u00edticos en un a\u00f1o envuelto de elecciones tras elecciones y que tienen al electorado un poco \u201cloco\u201d y cansado con tantos comicios.<\/p>\n<p style=\"text-align: justify;\"><a href=\"https:\/\/www.google.es\/search?q=nuevo+plano+politico+espa%C3%B1ol+metroscopia+marzo&amp;rlz=1C1DVCL_enES392&amp;es_sm=93&amp;biw=1280&amp;bih=699&amp;source=lnms&amp;tbm=isch&amp;sa=X&amp;ei=BmEBVebXFcfwUPLAgqgH&amp;ved=0CAcQ_AUoAg#imgdii=_&amp;imgrc=tPL9q4O4zLcHVM%253A%3B41moGJZtimBWTM%3Bhttp%253A%252F%252Fep01.epimg.net%252Fpolitica%252Fimagenes%252F2015%252F03%252F07%252Factualidad%252F1425756440_821944_1425805792_noticia_normal.png%3Bhttp%253A%252F%252Fpolitica.elpais.com%252Fpolitica%252F2015%252F03%252F07%252Factualidad%252F1425756440_821944.html%3B560%3B317\"><img decoding=\"async\" class=\" aligncenter\" src=\"https:\/\/images-blogger-opensocial.googleusercontent.com\/gadgets\/proxy?url=http%3A%2F%2Fep01.epimg.net%2Fpolitica%2Fimagenes%2F2015%2F03%2F07%2Factualidad%2F1425756440_821944_1425805792_noticia_normal.png&amp;container=blogger&amp;gadget=a&amp;rewriteMime=image%2F*\" alt=\"\" \/><\/a><\/p>\n<p style=\"text-align: justify;\">Por encima de todo, lo que est\u00e1 demostrado es el auge vertiginoso de <strong>Ciudadanos<\/strong>, que coincide con el descalabro del PP. Ciudadanos ha alcanzado en Estimaci\u00f3n de Resultado Electoral sobre Voto V\u00e1lido el 18,4%, algo impensable en el mes de enero, cuando ten\u00edan un resultado de 8,1%.\u00a0 Entre otras cosas, este gran auge en estos primeros meses de a\u00f1o coincide con un par de acciones realizadas por Ciudadanos: <strong>primero<\/strong>, la presentaci\u00f3n de su Programa Econ\u00f3mico, un programa que ha sido realizado y apoyado por economistas de reconocido prestigio como <em>Luis Garicano y Manuel Conthe<\/em>, y que entre las medidas m\u00e1s destacadas est\u00e1n: la creaci\u00f3n de un contrato laboral \u00fanico, la creaci\u00f3n del una renta complementaria para los salarios m\u00e1s bajos y una reducci\u00f3n del IVA e IRPF y; <strong>segundo<\/strong>, el propio l\u00edder de Ciudadanos, <em>Albert Rivera<\/em>, se encarg\u00f3, personalmente de presentar las medidas y explicarlas en un programa de m\u00e1xima audiencia nacional, \u201cUn tiempo nuevo\u201d, siendo el \u00fanico l\u00edder que ha utilizado dicho formato, obteniendo un \u00e9xito rotundo, como demuestra el alcance. Dicha intervenci\u00f3n, tuvo lugar unos d\u00edas antes del sondeo, el 28 de Febrero.<\/p>\n<p style=\"text-align: justify;\">Este auge de <strong>Ciudadanos<\/strong>, coincide, como hemos comentado antes, con el descalabro del <strong>PP<\/strong>, que pasa del 28.2% de enero al 18,6% en marzo. Lo que pierde el PP es exactamente, lo que sube Ciudadanos, por lo que podemos concluir, que el voto del centro-derecha del PP es recogido por Ciudadanos, que se postula con unos pensamientos de centro, alejados de izquierdas y derechas.<\/p>\n<p style=\"text-align: justify;\">El otro partido hist\u00f3rico y protagonista del bipartidismo, el <a href=\"http:\/\/www.psoe.es\/ambito\/actualidad\/home.do\">PSOE<\/a>, se coloca con el 20,2%, recuperando en el \u00faltimo mes lo perdido desde enero. Empez\u00f3 el a\u00f1o con un 23,5% para pasar en el mes de febrero al 18,3% y ascender en marzo al dato mencionado del 20,2%. Un dato que viene unido al descenso de <strong>Podemos<\/strong>, tras lo que muchos denominan, \u201cel techo de Podemos\u201d. Podemos ha pasado del 28,2%\u00a0 al 22,5% en apenas tres meses, un dato muy significativo que viene despu\u00e9s de los casos de <a href=\"http:\/\/www.elmundo.es\/economia\/2015\/02\/06\/54d4fd86268e3e61138b4576.html\">Monedero<\/a> e <a href=\"http:\/\/ccaa.elpais.com\/ccaa\/2015\/03\/06\/andalucia\/1425638335_884985.html\">I\u00f1igo Errej\u00f3n<\/a>.<\/p>\n<p style=\"text-align: justify;\">\n<p style=\"text-align: justify;\">A finales de marzo empieza la primera prueba de fuego para todos ellos, tras la celebraci\u00f3n el pr\u00f3ximo 22 de marzo de las elecciones de Andaluc\u00eda, la comunidad m\u00e1s representativa a nivel nacional y que marcar\u00e1 el camino de los siguientes comicios electorales.<\/p>\n<p style=\"text-align: justify;\">El resultado de estos sondeos lo recogen ambos partidos nuevos (<strong>Podemos y Ciudadanos<\/strong>) para hacer balance de su nueva forma de estrategias. El dato m\u00e1s importante recogido en el sondeo y que demuestra el fin del bipartidismo es que entre el <strong>72-82%<\/strong> de los entrevistados <em>desaprueban o suspenden la gesti\u00f3n tanto del PP como gobernante y la gesti\u00f3n del PSOE como partido en la oposici\u00f3n<\/em>. S\u00edmbolo que denota que el camino est\u00e1 realiz\u00e1ndose para un cambio de plano pol\u00edtico en Espa\u00f1a.<\/p>\n<p style=\"text-align: justify;\">Est\u00e1 claro que <strong>Ciudadanos<\/strong> est\u00e1 lanzando mensajes que est\u00e1n calando en la sociedad, hasta tal punto que su l\u00edder, Albert Rivera, es el m\u00e1s valorado de todos los pol\u00edticos y el \u00fanico que aprueba. Destacable es que el l\u00edder de <strong>Podemos<\/strong>, <em>Pablo Iglesias<\/em>, <span style=\"text-decoration: underline;\">sea el peor valorado<\/span>, \u00fanicamente superado por el actual presidente del gobierno del PP, Mariano Rajoy. <em>Pablo Iglesias ha pasado de ser el tercero m\u00e1s valorado a ser el segundo menos valorado en tan solo un mes.<\/em><\/p>\n","protected":false},"excerpt":{"rendered":"<p>El mapa pol\u00edtico en Espa\u00f1a est\u00e1 cambiando a pasos agigantados. Tanto es as\u00ed, que el tradicional bipartidismo est\u00e1\u00a0 \u201csaltando por los aires\u201d tras el auge de partidos como Podemos y Ciudadanos. En el \u00faltimo sondeo realizado por Metroscopia en marzo, podemos ver la evoluci\u00f3n que est\u00e1n teniendo los partidos pol\u00edticos en un a\u00f1o envuelto de&hellip;&nbsp;<a href=\"https:\/\/ramonramon.org\/blog\/2015\/03\/13\/el-nuevo-mapa-politico-en-espana\/\" rel=\"bookmark\">Leer m\u00e1s &raquo;<span class=\"screen-reader-text\">El Nuevo Mapa Pol\u00edtico en Espa\u00f1a<\/span><\/a><\/p>\n","protected":false},"author":2192,"featured_media":0,"comment_status":"open","ping_status":"open","sticky":false,"template":"","format":"standard","meta":{"neve_meta_sidebar":"","neve_meta_container":"","neve_meta_enable_content_width":"","neve_meta_content_width":0,"neve_meta_title_alignment":"","neve_meta_author_avatar":"","neve_post_elements_order":"","neve_meta_disable_header":"","neve_meta_disable_footer":"","neve_meta_disable_title":"","footnotes":""},"categories":[8],"tags":[1934],"class_list":["post-19807","post","type-post","status-publish","format-standard","hentry","category-elecciones","tag-politica"],"aioseo_notices":[],"_links":{"self":[{"href":"https:\/\/ramonramon.org\/blog\/wp-json\/wp\/v2\/posts\/19807","targetHints":{"allow":["GET"]}}],"collection":[{"href":"https:\/\/ramonramon.org\/blog\/wp-json\/wp\/v2\/posts"}],"about":[{"href":"https:\/\/ramonramon.org\/blog\/wp-json\/wp\/v2\/types\/post"}],"author":[{"embeddable":true,"href":"https:\/\/ramonramon.org\/blog\/wp-json\/wp\/v2\/users\/2192"}],"replies":[{"embeddable":true,"href":"https:\/\/ramonramon.org\/blog\/wp-json\/wp\/v2\/comments?post=19807"}],"version-history":[{"count":0,"href":"https:\/\/ramonramon.org\/blog\/wp-json\/wp\/v2\/posts\/19807\/revisions"}],"wp:attachment":[{"href":"https:\/\/ramonramon.org\/blog\/wp-json\/wp\/v2\/media?parent=19807"}],"wp:term":[{"taxonomy":"category","embeddable":true,"href":"https:\/\/ramonramon.org\/blog\/wp-json\/wp\/v2\/categories?post=19807"},{"taxonomy":"post_tag","embeddable":true,"href":"https:\/\/ramonramon.org\/blog\/wp-json\/wp\/v2\/tags?post=19807"}],"curies":[{"name":"wp","href":"https:\/\/api.w.org\/{rel}","templated":true}]}}