{"id":1935,"date":"2009-05-18T00:44:36","date_gmt":"2009-05-17T23:44:36","guid":{"rendered":"https:\/\/www.ramonramon.org\/blog\/?p=1935"},"modified":"2012-09-05T10:02:30","modified_gmt":"2012-09-05T08:02:30","slug":"andalucia-cuna-de-los-derechos-de-internet","status":"publish","type":"post","link":"https:\/\/ramonramon.org\/blog\/2009\/05\/18\/andalucia-cuna-de-los-derechos-de-internet\/","title":{"rendered":"Andaluc\u00eda, cuna de los derechos de Internet"},"content":{"rendered":"<p>No pod\u00eda ser en otro sitio, cuna de civilizaciones y culturas, convivencia y respeto, Andaluc\u00eda ser\u00e1 la precursora elegida para el desarrollo del Foro de Derechos y Deberes en Internet.<\/p>\n<p>Ha sido anunciado\u00a0 por el responsable de comunicaci\u00f3n de e-Verano.org 2009, Miguel \u00c1ngel Sillero, con motivo del d\u00eda de Internet . Dicho foro estar\u00e1 compuesto de representantes pol\u00edticos de alto nivel con representaci\u00f3n de todos partidos pol\u00edticos, asociaciones sociales, usuarios, estudiantes, universidades, empresarios y profesionales en tecnolog\u00edas de la informaci\u00f3n. Con esta acci\u00f3n pretendemos que Internet, como cualquier sistema, siente las bases para que internacionalmente exista una \u201cConsciencia Global\u201d , no podemos seguir permitiendo que se cometan atrocidades por el hecho de estar amparados por anonimato digital. Con esto no queremos un sitio de normas y leyes, ya que no se le pueden poner puertas al campo, pero s\u00ed un dec\u00e1logo de buenas pr\u00e1cticas que contemple los derechos fundamentales de un internauta.<\/p>\n<p>Dichas bases se inscribir\u00e1n en un documento, firmado por todos los representantes, que ser\u00e1 presentado ante los Ministerios de Educaci\u00f3n y Ciencia e Innovaci\u00f3n, para que lo eleve al Parlamento Europeo y siente las bases para un debate internacional a celebrar en la OSWC 2009 (Open Source World Conference), que con seguridad se celebrar\u00e1 este a\u00f1o en Extremadura. Sin duda, este inicio sentar\u00e1 las bases de un debate intenso e internacional que pretende conseguir un consenso de gran parte de los usuarios de Internet.<\/p>\n<p>Las jornadas e-verano.org se celebrar\u00e1n del 6 al 12 de julio  en un marco repleto de cursos de formaci\u00f3n, naturaleza y ocio; en ellas se disfrutar\u00e1n de Eventos TIC, Jornadas Magistrales, Tecnolog\u00edas Abiertas y eventos deportivos y sociales paralelos, todo ello organizado por la UNED, Fundaci\u00f3n I+D Software Libre, Consejo de la Juventud de Andaluc\u00eda e Iniciativa Focus, algo que no te puedes perder.<\/p>\n<p>Gabinete de Prensa<\/p>\n","protected":false},"excerpt":{"rendered":"<p>No pod\u00eda ser en otro sitio, cuna de civilizaciones y culturas, convivencia y respeto, Andaluc\u00eda ser\u00e1 la precursora elegida para el desarrollo del Foro de Derechos y Deberes en Internet. Ha sido anunciado\u00a0 por el responsable de comunicaci\u00f3n de e-Verano.org 2009, Miguel \u00c1ngel Sillero, con motivo del d\u00eda de Internet . Dicho foro estar\u00e1 compuesto&hellip;&nbsp;<a href=\"https:\/\/ramonramon.org\/blog\/2009\/05\/18\/andalucia-cuna-de-los-derechos-de-internet\/\" rel=\"bookmark\">Leer m\u00e1s &raquo;<span class=\"screen-reader-text\">Andaluc\u00eda, cuna de los derechos de Internet<\/span><\/a><\/p>\n","protected":false},"author":2070,"featured_media":0,"comment_status":"open","ping_status":"open","sticky":false,"template":"","format":"standard","meta":{"neve_meta_sidebar":"","neve_meta_container":"","neve_meta_enable_content_width":"","neve_meta_content_width":0,"neve_meta_title_alignment":"","neve_meta_author_avatar":"","neve_post_elements_order":"","neve_meta_disable_header":"","neve_meta_disable_footer":"","neve_meta_disable_title":"","footnotes":""},"categories":[23],"tags":[836,470,1997],"class_list":["post-1935","post","type-post","status-publish","format-standard","hentry","category-personal","tag-e-verano-org","tag-internet","tag-libertad-tecnologica"],"aioseo_notices":[],"_links":{"self":[{"href":"https:\/\/ramonramon.org\/blog\/wp-json\/wp\/v2\/posts\/1935","targetHints":{"allow":["GET"]}}],"collection":[{"href":"https:\/\/ramonramon.org\/blog\/wp-json\/wp\/v2\/posts"}],"about":[{"href":"https:\/\/ramonramon.org\/blog\/wp-json\/wp\/v2\/types\/post"}],"author":[{"embeddable":true,"href":"https:\/\/ramonramon.org\/blog\/wp-json\/wp\/v2\/users\/2070"}],"replies":[{"embeddable":true,"href":"https:\/\/ramonramon.org\/blog\/wp-json\/wp\/v2\/comments?post=1935"}],"version-history":[{"count":0,"href":"https:\/\/ramonramon.org\/blog\/wp-json\/wp\/v2\/posts\/1935\/revisions"}],"wp:attachment":[{"href":"https:\/\/ramonramon.org\/blog\/wp-json\/wp\/v2\/media?parent=1935"}],"wp:term":[{"taxonomy":"category","embeddable":true,"href":"https:\/\/ramonramon.org\/blog\/wp-json\/wp\/v2\/categories?post=1935"},{"taxonomy":"post_tag","embeddable":true,"href":"https:\/\/ramonramon.org\/blog\/wp-json\/wp\/v2\/tags?post=1935"}],"curies":[{"name":"wp","href":"https:\/\/api.w.org\/{rel}","templated":true}]}}