{"id":1928,"date":"2009-05-16T21:34:43","date_gmt":"2009-05-16T20:34:43","guid":{"rendered":"https:\/\/www.ramonramon.org\/blog\/?p=1928"},"modified":"2020-03-22T13:01:54","modified_gmt":"2020-03-22T12:01:54","slug":"difunde-e-veranoorg-2","status":"publish","type":"post","link":"https:\/\/ramonramon.org\/blog\/2009\/05\/16\/difunde-e-veranoorg-2\/","title":{"rendered":"Difunde e-verano.org"},"content":{"rendered":"<p>El e-verano.org 2009 sigue cogiendo forma, ya tenemos el listado definitivo de actividades (o eso esperamos, quien sabe si no se suma alg\u00fan evento m\u00e1s en estos d\u00edas), con 12 cursos <a href=\"https:\/\/ramonramon.org\/blog\/wp-content\/uploads\/2009\/05\/e-verano.jpg\"><img loading=\"lazy\" decoding=\"async\" class=\"alignright size-medium wp-image-1929\" title=\"e-verano\" src=\"https:\/\/www.ramonramon.org\/blog\/wp-content\/uploads\/2009\/05\/e-verano.jpg\" alt=\"e-verano\" width=\"300\" height=\"225\" srcset=\"https:\/\/ramonramon.org\/blog\/wp-content\/uploads\/2009\/05\/e-verano.jpg 604w, https:\/\/ramonramon.org\/blog\/wp-content\/uploads\/2009\/05\/e-verano-188x141.jpg 188w\" sizes=\"auto, (max-width: 300px) 100vw, 300px\" \/><\/a>t\u00e9cnicos, 2 cursos magistrales en formato desconferencia, un curso para movimientos asociativos del CJA, un encuentro de t\u00e9cnicos de Iris-Libre y mucha, mucha convivencia.<\/p>\n<p>Ahora necesitamos recursos y sobre todo mucha, mucha difusi\u00f3n.\u00a0 Seguro que se te ocurre una manera de como ayudarnos. Como ver\u00e9is en la foto unos cuantos voluntarios de Iniciativa Focus se han lanzado a promocionarlo con sus camisetas de otros a\u00f1os.<\/p>\n<p>No lo olvides, <strong>del 6 al 12 de julio, e-verano.org<\/strong><\/p>\n","protected":false},"excerpt":{"rendered":"<p>El e-verano.org 2009 sigue cogiendo forma, ya tenemos el listado definitivo de actividades (o eso esperamos, quien sabe si no se suma alg\u00fan evento m\u00e1s en estos d\u00edas), con 12 cursos t\u00e9cnicos, 2 cursos magistrales en formato desconferencia, un curso para movimientos asociativos del CJA, un encuentro de t\u00e9cnicos de Iris-Libre y mucha, mucha convivencia.&hellip;&nbsp;<a href=\"https:\/\/ramonramon.org\/blog\/2009\/05\/16\/difunde-e-veranoorg-2\/\" rel=\"bookmark\">Leer m\u00e1s &raquo;<span class=\"screen-reader-text\">Difunde e-verano.org<\/span><\/a><\/p>\n","protected":false},"author":2070,"featured_media":0,"comment_status":"open","ping_status":"open","sticky":false,"template":"","format":"standard","meta":{"neve_meta_sidebar":"","neve_meta_container":"","neve_meta_enable_content_width":"","neve_meta_content_width":0,"neve_meta_title_alignment":"","neve_meta_author_avatar":"","neve_post_elements_order":"","neve_meta_disable_header":"","neve_meta_disable_footer":"","neve_meta_disable_title":"","footnotes":""},"categories":[6,14],"tags":[304,836,855],"class_list":["post-1928","post","type-post","status-publish","format-standard","hentry","category-conocimientolibre","category-iniciativafocus","tag-e-verano","tag-e-verano-org","tag-e-verano-org-2009"],"aioseo_notices":[],"_links":{"self":[{"href":"https:\/\/ramonramon.org\/blog\/wp-json\/wp\/v2\/posts\/1928","targetHints":{"allow":["GET"]}}],"collection":[{"href":"https:\/\/ramonramon.org\/blog\/wp-json\/wp\/v2\/posts"}],"about":[{"href":"https:\/\/ramonramon.org\/blog\/wp-json\/wp\/v2\/types\/post"}],"author":[{"embeddable":true,"href":"https:\/\/ramonramon.org\/blog\/wp-json\/wp\/v2\/users\/2070"}],"replies":[{"embeddable":true,"href":"https:\/\/ramonramon.org\/blog\/wp-json\/wp\/v2\/comments?post=1928"}],"version-history":[{"count":0,"href":"https:\/\/ramonramon.org\/blog\/wp-json\/wp\/v2\/posts\/1928\/revisions"}],"wp:attachment":[{"href":"https:\/\/ramonramon.org\/blog\/wp-json\/wp\/v2\/media?parent=1928"}],"wp:term":[{"taxonomy":"category","embeddable":true,"href":"https:\/\/ramonramon.org\/blog\/wp-json\/wp\/v2\/categories?post=1928"},{"taxonomy":"post_tag","embeddable":true,"href":"https:\/\/ramonramon.org\/blog\/wp-json\/wp\/v2\/tags?post=1928"}],"curies":[{"name":"wp","href":"https:\/\/api.w.org\/{rel}","templated":true}]}}