{"id":19256,"date":"2015-01-05T20:06:10","date_gmt":"2015-01-05T19:06:10","guid":{"rendered":"https:\/\/www.ramonramon.org\/blog\/?p=19256"},"modified":"2020-03-29T20:56:15","modified_gmt":"2020-03-29T18:56:15","slug":"soberaniatecnologica-una-necesidad-y-un-planteamiento-politico-que-se-nutre-del-republicanismo-civico","status":"publish","type":"post","link":"https:\/\/ramonramon.org\/blog\/2015\/01\/05\/soberaniatecnologica-una-necesidad-y-un-planteamiento-politico-que-se-nutre-del-republicanismo-civico\/","title":{"rendered":"#Soberan\u00edaTecnol\u00f3gica, una necesidad y un planteamiento pol\u00edtico, que se nutre del Republicanismo C\u00edvico"},"content":{"rendered":"<p style=\"text-align: justify;\">Cuando hablo en mis conferencias sobre <a href=\"https:\/\/www.ramonramon.org\/blog\/?s=neutralidad+tecnol%C3%B3gica\" target=\"_blank\" rel=\"noopener noreferrer\">Soberan\u00eda Tecnol\u00f3gica<\/a> lo primero que <a href=\"https:\/\/www.ramonramon.org\/blog\/wp-content\/uploads\/BeersPolitics.jpg\"><img loading=\"lazy\" decoding=\"async\" class=\"alignright size-medium wp-image-19267\" src=\"https:\/\/www.ramonramon.org\/blog\/wp-content\/uploads\/BeersPolitics-600x478.jpg\" alt=\"Soberan\u00eda Tecnol\u00f3gica Beers Politics\" width=\"300\" height=\"300\" srcset=\"https:\/\/ramonramon.org\/blog\/wp-content\/uploads\/BeersPolitics-141x141.jpg 141w, https:\/\/ramonramon.org\/blog\/wp-content\/uploads\/BeersPolitics.jpg 600w\" sizes=\"auto, (max-width: 300px) 100vw, 300px\" \/><\/a>todo el mundo piensa es que voy a hablar de bits, de computadoras, de lo digital, de las mal llamadas \u00abnuevas tecnolog\u00edas\u00bb, &#8230; aunque realmente lo que hago es hablar de republicanismo c\u00edvico. Como define <a href=\"http:\/\/es.wikipedia.org\/wiki\/Philip_Pettit\" target=\"_blank\" rel=\"noopener noreferrer\">Philip Pettit<\/a>, el republicanismo c\u00edvico moderno se centra en la idea de libertad basada en el principio de de no dominaci\u00f3n, por resumirlo en pocas palabras. Y en esa l\u00ednea tambi\u00e9n fue mi intervenci\u00f3n en el pasado <a href=\"http:\/\/beersandpolitics.com\/soberania-tecnologica-germen-de-la-revolucion-en-las-calles\/\" target=\"_blank\" rel=\"noopener noreferrer\">Beers &amp; Politics celebrado en M\u00e1laga<\/a>, de la mano de dos grandes profesionales del sector como son <a href=\"http:\/\/www.angelapaloma.com\/\" target=\"_blank\" rel=\"noopener noreferrer\">\u00c1ngela Paloma<\/a> y <a href=\"https:\/\/twitter.com\/guzmanagp\" target=\"_blank\" rel=\"noopener noreferrer\">Antonio Guzm\u00e1n<\/a>.<\/p>\n<p style=\"text-align: justify;\">En ese sentido, ya he escrito en algunas ocasiones: <a title=\"Enlace a... La soberan\u00eda tecnol\u00f3gica es el resultado de la libertad\" href=\"https:\/\/www.ramonramon.org\/blog\/2012\/06\/12\/soberania-tecnologica-vs-neutralidad\/\" rel=\"bookmark\">La soberan\u00eda tecnol\u00f3gica es el resultado de la libertad<\/a><\/p>\n<blockquote><p><em>La <strong>soberan\u00eda tecnol\u00f3gica<\/strong> es el resultado de la <strong>libertad<\/strong>, entendida como <strong>no dominaci\u00f3n<\/strong>, de los estados frente a los poderes tecnol\u00f3gicos (ostentados por corporaciones tecnol\u00f3gicas privadas).<\/em><\/p>\n<p><em>La base de la soberan\u00eda tecnol\u00f3gica es la <strong>garant\u00eda de la ciudadan\u00eda en libertad<\/strong>, s\u00f3lo posible mediante la educaci\u00f3n (en sentido amplio y en concreto la educaci\u00f3n tecnol\u00f3gica) y la investigaci\u00f3n (la Universidad).<\/em><\/p><\/blockquote>\n<p style=\"text-align: justify;\">Pero lo que realmente quiero en este post es centrarme en la parte pol\u00edtica, en el m\u00e1s amplio sentido de la palabra, y as\u00ed, hablar del concepto de la dominaci\u00f3n o no dominaci\u00f3n de cualquier poder externo, y como ejemplo m\u00e1s expl\u00edcito en estos \u00faltimos a\u00f1os en Europa: LA TROIKA, sobre los intereses colectivos.<\/p>\n<p style=\"text-align: justify;\">En este sentido es el que el art\u00edculo de Antonio Estella en El Diario: <a href=\"http:\/\/www.eldiario.es\/agendapublica\/blog\/republicanismo-civico_6_78452184.html\" target=\"_blank\" rel=\"noopener noreferrer\">\u00bfQu\u00e9 fue del republicanismo c\u00edvico?<\/a> y su subtitular me enamora:<\/p>\n<blockquote>\n<p style=\"text-align: justify;\">Pol\u00edticamente, el problema no se encuentra tanto en c\u00f3mo limitar a los gobiernos, sino en c\u00f3mo hacerlos m\u00e1s eficaces frente a otro tipo de poderes, sobre todo econ\u00f3micos<\/p>\n<\/blockquote>\n<figure id=\"attachment_19270\" aria-describedby=\"caption-attachment-19270\" style=\"width: 300px\" class=\"wp-caption alignleft\"><a href=\"https:\/\/www.ramonramon.org\/blog\/wp-content\/uploads\/BeersAndPolitics.jpeg\"><img loading=\"lazy\" decoding=\"async\" class=\"size-medium wp-image-19270\" src=\"https:\/\/www.ramonramon.org\/blog\/wp-content\/uploads\/BeersAndPolitics-850x478.jpeg\" alt=\"Foto gracias a Juan Carlos Calder\u00f3n durante el pasado Beers&amp;Politics https:\/\/twitter.com\/Caldecom\/status\/551117768498872320\/photo\/1\" width=\"300\" height=\"225\" srcset=\"https:\/\/ramonramon.org\/blog\/wp-content\/uploads\/BeersAndPolitics-188x141.jpeg 188w, https:\/\/ramonramon.org\/blog\/wp-content\/uploads\/BeersAndPolitics.jpeg 1024w\" sizes=\"auto, (max-width: 300px) 100vw, 300px\" \/><\/a><figcaption id=\"caption-attachment-19270\" class=\"wp-caption-text\">Foto gracias a Juan Carlos Calder\u00f3n durante el pasado Beers&amp;Politics https:\/\/twitter.com\/Caldecom\/status\/551117768498872320\/photo\/1<\/figcaption><\/figure>\n<p style=\"text-align: justify;\">Porque no nos damos cuenta que la <a href=\"https:\/\/www.ramonramon.org\/blog\/tag\/soberania-tecnologica\/\" target=\"_blank\" rel=\"noopener noreferrer\">soberan\u00eda tecnol\u00f3gica<\/a>, como casi todo en esta vida, es un concepto pol\u00edtico, social, no t\u00e9cnico.&nbsp; Y porque adem\u00e1s, como define el propio Estella, es hacer eficaces a los gobiernos, o lo que es lo mismo, usar los recursos p\u00fablicos de la forma m\u00e1s eficientemente posible, primando los intereses de la ciudadan\u00eda frente a los de las transnacionales.<\/p>\n<p style=\"text-align: justify;\">Es importante reivindicar la co-responsabilidad de la ciudadan\u00eda si no reclama el uso eficiente de los recursos p\u00fablicos, si no denuncia el <a href=\"https:\/\/www.ramonramon.org\/blog\/tag\/despilfarro\/\" target=\"_blank\" rel=\"noopener noreferrer\">despilfarro<\/a> del dinero p\u00fablico, la <a href=\"https:\/\/www.ramonramon.org\/blog\/?s=esclavitud\" target=\"_blank\" rel=\"noopener noreferrer\">esclavitud tecnol\u00f3gica<\/a>,&nbsp; &#8230; y en esa misma l\u00ednea, siguiendo la base ideol\u00f3gica del republicanismo c\u00edvico, tambi\u00e9n nos exige de una ciudadan\u00eda activa, reivindicativa.<\/p>\n<p style=\"text-align: justify;\">Durante el <a href=\"https:\/\/www.ramonramon.org\/blog\/2014\/12\/29\/soberania-tecnologica-germen-de-la-revolucion-en-las-calles\/\" target=\"_blank\" rel=\"noopener noreferrer\">pasado Beers &amp; Politics<\/a> hablamos mucho de ello, igual que hablamos mucho que <a href=\"https:\/\/www.ramonramon.org\/blog\/2014\/06\/17\/la-tecnologia-sin-sentido-es-garantia-de-desastre\/\" target=\"_blank\" rel=\"noopener noreferrer\">la tecnolog\u00eda no puede ser el fin<\/a>, ni tampoco la que <a href=\"https:\/\/www.ramonramon.org\/blog\/2014\/06\/05\/digitalizar-por-digitalizar\/\" target=\"_blank\" rel=\"noopener noreferrer\">provoque el cambio por el simple hecho de estar ah\u00ed<\/a>.<\/p>\n<h4 style=\"text-align: right;\">La tecnolog\u00eda ha de ser la fuerza motriz del cambio, pero su direcci\u00f3n y sentido ha de ser resultado de un proceso pol\u00edtico, con una profunda ra\u00edz c\u00edvica y republicana.<\/h4>\n","protected":false},"excerpt":{"rendered":"<p>Cuando hablo en mis conferencias sobre Soberan\u00eda Tecnol\u00f3gica lo primero que todo el mundo piensa es que voy a hablar de bits, de computadoras, de lo digital, de las mal llamadas \u00abnuevas tecnolog\u00edas\u00bb, &#8230; aunque realmente lo que hago es hablar de republicanismo c\u00edvico. Como define Philip Pettit, el republicanismo c\u00edvico moderno se centra en&hellip;&nbsp;<a href=\"https:\/\/ramonramon.org\/blog\/2015\/01\/05\/soberaniatecnologica-una-necesidad-y-un-planteamiento-politico-que-se-nutre-del-republicanismo-civico\/\" rel=\"bookmark\">Leer m\u00e1s &raquo;<span class=\"screen-reader-text\">#Soberan\u00edaTecnol\u00f3gica, una necesidad y un planteamiento pol\u00edtico, que se nutre del Republicanismo C\u00edvico<\/span><\/a><\/p>\n","protected":false},"author":2070,"featured_media":0,"comment_status":"open","ping_status":"open","sticky":false,"template":"","format":"standard","meta":{"neve_meta_sidebar":"","neve_meta_container":"","neve_meta_enable_content_width":"","neve_meta_content_width":0,"neve_meta_title_alignment":"","neve_meta_author_avatar":"","neve_post_elements_order":"","neve_meta_disable_header":"","neve_meta_disable_footer":"","neve_meta_disable_title":"","footnotes":""},"categories":[2008,8],"tags":[1806,1934,1042],"class_list":["post-19256","post","type-post","status-publish","format-standard","hentry","category-comunicacion","category-elecciones","tag-comunicacion-politica","tag-politica","tag-soberania-tecnologica"],"aioseo_notices":[],"_links":{"self":[{"href":"https:\/\/ramonramon.org\/blog\/wp-json\/wp\/v2\/posts\/19256","targetHints":{"allow":["GET"]}}],"collection":[{"href":"https:\/\/ramonramon.org\/blog\/wp-json\/wp\/v2\/posts"}],"about":[{"href":"https:\/\/ramonramon.org\/blog\/wp-json\/wp\/v2\/types\/post"}],"author":[{"embeddable":true,"href":"https:\/\/ramonramon.org\/blog\/wp-json\/wp\/v2\/users\/2070"}],"replies":[{"embeddable":true,"href":"https:\/\/ramonramon.org\/blog\/wp-json\/wp\/v2\/comments?post=19256"}],"version-history":[{"count":0,"href":"https:\/\/ramonramon.org\/blog\/wp-json\/wp\/v2\/posts\/19256\/revisions"}],"wp:attachment":[{"href":"https:\/\/ramonramon.org\/blog\/wp-json\/wp\/v2\/media?parent=19256"}],"wp:term":[{"taxonomy":"category","embeddable":true,"href":"https:\/\/ramonramon.org\/blog\/wp-json\/wp\/v2\/categories?post=19256"},{"taxonomy":"post_tag","embeddable":true,"href":"https:\/\/ramonramon.org\/blog\/wp-json\/wp\/v2\/tags?post=19256"}],"curies":[{"name":"wp","href":"https:\/\/api.w.org\/{rel}","templated":true}]}}