{"id":1906,"date":"2009-05-08T13:10:32","date_gmt":"2009-05-08T12:10:32","guid":{"rendered":"https:\/\/www.ramonramon.org\/blog\/?p=1906"},"modified":"2020-03-22T13:28:37","modified_gmt":"2020-03-22T12:28:37","slug":"que-es-e-veranoorg","status":"publish","type":"post","link":"https:\/\/ramonramon.org\/blog\/2009\/05\/08\/que-es-e-veranoorg\/","title":{"rendered":"\u00bfQu\u00e9 es e-verano.org?"},"content":{"rendered":"<p>Tras hablar con los amigos C\u00e9sar Calder\u00f3n o <a href=\"http:\/\/luissalvador-ovac.blogspot.com\/\">Luis Salvador<\/a>, y comentar el concepto e-verano.org con ellos -que f\u00e1cil es hacerlo con gente que lo tiene claro- me he planteado definirlo y&#8230; lo cierto es, que aunque suene a topicazo, me cuesta decirlo con palabras, hay que vivirlo.\u00a0 \u00bfEs e-verano.org unas jornadas divulgativas y cursos?<\/p>\n<p>Puede ser, pero.. e-verano.org es algo m\u00e1s, es simple y llanamente un espacio para compartir y convivir.\u00a0 Y como definici\u00f3n de lo que se hace en esos d\u00edas, me remito a un antiguo post del amigo Juantom\u00e1s, donde recoge perfectamente el sentir del evento y su vivencia cuando a\u00fan casi ni nos conoc\u00edamos: Desde e-verano.org que en gran medida recog\u00eda el esp\u00edritu, pero unos cuantos a\u00f1os antes y.. sin que existiera la moda del 2.0, de lo que expresa Alorza en su post Hay que renovar los eventos dospuntoceristas<\/p>\n<p>Esperamos que todos pod\u00e1is disfrutar de e-verano.org, de sus<a href=\"http:\/\/www.flickr.com\/photos\/sblanco\/237026514\/\"> tertulias<\/a>, sus charlas, sus encuentros, los incansables<a href=\"http:\/\/www.flickr.com\/photos\/ramonramon\/224624450\/\"> voluntarios de IniciativaFocus<\/a>&#8230; en resumen, de <a href=\"e-verano.org: compartir y convivir\">compartir y convivir<\/a>.<\/p>\n<p>M\u00e1s posts relacionados con esta idea:<\/p>\n<h3><a title=\"Permanent Link to e-verano.org: compartir y convivir\" rel=\"bookmark\" href=\"..\/2007\/07\/19\/e-veranoorg-compartir-y-convivir\/\">e-verano.org: compartir y convivir<\/a><\/h3>\n<h3><a title=\"Permanent Link to F2F: El \u00faltimo experimento formativo de este verano\" rel=\"bookmark\" href=\"..\/2006\/08\/30\/f2f-el-ultimo-experimento-formativo-de-este-verano\/\">F2F: El \u00faltimo experimento formativo de este verano<\/a><\/h3>\n<h3><a title=\"Permanent Link to Donde adquirir el conocimiento es algo divertido, realizador y emocionante\" rel=\"bookmark\" href=\"..\/2006\/08\/26\/donde-adquirir-el-conocimiento-es-algo-divertido-realizador-y-emocionante\/\">Donde adquirir el conocimiento es algo divertido, realizador y emocionante<\/a><\/h3>\n<h3><a title=\"Permanent Link to M\u00e1s satisfacci\u00f3n y orgullo: el DVD de las 3JTASL\" rel=\"bookmark\" href=\"..\/2006\/10\/01\/mas-satisfaccion-y-orgullo-el-dvd-de-las-3jtasl\/\">M\u00e1s satisfacci\u00f3n y orgullo: el DVD de las 3JTASL<\/a><\/h3>\n","protected":false},"excerpt":{"rendered":"<p>Tras hablar con los amigos C\u00e9sar Calder\u00f3n o Luis Salvador, y comentar el concepto e-verano.org con ellos -que f\u00e1cil es hacerlo con gente que lo tiene claro- me he planteado definirlo y&#8230; lo cierto es, que aunque suene a topicazo, me cuesta decirlo con palabras, hay que vivirlo.\u00a0 \u00bfEs e-verano.org unas jornadas divulgativas y cursos?&hellip;&nbsp;<a href=\"https:\/\/ramonramon.org\/blog\/2009\/05\/08\/que-es-e-veranoorg\/\" rel=\"bookmark\">Leer m\u00e1s &raquo;<span class=\"screen-reader-text\">\u00bfQu\u00e9 es e-verano.org?<\/span><\/a><\/p>\n","protected":false},"author":2070,"featured_media":0,"comment_status":"open","ping_status":"open","sticky":false,"template":"","format":"standard","meta":{"neve_meta_sidebar":"","neve_meta_container":"","neve_meta_enable_content_width":"","neve_meta_content_width":0,"neve_meta_title_alignment":"","neve_meta_author_avatar":"","neve_post_elements_order":"","neve_meta_disable_header":"","neve_meta_disable_footer":"","neve_meta_disable_title":"","footnotes":""},"categories":[23],"tags":[200,836,855,1994,480],"class_list":["post-1906","post","type-post","status-publish","format-standard","hentry","category-personal","tag-compartir","tag-e-verano-org","tag-e-verano-org-2009","tag-iniciativafocus","tag-jornadas"],"aioseo_notices":[],"_links":{"self":[{"href":"https:\/\/ramonramon.org\/blog\/wp-json\/wp\/v2\/posts\/1906","targetHints":{"allow":["GET"]}}],"collection":[{"href":"https:\/\/ramonramon.org\/blog\/wp-json\/wp\/v2\/posts"}],"about":[{"href":"https:\/\/ramonramon.org\/blog\/wp-json\/wp\/v2\/types\/post"}],"author":[{"embeddable":true,"href":"https:\/\/ramonramon.org\/blog\/wp-json\/wp\/v2\/users\/2070"}],"replies":[{"embeddable":true,"href":"https:\/\/ramonramon.org\/blog\/wp-json\/wp\/v2\/comments?post=1906"}],"version-history":[{"count":0,"href":"https:\/\/ramonramon.org\/blog\/wp-json\/wp\/v2\/posts\/1906\/revisions"}],"wp:attachment":[{"href":"https:\/\/ramonramon.org\/blog\/wp-json\/wp\/v2\/media?parent=1906"}],"wp:term":[{"taxonomy":"category","embeddable":true,"href":"https:\/\/ramonramon.org\/blog\/wp-json\/wp\/v2\/categories?post=1906"},{"taxonomy":"post_tag","embeddable":true,"href":"https:\/\/ramonramon.org\/blog\/wp-json\/wp\/v2\/tags?post=1906"}],"curies":[{"name":"wp","href":"https:\/\/api.w.org\/{rel}","templated":true}]}}