{"id":1903,"date":"2009-05-08T00:09:01","date_gmt":"2009-05-07T23:09:01","guid":{"rendered":"https:\/\/www.ramonramon.org\/blog\/?p=1903"},"modified":"2014-09-20T18:26:32","modified_gmt":"2014-09-20T16:26:32","slug":"e-veranoorg-2009-sigue-creciendo","status":"publish","type":"post","link":"https:\/\/ramonramon.org\/blog\/2009\/05\/08\/e-veranoorg-2009-sigue-creciendo\/","title":{"rendered":"e-verano.org 2009 sigue creciendo"},"content":{"rendered":"<p>En estas semanas previas al e-verano.org se incrementa el ritmo para que todo est\u00e9 perfectamente organizado y a tiempo, y as\u00ed, adem\u00e1s de tener nuevas incorporaciones en la organizaci\u00f3n, ahora mismo nuestra principal preocupaci\u00f3n es la falta de entidades colaboradoras o patrocinadores, se siguen sumando importantes ponentes.\u00a0 En este sentido en el curso de <a title=\"Permanent Link to Redes Sociales y Pol\u00edtica 2.0 en e-verano.org\" rel=\"bookmark\" href=\"..\/2009\/05\/05\/redes-sociales-y-politica-20-en-e-veranoorg\/\">Redes Sociales y Pol\u00edtica 2.0 en e-verano.org<\/a> tenemos confirmados dos nuevos ponentes de lujo como son C\u00e9sar Calder\u00f3n de Netorat\u00f3n &#8211; Las Ideas y David Cierco, Director General para el Desarrollo de la Sociedad de la Informaci\u00f3n<\/p>\n<p>Si tras ver el intenso programa consideras que a\u00fan faltan cosas\/actividades en el programa, o piensas que puedes ayudarnos, estaremos encantados de recibir<a href=\"mailto:organizacion(arroba)e-verano(punto)org\"> tus propuestas<\/a>, y por supuesto, si puedes echarnos una mano para encontrar alg\u00fan tipo de colaboraci\u00f3n o recurso que pueda venirnos bien, ya sabes un <a href=\"mailto:colabora(arroba)e-verano(punto)org\">correito <\/a><\/p>\n<p>Nos vemos en el e-verano.org<\/p>\n","protected":false},"excerpt":{"rendered":"<p>En estas semanas previas al e-verano.org se incrementa el ritmo para que todo est\u00e9 perfectamente organizado y a tiempo, y as\u00ed, adem\u00e1s de tener nuevas incorporaciones en la organizaci\u00f3n, ahora mismo nuestra principal preocupaci\u00f3n es la falta de entidades colaboradoras o patrocinadores, se siguen sumando importantes ponentes.\u00a0 En este sentido en el curso de Redes&hellip;&nbsp;<a href=\"https:\/\/ramonramon.org\/blog\/2009\/05\/08\/e-veranoorg-2009-sigue-creciendo\/\" rel=\"bookmark\">Leer m\u00e1s &raquo;<span class=\"screen-reader-text\">e-verano.org 2009 sigue creciendo<\/span><\/a><\/p>\n","protected":false},"author":2070,"featured_media":0,"comment_status":"open","ping_status":"open","sticky":false,"template":"","format":"standard","meta":{"neve_meta_sidebar":"","neve_meta_container":"","neve_meta_enable_content_width":"","neve_meta_content_width":0,"neve_meta_title_alignment":"","neve_meta_author_avatar":"","neve_post_elements_order":"","neve_meta_disable_header":"","neve_meta_disable_footer":"","neve_meta_disable_title":"","footnotes":""},"categories":[6,14,16],"tags":[304,836,855],"class_list":["post-1903","post","type-post","status-publish","format-standard","hentry","category-conocimientolibre","category-iniciativafocus","category-jornadas-software-libre","tag-e-verano","tag-e-verano-org","tag-e-verano-org-2009"],"aioseo_notices":[],"_links":{"self":[{"href":"https:\/\/ramonramon.org\/blog\/wp-json\/wp\/v2\/posts\/1903","targetHints":{"allow":["GET"]}}],"collection":[{"href":"https:\/\/ramonramon.org\/blog\/wp-json\/wp\/v2\/posts"}],"about":[{"href":"https:\/\/ramonramon.org\/blog\/wp-json\/wp\/v2\/types\/post"}],"author":[{"embeddable":true,"href":"https:\/\/ramonramon.org\/blog\/wp-json\/wp\/v2\/users\/2070"}],"replies":[{"embeddable":true,"href":"https:\/\/ramonramon.org\/blog\/wp-json\/wp\/v2\/comments?post=1903"}],"version-history":[{"count":0,"href":"https:\/\/ramonramon.org\/blog\/wp-json\/wp\/v2\/posts\/1903\/revisions"}],"wp:attachment":[{"href":"https:\/\/ramonramon.org\/blog\/wp-json\/wp\/v2\/media?parent=1903"}],"wp:term":[{"taxonomy":"category","embeddable":true,"href":"https:\/\/ramonramon.org\/blog\/wp-json\/wp\/v2\/categories?post=1903"},{"taxonomy":"post_tag","embeddable":true,"href":"https:\/\/ramonramon.org\/blog\/wp-json\/wp\/v2\/tags?post=1903"}],"curies":[{"name":"wp","href":"https:\/\/api.w.org\/{rel}","templated":true}]}}