{"id":18711,"date":"2014-09-20T12:52:36","date_gmt":"2014-09-20T10:52:36","guid":{"rendered":"https:\/\/www.ramonramon.org\/blog\/?p=18711"},"modified":"2020-03-22T15:06:12","modified_gmt":"2020-03-22T14:06:12","slug":"hoy-celebramos-internacionalmente-sfd-el-dia-de-la-libertad-del-software","status":"publish","type":"post","link":"https:\/\/ramonramon.org\/blog\/2014\/09\/20\/hoy-celebramos-internacionalmente-sfd-el-dia-de-la-libertad-del-software\/","title":{"rendered":"Hoy celebramos internacionalmente SFD, el d\u00eda de la libertad del software"},"content":{"rendered":"<h4 style=\"text-align: justify;\">Cada tercer\u00a0s\u00e1bado de septiembre se celebra el d\u00eda de la libertad de software o SFD, un d\u00eda para recordar que las tecnolog\u00edas libres son el futuro de nuestra Sociedad.<\/h4>\n<p style=\"text-align: justify;\">Desde hace 10 a\u00f1os, y desde hace unos pocos, <a href=\"http:\/\/es.wikipedia.org\/wiki\/D%C3%ADa_de_la_Libertad_de_Software\" target=\"_blank\" rel=\"noopener noreferrer\">el tercer s\u00e1bado del mes de septiembre<\/a><a href=\"http:\/\/es.wikipedia.org\/wiki\/D%C3%ADa_de_la_Libertad_de_Software\" target=\"_blank\" rel=\"noopener noreferrer\"><img loading=\"lazy\" decoding=\"async\" class=\"alignleft\" src=\"http:\/\/i0.wp.com\/ramonramon.org\/blog\/wp-content\/uploads\/2010\/09\/sfd.png?resize=225%2C300\" alt=\"Iniciativa Focus SFD\" width=\"144\" height=\"192\" \/><\/a> se celebra el Software Freedom Day, o lo que es lo mismo, el d\u00eda de la Libertad de Software, que adem\u00e1s, coincide con el <a href=\"https:\/\/www.ramonramon.org\/blog\/2010\/09\/18\/dia-internacional-de-software-libre-e-iniciativa-focus\/\" target=\"_blank\" rel=\"noopener noreferrer\">aniversario de la creaci\u00f3n de Inic\u00a1ativa Focus<\/a>, en esta ocasi\u00f3n, en su doceavo aniversario.<\/p>\n<p style=\"text-align: justify;\">Es un d\u00eda que de forma internacional se dedica a mostrar las ventajas de la <a href=\"https:\/\/www.ramonramon.org\/blog\/tag\/libertad-tecnologica\/\" target=\"_blank\" rel=\"noopener noreferrer\">libertad tecnol\u00f3gica<\/a>, a reivindicar la <a href=\"https:\/\/www.ramonramon.org\/blog\/?s=SOBERANIA+TECNOLOGICA\" target=\"_blank\" rel=\"noopener noreferrer\">soberan\u00eda tecnol\u00f3gica<\/a>, las bondades de compartir y crear conocimiento, las oportunidades que da a cualquier centro educativo formar en libertad, etc&#8230;. adem\u00e1s de mostrar las ventajas que aporta el software libre para las empresas, los gobiernos, las personas, etc. En este sentido, no viene mal recordar que <a title=\"Enlace a... El software libre no puede ser el objetivo\" href=\"https:\/\/www.ramonramon.org\/blog\/2014\/02\/18\/el-software-libre-puede-ser-el-objetivo\/\" rel=\"bookmark\">el software libre no puede ser el objetivo<\/a>\u00a0ya que en ocasiones se nos olvida cual debe ser nuestro fin.<\/p>\n<p style=\"text-align: justify;\">El a\u00f1o pasado, los amigos de PortalProgramas lanzaban una <a href=\"https:\/\/www.ramonramon.org\/blog\/2013\/09\/20\/y-si-liberamos-la-sociedad-feliz-dia-del-software-libre-y-bienvenido-un-mundo-mejor\/\" target=\"_blank\" rel=\"noopener noreferrer\">infograf\u00eda de c\u00f3mo ser\u00eda el mundo si \u00e9ste fuese liberado tecnol\u00f3gicamente<\/a>, y como terminaba el t\u00edtulo del post: <strong>Bienvenido a un mundo mejor.<\/strong><\/p>\n<p style=\"text-align: justify;\">L\u00e1stima que nuestros gobernantes sigan m\u00e1s preocupados de los que les dictan las transnacionales y las corporaciones tecnol\u00f3gicas que lo que ser\u00eda progreso y riqueza para la ciudadan\u00eda. \u00bfAlgunos de los \u00faltimos ejemplos? Los vividos en Costa Rica o Chile:<\/p>\n<ul>\n<li class=\"entry-title\">\n<h4><a title=\"Enlace a... \u00bfQui\u00e9n gobierna en Chile, sus representantes elegidos democraticamente o las transnacionales?\" href=\"https:\/\/www.ramonramon.org\/blog\/2014\/08\/25\/quien-gobierna-en-chile-sus-representantes-elegidos-democraticamente-o-las-transnacionales\/\" rel=\"bookmark\">\u00bfQui\u00e9n gobierna en Chile, sus representantes elegidos democraticamente o las transnacionales?<\/a><\/h4>\n<\/li>\n<li class=\"entry-title\">\n<h4><a title=\"Enlace a... El nuevo gobierno de Costa Rica renuncia a su libertad y promesas de cambio\" href=\"https:\/\/www.ramonramon.org\/blog\/2014\/07\/10\/mentiras-y-abandono-del-nuevo-gobierno-de-costa-rica\/\" rel=\"bookmark\">El nuevo gobierno de Costa Rica renuncia a su libertad y promesas de cambio<\/a><\/h4>\n<\/li>\n<\/ul>\n<p style=\"text-align: justify;\">A\u00fan est\u00e1s a tiempo de asistir a uno de los <a href=\"http:\/\/www.softwarefreedomday.org\/map\/index.php?year=2014\" target=\"_blank\" rel=\"noopener noreferrer\">m\u00e1s de 200 eventos que se celebran por todos los pa\u00edses del planeta<\/a>, como el que organiza los compa\u00f1eros de <a href=\"http:\/\/wiki.softwarefreedomday.org\/2014\/Spain\/Granada\/Gcubo\" target=\"_blank\" rel=\"noopener noreferrer\">Gcubo en Granada<\/a>. \u00a0Tambi\u00e9n puedes seguir las actividades en las redes, como por ejemplo en <a href=\"https:\/\/twitter.com\/search?q=sfd&amp;src=typd\" target=\"_blank\" rel=\"noopener noreferrer\">twitter, con el hashtag SFD<\/a>.<\/p>\n<p style=\"text-align: justify;\">Aprovecho para cerrar con el <a href=\"https:\/\/twitter.com\/lourdesmunoz\/status\/513228688251695104\" target=\"_blank\" rel=\"noopener noreferrer\">tuit de mi amiga Lourdes Mu\u00f1oz<\/a>:<\/p>\n<blockquote>\n<p class=\"js-tweet-text tweet-text\">feliz! <a class=\"twitter-hashtag pretty-link js-nav\" dir=\"ltr\" href=\"https:\/\/twitter.com\/hashtag\/SFD?src=hash\" data-query-source=\"hashtag_click\"><s>#<\/s><b>SFD<\/b><\/a> Free Software Day recordemos que las tecnologias libres son b\u00e1sicas para nuestras lbertades en la sociedad red<\/p>\n<\/blockquote>\n","protected":false},"excerpt":{"rendered":"<p>Cada tercer\u00a0s\u00e1bado de septiembre se celebra el d\u00eda de la libertad de software o SFD, un d\u00eda para recordar que las tecnolog\u00edas libres son el futuro de nuestra Sociedad. Desde hace 10 a\u00f1os, y desde hace unos pocos, el tercer s\u00e1bado del mes de septiembre se celebra el Software Freedom Day, o lo que es&hellip;&nbsp;<a href=\"https:\/\/ramonramon.org\/blog\/2014\/09\/20\/hoy-celebramos-internacionalmente-sfd-el-dia-de-la-libertad-del-software\/\" rel=\"bookmark\">Leer m\u00e1s &raquo;<span class=\"screen-reader-text\">Hoy celebramos internacionalmente SFD, el d\u00eda de la libertad del software<\/span><\/a><\/p>\n","protected":false},"author":2070,"featured_media":0,"comment_status":"open","ping_status":"open","sticky":false,"template":"","format":"standard","meta":{"neve_meta_sidebar":"","neve_meta_container":"","neve_meta_enable_content_width":"","neve_meta_content_width":0,"neve_meta_title_alignment":"","neve_meta_author_avatar":"","neve_post_elements_order":"","neve_meta_disable_header":"","neve_meta_disable_footer":"","neve_meta_disable_title":"","footnotes":""},"categories":[18,27],"tags":[2003],"class_list":["post-18711","post","type-post","status-publish","format-standard","hentry","category-libertad-tecnologica","category-software-libre","tag-software-libre"],"aioseo_notices":[],"_links":{"self":[{"href":"https:\/\/ramonramon.org\/blog\/wp-json\/wp\/v2\/posts\/18711","targetHints":{"allow":["GET"]}}],"collection":[{"href":"https:\/\/ramonramon.org\/blog\/wp-json\/wp\/v2\/posts"}],"about":[{"href":"https:\/\/ramonramon.org\/blog\/wp-json\/wp\/v2\/types\/post"}],"author":[{"embeddable":true,"href":"https:\/\/ramonramon.org\/blog\/wp-json\/wp\/v2\/users\/2070"}],"replies":[{"embeddable":true,"href":"https:\/\/ramonramon.org\/blog\/wp-json\/wp\/v2\/comments?post=18711"}],"version-history":[{"count":0,"href":"https:\/\/ramonramon.org\/blog\/wp-json\/wp\/v2\/posts\/18711\/revisions"}],"wp:attachment":[{"href":"https:\/\/ramonramon.org\/blog\/wp-json\/wp\/v2\/media?parent=18711"}],"wp:term":[{"taxonomy":"category","embeddable":true,"href":"https:\/\/ramonramon.org\/blog\/wp-json\/wp\/v2\/categories?post=18711"},{"taxonomy":"post_tag","embeddable":true,"href":"https:\/\/ramonramon.org\/blog\/wp-json\/wp\/v2\/tags?post=18711"}],"curies":[{"name":"wp","href":"https:\/\/api.w.org\/{rel}","templated":true}]}}